{"id":238,"date":"2022-02-22T22:27:44","date_gmt":"2022-02-23T01:27:44","guid":{"rendered":"http:\/\/circuitosalta.com.ar\/?p=238"},"modified":"2022-02-22T22:30:21","modified_gmt":"2022-02-23T01:30:21","slug":"la-chaya-rosarina-se-destaca-en-el-fin-de-semana-de-carnaval","status":"publish","type":"post","link":"https:\/\/circuitosalta.com.ar\/?p=238","title":{"rendered":"La Chaya Rosarina se destaca en el fin de semana de Carnaval"},"content":{"rendered":"\n<h4 class=\"has-luminous-vivid-orange-color has-text-color wp-block-heading\" id=\"con-una-cartelera-de-primer-nivel-el-festival-emblema-del-sur-de-la-provincia-de-salta-forma-parte-del-calendario-de-verano-diagramado-entre-el-ministerio-de-turismo-y-municipios\">Con una cartelera de primer nivel, el festival emblema del sur de la provincia de Salta, forma parte del Calendario de Verano diagramado entre el Ministerio de Turismo y municipios.<\/h4>\n\n\n\n<p>Este martes se realiz\u00f3 la presentaci\u00f3n oficial del&nbsp;<strong>Festival<\/strong>&nbsp;de la&nbsp;<strong>Chaya<\/strong>&nbsp;<strong>Rosarina<\/strong>&nbsp;que se llevar\u00e1 adelante el pr\u00f3ximo 27 y 28 de febrero en el Complejo Municipal de&nbsp;<strong>Rosario<\/strong>&nbsp;<strong>de<\/strong>&nbsp;<strong>la<\/strong>&nbsp;<strong>Frontera<\/strong>.<\/p>\n\n\n\n<p>En las instalaciones de la Usina Cultural, con la presencia de artistas y periodistas, el intendente de la Municipalidad de Rosario de la Frontera, Gustavo Sol\u00eds, encabez\u00f3 el lanzamiento de la 6\u00ba edici\u00f3n del festival, que se posiciona como el m\u00e1s importante del sur de la provincia de Salta.<\/p>\n\n\n\n<p>\u201cEste festival se hace no s\u00f3lo con una mirada cultural, sino tambi\u00e9n desde el punto de vista de la promoci\u00f3n regional, de la actividad tur\u00edstica y la econ\u00f3mica; porque esto genera much\u00edsima actividad secundaria, no s\u00f3lo en Rosario de la Frontera, sino en zonas aleda\u00f1as. Promovemos la integraci\u00f3n regional a trav\u00e9s de la cultura, de la actividad art\u00edstica y de la apertura de la econom\u00eda. Ese es uno de los soportes por los cuales realizamos esta Chaya Rosarina\u201d, afirm\u00f3 el intendente Gustavo Sol\u00eds.<\/p>\n\n\n\n<p>\u201cQueremos ser uno de los lugares m\u00e1s visitados y m\u00e1s desarrollados en materia tur\u00edstica. Trabajando de forma coordinada con Provincia, Naci\u00f3n y con el resto de los municipios, vamos a lograr posicionarnos en est\u00e1ndares que nos permitan ser una municipalidad bien administrada, con una mirada de desarrollo para un mejor futuro para todos\u201d cerr\u00f3 Sol\u00eds.<\/p>\n\n\n\n<p>A su turno el director de Cultura de la Municipalidad de Rosario de la Frontera, Juan Giardina ponder\u00f3 la presencia de un semillero de artistas locales y emergentes que representan el 80% de la cartelera. &nbsp;&nbsp;\u201cSomos una comunidad muy agradable para recibir a los turistas, tenemos hoteler\u00eda colmada y estamos trabajando para abrir espacios verdes para carpas y motor home, este festival est\u00e1 trascendiendo los l\u00edmites de la provincia\u201d, celebr\u00f3 Giardina.<\/p>\n\n\n\n<div class=\"wp-block-image\"><figure class=\"alignleft size-large is-resized\"><img fetchpriority=\"high\" decoding=\"async\" src=\"https:\/\/www.salta.gob.ar\/public\/images\/noticias\/contenidos\/2114-la-chaya-rosarina-se-destaca-en-el-fin-de-semana-de-carnaval.JPG\" alt=\"\" width=\"371\" height=\"247\"\/><\/figure><\/div>\n\n\n\n<p>La directora de Desarrollo de Destinos del Ministerio de Turismo y Deportes, Soledad Issa, resalt\u00f3 el trabajo en conjunto con Rosario de la Frontera en materia tur\u00edstica y&nbsp;destac\u00f3 el crecimiento de La Chaya Rosarina que forma parte del Calendario de Verano presentado en diciembre pasado.<\/p>\n\n\n\n<p>Finalmente los y las artistas Nancy Grissel, Federico Maldonado de Ahyre, Iv\u00e1n Chiquello \u201cLalo\u201d representante de Chirettes, Nico Ca\u00fa, Christian Herrera de Christian Herrera y Matacos, Jos\u00e9 R\u00edos de El Clan y Ra\u00fal Romano representante del grupo Cauces, celebraron la realizaci\u00f3n de la Chaya Rosarina, destacaron la gran presencia femenina, &nbsp;de artistas locales en la cartelera y agradecieron los esfuerzos de la Municipalidad de Rosario de la Frontera y de su titular, en la realizaci\u00f3n.<\/p>\n\n\n\n<p>Acompa\u00f1aron el lanzamiento el&nbsp;subsecretario de Gesti\u00f3n Cultural de la Secretar\u00eda de Cultura de la Provincia de Salta, Miguel Dallacamin\u00e1, el senador provincial, Javier M\u00f3nico y el diputado provincial por el departamento de Rosario de la Frontera, Pablo G\u00f3mez.&nbsp;&nbsp;<\/p>\n\n\n\n<p>Fuente:&nbsp;<strong><a href=\"https:\/\/www.salta.gob.ar\/prensa\/noticias\/la-chaya-rosarina-se-destaca-en-el-fin-de-semana-de-carnaval-80800\" target=\"_blank\" rel=\"noreferrer noopener\" title=\"Secretaria de Prensa y Comunicaci\u00f3n\">Secretaria de Prensa y Comunicaci\u00f3n<\/a><\/strong><\/p>\n","protected":false},"excerpt":{"rendered":"<p>Con una cartelera de primer nivel, el festival emblema del sur de la provincia de Salta, forma parte del Calendario de Verano diagramado entre el Ministerio de Turismo y municipios. Este martes se realiz\u00f3 la presentaci\u00f3n oficial del&nbsp;Festival&nbsp;de la&nbsp;Chaya&nbsp;Rosarina&nbsp;que se llevar\u00e1 adelante el pr\u00f3ximo 27 y 28 de febrero en el Complejo Municipal de&nbsp;Rosario&nbsp;de&nbsp;la&nbsp;Frontera. En [&hellip;]<\/p>\n","protected":false},"author":2,"featured_media":242,"comment_status":"open","ping_status":"open","sticky":false,"template":"","format":"standard","meta":{"tdm_status":"","tdm_grid_status":"","footnotes":""},"categories":[13],"tags":[],"class_list":{"0":"post-238","1":"post","2":"type-post","3":"status-publish","4":"format-standard","5":"has-post-thumbnail","7":"category-festivales"},"_links":{"self":[{"href":"https:\/\/circuitosalta.com.ar\/index.php?rest_route=\/wp\/v2\/posts\/238"}],"collection":[{"href":"https:\/\/circuitosalta.com.ar\/index.php?rest_route=\/wp\/v2\/posts"}],"about":[{"href":"https:\/\/circuitosalta.com.ar\/index.php?rest_route=\/wp\/v2\/types\/post"}],"author":[{"embeddable":true,"href":"https:\/\/circuitosalta.com.ar\/index.php?rest_route=\/wp\/v2\/users\/2"}],"replies":[{"embeddable":true,"href":"https:\/\/circuitosalta.com.ar\/index.php?rest_route=%2Fwp%2Fv2%2Fcomments&post=238"}],"version-history":[{"count":3,"href":"https:\/\/circuitosalta.com.ar\/index.php?rest_route=\/wp\/v2\/posts\/238\/revisions"}],"predecessor-version":[{"id":245,"href":"https:\/\/circuitosalta.com.ar\/index.php?rest_route=\/wp\/v2\/posts\/238\/revisions\/245"}],"wp:featuredmedia":[{"embeddable":true,"href":"https:\/\/circuitosalta.com.ar\/index.php?rest_route=\/wp\/v2\/media\/242"}],"wp:attachment":[{"href":"https:\/\/circuitosalta.com.ar\/index.php?rest_route=%2Fwp%2Fv2%2Fmedia&parent=238"}],"wp:term":[{"taxonomy":"category","embeddable":true,"href":"https:\/\/circuitosalta.com.ar\/index.php?rest_route=%2Fwp%2Fv2%2Fcategories&post=238"},{"taxonomy":"post_tag","embeddable":true,"href":"https:\/\/circuitosalta.com.ar\/index.php?rest_route=%2Fwp%2Fv2%2Ftags&post=238"}],"curies":[{"name":"wp","href":"https:\/\/api.w.org\/{rel}","templated":true}]}}