{"id":247,"date":"2022-02-22T22:34:49","date_gmt":"2022-02-23T01:34:49","guid":{"rendered":"http:\/\/circuitosalta.com.ar\/?p=247"},"modified":"2022-02-22T22:34:50","modified_gmt":"2022-02-23T01:34:50","slug":"municipios-de-la-puna-presentaran-la-edicion-2022-del-carnaval-andino","status":"publish","type":"post","link":"https:\/\/circuitosalta.com.ar\/?p=247","title":{"rendered":"<a href=\"https:\/\/www.salta.gob.ar\/prensa\/noticias\/municipios-de-la-puna-presentaran-la-edicion-2022-del-carnaval-andino-80791\">Municipios de la puna presentar\u00e1n la Edici\u00f3n 2022 del Carnaval Andino<\/a>"},"content":{"rendered":"\n<h4 class=\"has-vivid-green-cyan-color has-text-color wp-block-heading\" id=\"la-edicion-2022-del-carnaval-andino-y-el-24\u00ba-encuentro-de-integracion-cultural-provincial-se-presentara-manana-a-las-9-en-el-museo-de-alta-montana-maam-mitre-83\">La Edici\u00f3n 2022 del Carnaval Andino y el 24\u00ba Encuentro de Integraci\u00f3n Cultural Provincial se presentar\u00e1 ma\u00f1ana a las 9, en el Museo de Alta Monta\u00f1a (MAAM), Mitre 83<\/h4>\n\n\n\n<p>Autoridades del Ministerio de Turismo y Deportes, de la Comunidad Collas Unidos, de las municipalidades de San Antonio de los Cobres y de Tolar Grande presentar\u00e1n ma\u00f1ana, mi\u00e9rcoles 23 de febrero, a las 9 la Edici\u00f3n 2022 del Carnaval Andino y el 24\u00ba Encuentro de Integraci\u00f3n Cultural Provincial.<\/p>\n\n\n\n<p>La actividad se realizar\u00e1 en el Museo de Alta Monta\u00f1a (MAAM), Mitre 83.<\/p>\n\n\n\n<p>Estos encuentros promueven el intercambio cultural de costumbres y tradiciones y el desarrollo de tur\u00edstico de la puna; coplas, gastronom\u00eda de la zona y bailes son algunas de las propuestas para disfrutar.<\/p>\n\n\n\n<p>Fuente:<a href=\"https:\/\/www.salta.gob.ar\/prensa\/noticias\/municipios-de-la-puna-presentaran-la-edicion-2022-del-carnaval-andino-80791\" target=\"_blank\" rel=\"noreferrer noopener\" title=\"\u00a0Secretar\u00eda de Prensa y Comunicaci\u00f3n\">\u00a0<strong>Secretar\u00eda de Prensa y Comunicaci\u00f3n<\/strong><\/a><\/p>\n","protected":false},"excerpt":{"rendered":"<p>La Edici\u00f3n 2022 del Carnaval Andino y el 24\u00ba Encuentro de Integraci\u00f3n Cultural Provincial se presentar\u00e1 ma\u00f1ana a las 9, en el Museo de Alta Monta\u00f1a (MAAM), Mitre 83 Autoridades del Ministerio de Turismo y Deportes, de la Comunidad Collas Unidos, de las municipalidades de San Antonio de los Cobres y de Tolar Grande presentar\u00e1n [&hellip;]<\/p>\n","protected":false},"author":2,"featured_media":248,"comment_status":"open","ping_status":"open","sticky":false,"template":"","format":"standard","meta":{"tdm_status":"","tdm_grid_status":"","footnotes":""},"categories":[26],"tags":[],"class_list":{"0":"post-247","1":"post","2":"type-post","3":"status-publish","4":"format-standard","5":"has-post-thumbnail","7":"category-culturales"},"_links":{"self":[{"href":"https:\/\/circuitosalta.com.ar\/index.php?rest_route=\/wp\/v2\/posts\/247"}],"collection":[{"href":"https:\/\/circuitosalta.com.ar\/index.php?rest_route=\/wp\/v2\/posts"}],"about":[{"href":"https:\/\/circuitosalta.com.ar\/index.php?rest_route=\/wp\/v2\/types\/post"}],"author":[{"embeddable":true,"href":"https:\/\/circuitosalta.com.ar\/index.php?rest_route=\/wp\/v2\/users\/2"}],"replies":[{"embeddable":true,"href":"https:\/\/circuitosalta.com.ar\/index.php?rest_route=%2Fwp%2Fv2%2Fcomments&post=247"}],"version-history":[{"count":1,"href":"https:\/\/circuitosalta.com.ar\/index.php?rest_route=\/wp\/v2\/posts\/247\/revisions"}],"predecessor-version":[{"id":249,"href":"https:\/\/circuitosalta.com.ar\/index.php?rest_route=\/wp\/v2\/posts\/247\/revisions\/249"}],"wp:featuredmedia":[{"embeddable":true,"href":"https:\/\/circuitosalta.com.ar\/index.php?rest_route=\/wp\/v2\/media\/248"}],"wp:attachment":[{"href":"https:\/\/circuitosalta.com.ar\/index.php?rest_route=%2Fwp%2Fv2%2Fmedia&parent=247"}],"wp:term":[{"taxonomy":"category","embeddable":true,"href":"https:\/\/circuitosalta.com.ar\/index.php?rest_route=%2Fwp%2Fv2%2Fcategories&post=247"},{"taxonomy":"post_tag","embeddable":true,"href":"https:\/\/circuitosalta.com.ar\/index.php?rest_route=%2Fwp%2Fv2%2Ftags&post=247"}],"curies":[{"name":"wp","href":"https:\/\/api.w.org\/{rel}","templated":true}]}}